{"id":1387,"date":"2013-02-22T23:00:34","date_gmt":"2013-02-22T22:00:34","guid":{"rendered":"http:\/\/www.ffw-berg.de\/wordpress\/?p=1387"},"modified":"2014-03-25T11:43:11","modified_gmt":"2014-03-25T10:43:11","slug":"ehrungen-2013","status":"publish","type":"post","link":"https:\/\/www.ffw-berg.de\/wordpress\/ehrungen-2013\/","title":{"rendered":"JHV 2013 &#8211; Ehrungen und Bef\u00f6rderungen"},"content":{"rendered":"<h4><span style=\"color: #ff0000;\">Ehrungen und Bef\u00f6rderungen &#8211; Aktive Wehr<\/span><\/h4>\n<figure id=\"attachment_1390\" aria-describedby=\"caption-attachment-1390\" style=\"width: 640px\" class=\"wp-caption aligncenter\"><img loading=\"lazy\" decoding=\"async\" class=\"size-full wp-image-1390\" title=\"Ehrungen und Bef\u00f6rderungen 2013\" alt=\"ehrungen_2013_2\" src=\"http:\/\/www.ffw-berg.de\/wordpress\/wp-content\/uploads\/2014\/03\/ehrungen_2013_2.jpg\" width=\"640\" height=\"381\" srcset=\"https:\/\/www.ffw-berg.de\/wordpress\/wp-content\/uploads\/2014\/03\/ehrungen_2013_2.jpg 640w, https:\/\/www.ffw-berg.de\/wordpress\/wp-content\/uploads\/2014\/03\/ehrungen_2013_2-120x71.jpg 120w, https:\/\/www.ffw-berg.de\/wordpress\/wp-content\/uploads\/2014\/03\/ehrungen_2013_2-300x179.jpg 300w, https:\/\/www.ffw-berg.de\/wordpress\/wp-content\/uploads\/2014\/03\/ehrungen_2013_2-530x315.jpg 530w\" sizes=\"auto, (max-width: 640px) 100vw, 640px\" \/><figcaption id=\"caption-attachment-1390\" class=\"wp-caption-text\">Von links: B\u00fcrgermeister Peter R\u00f6del, 1. Kommandant Gunther Schaller<br \/>Florian Hofmann (\u00dcbertritt zur aktiven Wehr, Bef\u00f6rderung zum Feuerwehrmann<br \/>Thomas Steinh\u00e4u\u00dfer, Bef\u00f6rderung zum Hauptfeuerwehrmann, Ehrung f\u00fcr 20 Jahre Feuerwehrdienst<br \/>Carolin Lanitz, Ehrung f\u00fcr 10 Jahre Feuerwehrdienst<br \/>Maximillian Schaller, \u00dcbertritt zur aktiven Wehr und Bef\u00f6rderung zum Feuerwehrmann<br \/>Patrick Krause, Bef\u00f6rderung zum Oberfeuerwehrmann<br \/>Gerhard Br\u00fchschwein, Bef\u00f6rderung zum Hauptfeuerwehrmann<br \/>Heiko R\u00f6del, Ehrung f\u00fcr 20 Jahre Feuerwehrdienst<br \/>Vorstand Dieter Narr<\/figcaption><\/figure>\n","protected":false},"excerpt":{"rendered":"<div class=\"mh-excerpt\">Ehrungen und Bef\u00f6rderungen &#8211; Aktive Wehr<\/div>\n","protected":false},"author":2,"featured_media":1390,"comment_status":"closed","ping_status":"open","sticky":false,"template":"","format":"standard","meta":{"footnotes":""},"categories":[47,46],"tags":[],"class_list":{"0":"post-1387","1":"post","2":"type-post","3":"status-publish","4":"format-standard","5":"has-post-thumbnail","7":"category-ehrungen","8":"category-wir-ueber-uns"},"_links":{"self":[{"href":"https:\/\/www.ffw-berg.de\/wordpress\/wp-json\/wp\/v2\/posts\/1387","targetHints":{"allow":["GET"]}}],"collection":[{"href":"https:\/\/www.ffw-berg.de\/wordpress\/wp-json\/wp\/v2\/posts"}],"about":[{"href":"https:\/\/www.ffw-berg.de\/wordpress\/wp-json\/wp\/v2\/types\/post"}],"author":[{"embeddable":true,"href":"https:\/\/www.ffw-berg.de\/wordpress\/wp-json\/wp\/v2\/users\/2"}],"replies":[{"embeddable":true,"href":"https:\/\/www.ffw-berg.de\/wordpress\/wp-json\/wp\/v2\/comments?post=1387"}],"version-history":[{"count":0,"href":"https:\/\/www.ffw-berg.de\/wordpress\/wp-json\/wp\/v2\/posts\/1387\/revisions"}],"wp:featuredmedia":[{"embeddable":true,"href":"https:\/\/www.ffw-berg.de\/wordpress\/wp-json\/wp\/v2\/media\/1390"}],"wp:attachment":[{"href":"https:\/\/www.ffw-berg.de\/wordpress\/wp-json\/wp\/v2\/media?parent=1387"}],"wp:term":[{"taxonomy":"category","embeddable":true,"href":"https:\/\/www.ffw-berg.de\/wordpress\/wp-json\/wp\/v2\/categories?post=1387"},{"taxonomy":"post_tag","embeddable":true,"href":"https:\/\/www.ffw-berg.de\/wordpress\/wp-json\/wp\/v2\/tags?post=1387"}],"curies":[{"name":"wp","href":"https:\/\/api.w.org\/{rel}","templated":true}]}}