{"id":1610,"date":"2013-05-26T10:00:08","date_gmt":"2013-05-26T08:00:08","guid":{"rendered":"http:\/\/www.ffw-berg.de\/wordpress\/?page_id=1610"},"modified":"2018-12-28T13:48:07","modified_gmt":"2018-12-28T12:48:07","slug":"unser-hallenfest-2013","status":"publish","type":"post","link":"https:\/\/www.ffw-berg.de\/wordpress\/unser-hallenfest-2013\/","title":{"rendered":"Unser Hallenfest 2013"},"content":{"rendered":"\n<h3 class=\"wp-block-heading\">Hallenfest mit Champions-League-Flair <span style=\"color: #800000; font-family: arial, helvetica, sans-serif;\"><\/span><\/h3>\n\n\n\n<div class=\"wp-block-image wp-image-1612\"><figure class=\"alignright\"><img loading=\"lazy\" decoding=\"async\" width=\"300\" height=\"225\" src=\"http:\/\/www.ffw-berg.de\/wordpress\/wp-content\/uploads\/2013\/05\/hallenfest2013-010-300x225.jpg\" alt=\"hallenfest2013\" class=\"wp-image-1612\" srcset=\"https:\/\/www.ffw-berg.de\/wordpress\/wp-content\/uploads\/2013\/05\/hallenfest2013-010-300x225.jpg 300w, https:\/\/www.ffw-berg.de\/wordpress\/wp-content\/uploads\/2013\/05\/hallenfest2013-010-120x90.jpg 120w, https:\/\/www.ffw-berg.de\/wordpress\/wp-content\/uploads\/2013\/05\/hallenfest2013-010-326x245.jpg 326w, https:\/\/www.ffw-berg.de\/wordpress\/wp-content\/uploads\/2013\/05\/hallenfest2013-010-80x60.jpg 80w, https:\/\/www.ffw-berg.de\/wordpress\/wp-content\/uploads\/2013\/05\/hallenfest2013-010-530x398.jpg 530w, https:\/\/www.ffw-berg.de\/wordpress\/wp-content\/uploads\/2013\/05\/hallenfest2013-010.jpg 640w\" sizes=\"auto, (max-width: 300px) 100vw, 300px\" \/><figcaption><span style=\"font-family: arial, helvetica, sans-serif; font-size: 12px;\">Live dabei beim Champions-League-Finale FCB vs. BVB<\/span><\/figcaption><\/figure><\/div>\n\n\n\n<p>Am 25.+26.05.13 feierte die FF Berg wieder ihr tradionelles Hallenfest im Ger\u00e4tehaus Berg. <span style=\"font-family: arial, helvetica, sans-serif; font-size: 14px;\"><\/span><\/p>\n\n\n\n<p>Nat\u00fcrlich war wieder reichlich f\u00fcr das leibliche Wohl gesorgt. Selbstverst\u00e4ndlich gab es auch unsere beliebten Schaschliks. <span style=\"font-family: arial, helvetica, sans-serif; font-size: 14px;\"><\/span><\/p>\n\n\n\n<p>Besonderes Hight-Light war in diesem Jahr das exklusive Puplic-Viewing des Champions-League-Finale zwischen dem FC Bayern M\u00fcnchen und Borussia Dortmund auf Gro\u00dfbildleinwand &#8211; LIVE!<span style=\"font-family: arial, helvetica, sans-serif; font-size: 14px;\"><\/span><\/p>\n\n\n\n<h4 class=\"wp-block-heading\" style=\"text-align:center\">Alle Bilder vom Fest in unserem Album bei <span style=\"color: #800000; font-family: arial, helvetica, sans-serif;\"><\/span><\/h4>\n\n\n\n<figure class=\"wp-block-embed is-type-rich is-provider-google-photos\"><div class=\"wp-block-embed__wrapper\">\n<blockquote class=\"embedly-card\" data-card-controls=\"0\" data-card-align=\"center\" data-card-theme=\"light\"><h4><a href=\"https:\/\/goo.gl\/photos\/DbKYbR932cHjbC9b7\">No Title<\/a><\/h4><p>No Description<\/p><\/blockquote><script async src=\"\/\/cdn.embedly.com\/widgets\/platform.js\" charset=\"UTF-8\"><\/script>\n<\/div><\/figure>\n","protected":false},"excerpt":{"rendered":"<div class=\"mh-excerpt\">Hallenfest mit Champions-League-Flair<\/p>\n<p>Am 25.+26.05.13 feierte die FF Berg wieder ihr tradionelles Hallenfest im Ger\u00e4tehaus Berg.<\/p>\n<p>Besonderes Hight-Light war in diesem Jahr das exklusive Puplic-Viewing des Champions-League-Finale zwischen dem FC Bayern M\u00fcnchen und Borussia Dortmund<\/p><\/div>\n<p> <a class=\"mh-excerpt-more\" href=\"https:\/\/www.ffw-berg.de\/wordpress\/unser-hallenfest-2013\/\" title=\"Unser Hallenfest 2013\">[  Mehr &gt;&gt; ]<\/a><\/p>\n","protected":false},"author":2,"featured_media":1612,"comment_status":"closed","ping_status":"open","sticky":false,"template":"","format":"standard","meta":{"footnotes":""},"categories":[20],"tags":[],"class_list":{"0":"post-1610","1":"post","2":"type-post","3":"status-publish","4":"format-standard","5":"has-post-thumbnail","7":"category-hallenfest"},"_links":{"self":[{"href":"https:\/\/www.ffw-berg.de\/wordpress\/wp-json\/wp\/v2\/posts\/1610","targetHints":{"allow":["GET"]}}],"collection":[{"href":"https:\/\/www.ffw-berg.de\/wordpress\/wp-json\/wp\/v2\/posts"}],"about":[{"href":"https:\/\/www.ffw-berg.de\/wordpress\/wp-json\/wp\/v2\/types\/post"}],"author":[{"embeddable":true,"href":"https:\/\/www.ffw-berg.de\/wordpress\/wp-json\/wp\/v2\/users\/2"}],"replies":[{"embeddable":true,"href":"https:\/\/www.ffw-berg.de\/wordpress\/wp-json\/wp\/v2\/comments?post=1610"}],"version-history":[{"count":0,"href":"https:\/\/www.ffw-berg.de\/wordpress\/wp-json\/wp\/v2\/posts\/1610\/revisions"}],"wp:featuredmedia":[{"embeddable":true,"href":"https:\/\/www.ffw-berg.de\/wordpress\/wp-json\/wp\/v2\/media\/1612"}],"wp:attachment":[{"href":"https:\/\/www.ffw-berg.de\/wordpress\/wp-json\/wp\/v2\/media?parent=1610"}],"wp:term":[{"taxonomy":"category","embeddable":true,"href":"https:\/\/www.ffw-berg.de\/wordpress\/wp-json\/wp\/v2\/categories?post=1610"},{"taxonomy":"post_tag","embeddable":true,"href":"https:\/\/www.ffw-berg.de\/wordpress\/wp-json\/wp\/v2\/tags?post=1610"}],"curies":[{"name":"wp","href":"https:\/\/api.w.org\/{rel}","templated":true}]}}