{"id":206857,"date":"2014-12-20T08:47:15","date_gmt":"2014-12-20T07:47:15","guid":{"rendered":"http:\/\/www.ffw-berg.de\/wordpress\/?page_id=206857"},"modified":"2018-12-20T22:13:04","modified_gmt":"2018-12-20T21:13:04","slug":"weihnachtsausflug-2014-nach-guteneck-bei-nabburg","status":"publish","type":"post","link":"https:\/\/www.ffw-berg.de\/wordpress\/weihnachtsausflug-2014-nach-guteneck-bei-nabburg\/","title":{"rendered":"Weihnachtsausflug 2014 nach Guteneck bei Nabburg"},"content":{"rendered":"\n<h2 class=\"wp-block-heading\">Schloss Guteneck l\u00e4dt zum mittelalterlichen Weihnachtsmarkt<br \/><\/h2>\n\n\n\n<div class=\"wp-block-image\"><figure class=\"alignright\"><a href=\"https:\/\/www.ffw-berg.de\/wordpress\/wp-content\/uploads\/2017\/12\/FF-Berg-Weihnachtsausflug-2014-\u2013-6344.jpg\"><img loading=\"lazy\" decoding=\"async\" width=\"300\" height=\"225\" src=\"http:\/\/www.ffw-berg.de\/wordpress\/wp-content\/uploads\/2017\/12\/FF-Berg-Weihnachtsausflug-2014-\u2013-6344-300x225.jpg\" alt=\"F Berg Weihnachtsausflug 2014 \u2013 6344\" class=\"wp-image-211562\" srcset=\"https:\/\/www.ffw-berg.de\/wordpress\/wp-content\/uploads\/2017\/12\/FF-Berg-Weihnachtsausflug-2014-\u2013-6344-300x225.jpg 300w, https:\/\/www.ffw-berg.de\/wordpress\/wp-content\/uploads\/2017\/12\/FF-Berg-Weihnachtsausflug-2014-\u2013-6344-120x90.jpg 120w, https:\/\/www.ffw-berg.de\/wordpress\/wp-content\/uploads\/2017\/12\/FF-Berg-Weihnachtsausflug-2014-\u2013-6344-326x245.jpg 326w, https:\/\/www.ffw-berg.de\/wordpress\/wp-content\/uploads\/2017\/12\/FF-Berg-Weihnachtsausflug-2014-\u2013-6344-80x60.jpg 80w, https:\/\/www.ffw-berg.de\/wordpress\/wp-content\/uploads\/2017\/12\/FF-Berg-Weihnachtsausflug-2014-\u2013-6344.jpg 640w\" sizes=\"auto, (max-width: 300px) 100vw, 300px\" \/><\/a><figcaption><a href=\"http:\/\/www.ffw-berg.de\/wordpress\/wp-content\/uploads\/2017\/12\/FF-Berg-Weihnachtsausflug-2014-\u2013-6344.jpg\"><\/a> Abendliche Weihnachtsstimmung kehrt ein, <br \/>leider ohne Schnee.<\/figcaption><\/figure><\/div>\n\n\n\n<p>Unser diesj\u00e4hriger Weihnachtsausflug f\u00fchrte uns nach Guteneck bei Nabburg. ein unscheinbares \u00d6rtchen, das aber mit seinem Schloss und dem verbundenen mittelalterlichen Weihnachtsmarkt ein Geheimtipp unter den Weihnachtsm\u00e4rkten, die in oder an einem Schloss oder einer Burg stattfinden.<br \/><\/p>\n\n\n\n<p>Zun\u00e4chst fuhren wir nach Waldsassen zur Lebkuchenmanufaktur Rosner. Unsere obligatorische Brotzeitausn machten wir bei einem Zwischenstopp in Armberg. Anschlie\u00dfend ging weiter zur Manufaktur Rosner, einem traditionellen Familienbetrieb, im dem noch alles per Hand hergestellt wird. Trotzdem gehen fast 90% der Herstellung in den Versand. Bekannt wurde die Manufaktur durch eine Bemerkung der F\u00fcrstin Gloria von Thurn und Taxis in einem Fernsehinterview, dass aus Waldsassen die besten Lebkuchen kommen. Und noch heute bezieht die F\u00fcrstin jedes Jahr eine Lieferung von Rosner. Im Showroom des Betriebes gab es reichlich Probeh\u00e4ppchen mit Kaffee und Tee. Ausf\u00fchrlich wurde von einer Mitarbeiterin die Geschichte und der Herstellungsprozess erl\u00e4utert. Danach nutzten wir reichlich die Gelegenheit im firmeneigenen Shop die Leckereien k\u00e4uflich zu erwerben.<br \/><\/p>\n\n\n\n<p>Anschlie\u00dfend bot sich noch die Gelegenheit in Waldsassen den Ortskern zu Fu\u00df zu erkunden und nat\u00fcrlich auch einen Blick in die bekannte Stiftbasilika zu werfen, bevor wir nach Schlo\u00df Guteneck weiterfuhren.<br \/><\/p>\n\n\n\n<ul class=\"wp-block-gallery columns-3 is-cropped wp-block-gallery-1 is-layout-flex wp-block-gallery-is-layout-flex\"><li class=\"blocks-gallery-item\"><figure><a href=\"https:\/\/www.ffw-berg.de\/wordpress\/wp-content\/uploads\/2014\/12\/FF_Berg_Weihnachtsausflug_2014_6284-530x398.jpg\"><img loading=\"lazy\" decoding=\"async\" width=\"530\" height=\"398\" src=\"https:\/\/www.ffw-berg.de\/wordpress\/wp-content\/uploads\/2014\/12\/FF_Berg_Weihnachtsausflug_2014_6284-530x398.jpg\" alt=\"\" data-id=\"206907\" data-link=\"https:\/\/www.ffw-berg.de\/wordpress\/weihnachtsausflug-2014-nach-guteneck-bei-nabburg\/ff_berg_weihnachtsausflug_2014_6284\/\" class=\"wp-image-206907\" srcset=\"https:\/\/www.ffw-berg.de\/wordpress\/wp-content\/uploads\/2014\/12\/FF_Berg_Weihnachtsausflug_2014_6284-530x398.jpg 530w, https:\/\/www.ffw-berg.de\/wordpress\/wp-content\/uploads\/2014\/12\/FF_Berg_Weihnachtsausflug_2014_6284-120x90.jpg 120w, https:\/\/www.ffw-berg.de\/wordpress\/wp-content\/uploads\/2014\/12\/FF_Berg_Weihnachtsausflug_2014_6284-326x245.jpg 326w, https:\/\/www.ffw-berg.de\/wordpress\/wp-content\/uploads\/2014\/12\/FF_Berg_Weihnachtsausflug_2014_6284-80x60.jpg 80w, https:\/\/www.ffw-berg.de\/wordpress\/wp-content\/uploads\/2014\/12\/FF_Berg_Weihnachtsausflug_2014_6284-300x225.jpg 300w, https:\/\/www.ffw-berg.de\/wordpress\/wp-content\/uploads\/2014\/12\/FF_Berg_Weihnachtsausflug_2014_6284.jpg 640w\" sizes=\"auto, (max-width: 530px) 100vw, 530px\" \/><\/a><figcaption>Stiftsbasilika Waldsassen<\/figcaption><\/figure><\/li><li class=\"blocks-gallery-item\"><figure><a href=\"https:\/\/www.ffw-berg.de\/wordpress\/wp-content\/uploads\/2014\/12\/FF_Berg_Weihnachtsausflug_2014_6282-530x398.jpg\"><img loading=\"lazy\" decoding=\"async\" width=\"530\" height=\"398\" src=\"https:\/\/www.ffw-berg.de\/wordpress\/wp-content\/uploads\/2014\/12\/FF_Berg_Weihnachtsausflug_2014_6282-530x398.jpg\" alt=\"\" data-id=\"206906\" data-link=\"https:\/\/www.ffw-berg.de\/wordpress\/weihnachtsausflug-2014-nach-guteneck-bei-nabburg\/ff_berg_weihnachtsausflug_2014_6282\/\" class=\"wp-image-206906\" srcset=\"https:\/\/www.ffw-berg.de\/wordpress\/wp-content\/uploads\/2014\/12\/FF_Berg_Weihnachtsausflug_2014_6282-530x398.jpg 530w, https:\/\/www.ffw-berg.de\/wordpress\/wp-content\/uploads\/2014\/12\/FF_Berg_Weihnachtsausflug_2014_6282-120x90.jpg 120w, https:\/\/www.ffw-berg.de\/wordpress\/wp-content\/uploads\/2014\/12\/FF_Berg_Weihnachtsausflug_2014_6282-326x245.jpg 326w, https:\/\/www.ffw-berg.de\/wordpress\/wp-content\/uploads\/2014\/12\/FF_Berg_Weihnachtsausflug_2014_6282-80x60.jpg 80w, https:\/\/www.ffw-berg.de\/wordpress\/wp-content\/uploads\/2014\/12\/FF_Berg_Weihnachtsausflug_2014_6282-300x225.jpg 300w, https:\/\/www.ffw-berg.de\/wordpress\/wp-content\/uploads\/2014\/12\/FF_Berg_Weihnachtsausflug_2014_6282.jpg 640w\" sizes=\"auto, (max-width: 530px) 100vw, 530px\" \/><\/a><figcaption>Lecker &#8211; Lebkuchen Rossner<\/figcaption><\/figure><\/li><li class=\"blocks-gallery-item\"><figure><a href=\"https:\/\/www.ffw-berg.de\/wordpress\/wp-content\/uploads\/2014\/12\/FF_Berg_Weihnachtsausflug_2014_6339-530x398.jpg\"><img loading=\"lazy\" decoding=\"async\" width=\"530\" height=\"398\" src=\"https:\/\/www.ffw-berg.de\/wordpress\/wp-content\/uploads\/2014\/12\/FF_Berg_Weihnachtsausflug_2014_6339-530x398.jpg\" alt=\"\" data-id=\"206912\" data-link=\"https:\/\/www.ffw-berg.de\/wordpress\/weihnachtsausflug-2014-nach-guteneck-bei-nabburg\/ff_berg_weihnachtsausflug_2014_6339\/\" class=\"wp-image-206912\" srcset=\"https:\/\/www.ffw-berg.de\/wordpress\/wp-content\/uploads\/2014\/12\/FF_Berg_Weihnachtsausflug_2014_6339-530x398.jpg 530w, https:\/\/www.ffw-berg.de\/wordpress\/wp-content\/uploads\/2014\/12\/FF_Berg_Weihnachtsausflug_2014_6339-120x90.jpg 120w, https:\/\/www.ffw-berg.de\/wordpress\/wp-content\/uploads\/2014\/12\/FF_Berg_Weihnachtsausflug_2014_6339-326x245.jpg 326w, https:\/\/www.ffw-berg.de\/wordpress\/wp-content\/uploads\/2014\/12\/FF_Berg_Weihnachtsausflug_2014_6339-80x60.jpg 80w, https:\/\/www.ffw-berg.de\/wordpress\/wp-content\/uploads\/2014\/12\/FF_Berg_Weihnachtsausflug_2014_6339-300x225.jpg 300w, https:\/\/www.ffw-berg.de\/wordpress\/wp-content\/uploads\/2014\/12\/FF_Berg_Weihnachtsausflug_2014_6339.jpg 640w\" sizes=\"auto, (max-width: 530px) 100vw, 530px\" \/><\/a><figcaption>Viele sch\u00f6ne Handwerkerst\u00e4nde<\/figcaption><\/figure><\/li><\/ul>\n\n\n\n<p>Der Weihnachtmarkt auf Schloss Guteneck \u00f6ffnete um 14 Uhr seine Pforten. Entlang von gem\u00fctlichen Wegen und Innenh\u00f6fen der Gutscheine sowie des Schlosses selbst, gab es in den urigen St\u00e4nden und Buden viel, Abwechslungsreiches zu entdecken. Auch das Wetter spielte mit und es blieb trocken. lediglich am Abend h\u00e4tte ein bisschen Schnee die liebevoll beleuchteten Buden in eine noch sch\u00f6neres Atmosph\u00e4re ger\u00fcckt. Doch auch so stellten alle Teilnehmer am Abend einstimmig fest, dass dieser Markt etwas besonderes ist. Vor allem die riesige Auswahl an Speisen und Getr\u00e4nken, die sich angenehm vom normalen Weihnachtsmarkt-Allerlei anderer Veranstaltungen abhoben, wurde reichlich genutzt. Auch die M\u00f6glichkeiten, in beheizten R\u00e4umen &#8211; z.B. dem Rittersaal und der Gutscheine &#8211; eine kurze Pause zu machen, viel positiv auf.<br \/><\/p>\n\n\n\n<p>Nach einem erlebnisreichen Nachmittag, machten wir auf dem R\u00fcckweg noch eine kleine Abendeinkehr in K\u00f6nigsstein s\u00fcdlich von Auerbach und erreichten gegen 22.15 Uhr wieder unseren Ausgangspunkt am Ger\u00e4tehaus Berg.<br \/><\/p>\n\n\n\n<p style=\"text-align:center\">Wir danken allen Unterst\u00fctzern und Sponsoren, die zum Gelingen beigetragen haben.<br \/><\/p>\n\n\n\n<hr class=\"wp-block-separator is-style-wide\"\/>\n\n\n\n<h4 class=\"wp-block-heading\" style=\"text-align:center\">Alle Bilder aus Nabburg in unserem Album bei<br \/><\/h4>\n\n\n\n<figure class=\"wp-block-embed is-type-rich is-provider-google-photos\"><div class=\"wp-block-embed__wrapper\">\n<blockquote class=\"embedly-card\" data-card-controls=\"0\" data-card-align=\"center\" data-card-theme=\"light\"><h4><a href=\"https:\/\/goo.gl\/photos\/X2XoT3cSVrGUiMyeA\">No Title<\/a><\/h4><p>No Description<\/p><\/blockquote><script async src=\"\/\/cdn.embedly.com\/widgets\/platform.js\" charset=\"UTF-8\"><\/script>\n<\/div><\/figure>\n","protected":false},"excerpt":{"rendered":"<div class=\"mh-excerpt\">Schloss Guteneck l\u00e4dt zum mittelalterlichen Weihnachtsmarkt Unser diesj\u00e4hriger Weihnachtsausflug f\u00fchrte uns nach Guteneck bei Nabburg. ein unscheinbares \u00d6rtchen, das aber mit seinem Schloss und dem verbundenen mittelalterlichen Weihnachtsmarkt ein Geheimtipp <a class=\"mh-excerpt-more\" href=\"https:\/\/www.ffw-berg.de\/wordpress\/weihnachtsausflug-2014-nach-guteneck-bei-nabburg\/\" title=\"Weihnachtsausflug 2014 nach Guteneck bei Nabburg\">[  Mehr &gt;&gt; ]<\/a><\/div>\n","protected":false},"author":2,"featured_media":211562,"comment_status":"closed","ping_status":"open","sticky":false,"template":"","format":"standard","meta":{"footnotes":""},"categories":[19],"tags":[],"class_list":{"0":"post-206857","1":"post","2":"type-post","3":"status-publish","4":"format-standard","5":"has-post-thumbnail","7":"category-ausflug"},"_links":{"self":[{"href":"https:\/\/www.ffw-berg.de\/wordpress\/wp-json\/wp\/v2\/posts\/206857","targetHints":{"allow":["GET"]}}],"collection":[{"href":"https:\/\/www.ffw-berg.de\/wordpress\/wp-json\/wp\/v2\/posts"}],"about":[{"href":"https:\/\/www.ffw-berg.de\/wordpress\/wp-json\/wp\/v2\/types\/post"}],"author":[{"embeddable":true,"href":"https:\/\/www.ffw-berg.de\/wordpress\/wp-json\/wp\/v2\/users\/2"}],"replies":[{"embeddable":true,"href":"https:\/\/www.ffw-berg.de\/wordpress\/wp-json\/wp\/v2\/comments?post=206857"}],"version-history":[{"count":0,"href":"https:\/\/www.ffw-berg.de\/wordpress\/wp-json\/wp\/v2\/posts\/206857\/revisions"}],"wp:featuredmedia":[{"embeddable":true,"href":"https:\/\/www.ffw-berg.de\/wordpress\/wp-json\/wp\/v2\/media\/211562"}],"wp:attachment":[{"href":"https:\/\/www.ffw-berg.de\/wordpress\/wp-json\/wp\/v2\/media?parent=206857"}],"wp:term":[{"taxonomy":"category","embeddable":true,"href":"https:\/\/www.ffw-berg.de\/wordpress\/wp-json\/wp\/v2\/categories?post=206857"},{"taxonomy":"post_tag","embeddable":true,"href":"https:\/\/www.ffw-berg.de\/wordpress\/wp-json\/wp\/v2\/tags?post=206857"}],"curies":[{"name":"wp","href":"https:\/\/api.w.org\/{rel}","templated":true}]}}