{"id":207017,"date":"2015-01-10T18:00:15","date_gmt":"2015-01-10T17:00:15","guid":{"rendered":"http:\/\/www.ffw-berg.de\/wordpress\/?page_id=207017"},"modified":"2020-01-20T17:04:20","modified_gmt":"2020-01-20T16:04:20","slug":"25-jahre-feuerwehrpartnerschaft-ff-berg-ff-hirschbergsaale","status":"publish","type":"post","link":"https:\/\/www.ffw-berg.de\/wordpress\/25-jahre-feuerwehrpartnerschaft-ff-berg-ff-hirschbergsaale\/","title":{"rendered":"25 Jahre Feuerwehrpartnerschaft FF Berg &#8211; FF Hirschberg\/Saale"},"content":{"rendered":"\n<h3 class=\"wp-block-heading\">Gemeinsame Feier im Hirschberger Feuerwehrhaus | \u00dcbergabe von Erinnerungstafeln<\/h3>\n\n\n\n<div class=\"wp-block-media-text alignwide has-media-on-the-right\" style=\"grid-template-columns:auto 48%\"><figure class=\"wp-block-media-text__media\"><img loading=\"lazy\" decoding=\"async\" width=\"615\" height=\"768\" src=\"https:\/\/www.ffw-berg.de\/wordpress\/wp-content\/uploads\/2015\/01\/25-Jahre-B-H-7-e1421428993275-615x768.jpg\" alt=\"25 Jahre B-H 7.jpg\" class=\"wp-image-207080\" srcset=\"https:\/\/www.ffw-berg.de\/wordpress\/wp-content\/uploads\/2015\/01\/25-Jahre-B-H-7-e1421428993275-615x768.jpg 615w, https:\/\/www.ffw-berg.de\/wordpress\/wp-content\/uploads\/2015\/01\/25-Jahre-B-H-7-e1421428993275-96x120.jpg 96w, https:\/\/www.ffw-berg.de\/wordpress\/wp-content\/uploads\/2015\/01\/25-Jahre-B-H-7-e1421428993275-200x250.jpg 200w, https:\/\/www.ffw-berg.de\/wordpress\/wp-content\/uploads\/2015\/01\/25-Jahre-B-H-7-e1421428993275-768x959.jpg 768w, https:\/\/www.ffw-berg.de\/wordpress\/wp-content\/uploads\/2015\/01\/25-Jahre-B-H-7-e1421428993275-420x525.jpg 420w, https:\/\/www.ffw-berg.de\/wordpress\/wp-content\/uploads\/2015\/01\/25-Jahre-B-H-7-e1421428993275-240x300.jpg 240w, https:\/\/www.ffw-berg.de\/wordpress\/wp-content\/uploads\/2015\/01\/25-Jahre-B-H-7-e1421428993275-400x500.jpg 400w, https:\/\/www.ffw-berg.de\/wordpress\/wp-content\/uploads\/2015\/01\/25-Jahre-B-H-7-e1421428993275.jpg 1076w\" sizes=\"auto, (max-width: 615px) 100vw, 615px\" \/><\/figure><div class=\"wp-block-media-text__content\">\n<p>Berg\/Hirschberg \u2013 Am 10.01.2015 trafen sich die Mitglieder der beiden Wehren, um gemeinsam die bereits seit 25 Jahren bestehende Partnerschaft zu feiern. Das schlechte Wetter mit Sturmb\u00f6en zwang die Verantwortlichen jedoch, die geplante Winterwanderung von Berg \u00fcber Gottsmanngr\u00fcn und Untertiefengr\u00fcn nach Hirschberg abzusagen. Zu gef\u00e4hrlich w\u00e4re der letzte Abschnitt durch den Wald gewesen. So traf man sich direkt im Ger\u00e4tehaus Hirschberg zum gemeinsamen Abendessen und gem\u00fctlichen Beisammensein.<\/p>\n<\/div><\/div>\n\n\n\n<p>Bevor man sich am B\u00fcffet mit deftigem Krustenbraten, Kl\u00f6\u00dfen und Sauerkraut bediente, verfolgten die Anwesenden die kurzen Gru\u00dfworte der beiden Vorst\u00e4nde Gerhard Br\u00fchschwein (Berg) und Lutz Gablenz (Hirschberg), der B\u00fcrgermeister R\u00fcdiger Wohl (Hirschberg) und Peter R\u00f6del (Berg) sowie des Ehrenkreisbrandmeisters Manfred Peetz (Berg), der vor 25 Jahren ma\u00dfgeblich f\u00fcr den Aufbau und Pflege dieser Feuerwehr-Partnerschaft verantwortlich zeichnete. <span style=\"font-family: arial, helvetica, sans-serif; font-size: 14px;\"><\/span><\/p>\n\n\n\n<p>Ein Highlight nach dem Abendessen war die Enth\u00fcllung der beiden Erinnerungstafeln, die mit zwei gekreuzten Strahlrohren aus beiden Teilen Deutschlands der damaligen Zeit, an die Entstehung der Partnerschaft erinnern. <span style=\"font-family: arial, helvetica, sans-serif; font-size: 14px;\"><\/span><\/p>\n\n\n\n<div class=\"wp-block-image wp-image-207076 size-full\"><figure class=\"aligncenter\"><img loading=\"lazy\" decoding=\"async\" width=\"700\" height=\"556\" src=\"http:\/\/www.ffw-berg.de\/wordpress\/wp-content\/uploads\/2015\/01\/25-Jahre-B-H-3-e1421428203193.jpg\" alt=\"25 Jahre B-H 3.jpg\" class=\"wp-image-207076\" srcset=\"https:\/\/www.ffw-berg.de\/wordpress\/wp-content\/uploads\/2015\/01\/25-Jahre-B-H-3-e1421428203193.jpg 700w, https:\/\/www.ffw-berg.de\/wordpress\/wp-content\/uploads\/2015\/01\/25-Jahre-B-H-3-e1421428203193-120x95.jpg 120w, https:\/\/www.ffw-berg.de\/wordpress\/wp-content\/uploads\/2015\/01\/25-Jahre-B-H-3-e1421428203193-300x238.jpg 300w, https:\/\/www.ffw-berg.de\/wordpress\/wp-content\/uploads\/2015\/01\/25-Jahre-B-H-3-e1421428203193-661x525.jpg 661w\" sizes=\"auto, (max-width: 700px) 100vw, 700px\" \/><figcaption>Gru\u00dfworte (v. links) von Vorstand Gerhard Br\u00fchschwein (Berg), Vorstand Lutz Gablenz (Hirschberg), B\u00fcrgermeister R\u00fcdiger Wohl (Hirschberg) und Peter R\u00f6del (Berg). <\/figcaption><\/figure><\/div>\n\n\n\n<div class=\"wp-block-image wp-image-207075 size-full\"><figure class=\"aligncenter\"><img loading=\"lazy\" decoding=\"async\" width=\"700\" height=\"527\" src=\"http:\/\/www.ffw-berg.de\/wordpress\/wp-content\/uploads\/2015\/01\/25-Jahre-B-H-2-e1421428431443.jpg\" alt=\"25 Jahre B-H 2.jpg\" class=\"wp-image-207075\" srcset=\"https:\/\/www.ffw-berg.de\/wordpress\/wp-content\/uploads\/2015\/01\/25-Jahre-B-H-2-e1421428431443.jpg 700w, https:\/\/www.ffw-berg.de\/wordpress\/wp-content\/uploads\/2015\/01\/25-Jahre-B-H-2-e1421428431443-120x90.jpg 120w, https:\/\/www.ffw-berg.de\/wordpress\/wp-content\/uploads\/2015\/01\/25-Jahre-B-H-2-e1421428431443-300x226.jpg 300w, https:\/\/www.ffw-berg.de\/wordpress\/wp-content\/uploads\/2015\/01\/25-Jahre-B-H-2-e1421428431443-697x525.jpg 697w, https:\/\/www.ffw-berg.de\/wordpress\/wp-content\/uploads\/2015\/01\/25-Jahre-B-H-2-e1421428431443-678x509.jpg 678w, https:\/\/www.ffw-berg.de\/wordpress\/wp-content\/uploads\/2015\/01\/25-Jahre-B-H-2-e1421428431443-326x245.jpg 326w, https:\/\/www.ffw-berg.de\/wordpress\/wp-content\/uploads\/2015\/01\/25-Jahre-B-H-2-e1421428431443-80x60.jpg 80w\" sizes=\"auto, (max-width: 700px) 100vw, 700px\" \/><figcaption><span style=\"font-family: arial, helvetica, sans-serif; font-size: 12px;\">Gru\u00dfworte und geschichtliche Details zur Partnerschaft erz\u00e4hlte am\u00fcsant und kurzweilig Ehrenkreisbrandmeister Manfred Peetz (Berg), der vor 25 Jahren als Kommandant der FF Berg ma\u00dfgeblich an der Entstehung der grenz\u00fcberschreitenden Partnerschaft verantwortlich zeichnete. <\/span><\/figcaption><\/figure><\/div>\n\n\n\n<div class=\"wp-block-image wp-image-207077 size-full\"><figure class=\"aligncenter\"><img loading=\"lazy\" decoding=\"async\" width=\"700\" height=\"584\" src=\"http:\/\/www.ffw-berg.de\/wordpress\/wp-content\/uploads\/2015\/01\/25-Jahre-B-H-4-e1421428576162.jpg\" alt=\"25 Jahre B-H 4.jpg\" class=\"wp-image-207077\" srcset=\"https:\/\/www.ffw-berg.de\/wordpress\/wp-content\/uploads\/2015\/01\/25-Jahre-B-H-4-e1421428576162.jpg 700w, https:\/\/www.ffw-berg.de\/wordpress\/wp-content\/uploads\/2015\/01\/25-Jahre-B-H-4-e1421428576162-120x100.jpg 120w, https:\/\/www.ffw-berg.de\/wordpress\/wp-content\/uploads\/2015\/01\/25-Jahre-B-H-4-e1421428576162-300x250.jpg 300w, https:\/\/www.ffw-berg.de\/wordpress\/wp-content\/uploads\/2015\/01\/25-Jahre-B-H-4-e1421428576162-629x525.jpg 629w\" sizes=\"auto, (max-width: 700px) 100vw, 700px\" \/><figcaption><span style=\"font-family: arial, helvetica, sans-serif; font-size: 12px;\">Die beiden Vorst\u00e4nde enth\u00fcllen feierlich die beiden Erinnerungstafeln mit je zwei gekreuzten Strahlrohren aus beiden Teilen Deutschlands der damaligen Zeit, die die gemeinsame Partnerschaft symbolisieren. <\/span><\/figcaption><\/figure><\/div>\n\n\n\n<div class=\"wp-block-image wp-image-207078 size-full\"><figure class=\"aligncenter\"><img loading=\"lazy\" decoding=\"async\" width=\"700\" height=\"441\" src=\"http:\/\/www.ffw-berg.de\/wordpress\/wp-content\/uploads\/2015\/01\/25-Jahre-B-H-5-e1421428861664.jpg\" alt=\"25 Jahre B-H 5.jpg\" class=\"wp-image-207078\" srcset=\"https:\/\/www.ffw-berg.de\/wordpress\/wp-content\/uploads\/2015\/01\/25-Jahre-B-H-5-e1421428861664.jpg 700w, https:\/\/www.ffw-berg.de\/wordpress\/wp-content\/uploads\/2015\/01\/25-Jahre-B-H-5-e1421428861664-120x76.jpg 120w, https:\/\/www.ffw-berg.de\/wordpress\/wp-content\/uploads\/2015\/01\/25-Jahre-B-H-5-e1421428861664-300x189.jpg 300w\" sizes=\"auto, (max-width: 700px) 100vw, 700px\" \/><figcaption><span style=\"font-family: arial, helvetica, sans-serif; font-size: 12px;\">Die Erinnerungstafel mit je einem C-Strahlrohr nach DDR-Bauart (TGL-Norm) und einem B-Rohr bundesdeutscher Bauart (DTR-Norm) . Auf der R\u00fcckseite befindet sich noch eine Widmung. Beide Tafeln erhalten einen Ehrenplatz in den Ger\u00e4teh\u00e4usern der Wehren. <\/span><\/figcaption><\/figure><\/div>\n\n\n\n<h4 class=\"wp-block-heading\" id=\"history\">Geschichtlicher R\u00fcckblick <\/h4>\n\n\n\n<div class=\"wp-block-image\"><figure class=\"aligncenter\"><a href=\"http:\/\/www.ffw-berg.de\/wordpress\/wp-content\/uploads\/2015\/01\/25-Jahre-B-H-7-e1421428993275.jpg\"><img loading=\"lazy\" decoding=\"async\" width=\"1076\" height=\"1344\" src=\"http:\/\/www.ffw-berg.de\/wordpress\/wp-content\/uploads\/2015\/01\/25-Jahre-B-H-7-e1421428993275.jpg\" alt=\"25 Jahre B-H 7.jpg\" class=\"wp-image-207080\" srcset=\"https:\/\/www.ffw-berg.de\/wordpress\/wp-content\/uploads\/2015\/01\/25-Jahre-B-H-7-e1421428993275.jpg 1076w, https:\/\/www.ffw-berg.de\/wordpress\/wp-content\/uploads\/2015\/01\/25-Jahre-B-H-7-e1421428993275-96x120.jpg 96w, https:\/\/www.ffw-berg.de\/wordpress\/wp-content\/uploads\/2015\/01\/25-Jahre-B-H-7-e1421428993275-200x250.jpg 200w, https:\/\/www.ffw-berg.de\/wordpress\/wp-content\/uploads\/2015\/01\/25-Jahre-B-H-7-e1421428993275-768x959.jpg 768w, https:\/\/www.ffw-berg.de\/wordpress\/wp-content\/uploads\/2015\/01\/25-Jahre-B-H-7-e1421428993275-615x768.jpg 615w, https:\/\/www.ffw-berg.de\/wordpress\/wp-content\/uploads\/2015\/01\/25-Jahre-B-H-7-e1421428993275-420x525.jpg 420w, https:\/\/www.ffw-berg.de\/wordpress\/wp-content\/uploads\/2015\/01\/25-Jahre-B-H-7-e1421428993275-240x300.jpg 240w, https:\/\/www.ffw-berg.de\/wordpress\/wp-content\/uploads\/2015\/01\/25-Jahre-B-H-7-e1421428993275-400x500.jpg 400w\" sizes=\"auto, (max-width: 1076px) 100vw, 1076px\" \/><\/a><figcaption> Widmung auf der R\u00fcckseite der Erinnerungstafeln. <\/figcaption><\/figure><\/div>\n\n\n\n<p>Nach dem Fall  der Mauer und der \u00d6ffnung der Grenze kamen die Feuerwehrkameraden der Freiwilligen Feuerwehr Hirschberg auf den damaligen 1. Kommendanten der Berger Wehr, Manfred Peetz, zu und suchten Verbindung zur Feuerwehr Berg. In dieser Zeit wurden viele kameradschaftliche Verbindungen zwischen Ost- und West-Feuerwehren geschlossen.   <span style=\"font-family: arial, helvetica, sans-serif; font-size: 8pt;\"><span style=\"font-size: 12px;\"><\/span><\/span><\/p>\n\n\n\n<p>Am 30.12.1989 fand ein erstes Treffen der beiden Wehren auf der behelfsm\u00e4\u00dfig aufgebauten alten Br\u00fccke \u00fcber die Saale zwischen Untertiefengr\u00fcn und Hirschberg statt. <span style=\"font-family: arial, helvetica, sans-serif; font-size: 12px;\"><\/span><\/p>\n\n\n\n<p>Im Februar 1990 lud die Freiwillige Feuerwehr Berg die Feuerwehrkameraden aus Hirschberg in das neue Feuerwehrger\u00e4tehaus nach Berg ein. Manfred Peetz begr\u00fc\u00dfte die Kameraden beider Wehren und \u00fcberreichte an die Hirschberger ein Strahlrohr aus Porzellan sowie ein Bayernwappen als Erinnerungsgeschenk. <span style=\"font-family: arial, helvetica, sans-serif; font-size: 12px;\"><\/span><\/p>\n\n\n\n<p>Der damalige 1. Kommandant der Hirschberger Wehr, Gerhard Kant, erwiderte den Willkommensgru\u00df und schlug eine enge Kooperation zwischen den beiden Wehren vor. Auch Gerhard Kant \u00fcberreichte ein Gastgeschenkt in Form von Schl\u00fcsselmappen aus der Hirschberger Lederfabrik. Beim gem\u00fctlichen Beisammensein lernte man sich in pers\u00f6nlichen Gespr\u00e4chen n\u00e4her kennen. Dabei wurde von beiden Seiten bekr\u00e4ftigt, dass man die Begegnungen fortsetzen wolle. <span style=\"font-family: arial, helvetica, sans-serif; font-size: 12px;\"><\/span><\/p>\n\n\n\n<p>Am 14.05.1991 gr\u00fcndete sich der Feuerwehrverein Hirschberg im Rathaussaal von Hirschberg, dabei wurde auch ausf\u00fchrlich \u00fcber die weitere Zusammenarbeit der beiden Wehren diskutiert. In den Folgejahren wurde die Kameradschaft der beiden Wehren durch gegenseitige Besuche zu den j\u00e4hrlichen Jahreshauptversammlungen sowie den jeweiligen Wiesenfestumz\u00fcgen aufrechterhalten und gefestigt. <span style=\"font-family: arial, helvetica, sans-serif; font-size: 12px;\"><\/span><\/p>\n\n\n\n<h4 class=\"has-text-align-center wp-block-heading\">Aller Bilder von unserer Jubil\u00e4umsfeier in unserem Album bei <span style=\"color: #800000; font-family: arial, helvetica, sans-serif;\"><\/span><\/h4>\n\n\n\n<figure class=\"wp-block-embed is-type-rich is-provider-google-photos\"><div class=\"wp-block-embed__wrapper\">\n<blockquote class=\"embedly-card\" data-card-controls=\"0\" data-card-align=\"center\" data-card-theme=\"light\"><h4><a href=\"https:\/\/goo.gl\/photos\/wereAZPy59twFa7p9\">No Title<\/a><\/h4><p>No Description<\/p><\/blockquote><script async src=\"\/\/cdn.embedly.com\/widgets\/platform.js\" charset=\"UTF-8\"><\/script>\n<\/div><\/figure>\n","protected":false},"excerpt":{"rendered":"<div class=\"mh-excerpt\">Berg\/Hirschberg \u2013 Am 10.01.2015 trafen sich die Mitglieder der beiden Wehren, um gemeinsam die bereits seit 25 Jahren bestehende Partnerschaft zu feiern. Das schlechte Wetter mit Sturmb\u00f6en zwang die Verantwortlichen jedoch, die geplante Winterwanderung von Berg \u00fcber Gottsmanngr\u00fcn und Untertiefengr\u00fcn nach Hirschberg abzusagen. Zu gef\u00e4hrlich w\u00e4re der letzte Abschnitt durch den Wald gewesen. So traf man sich direkt im Ger\u00e4tehaus Hirschberg zum gemeinsamen Abendessen und gem\u00fctlichen Beisammensein.<\/div>\n<p> <a class=\"mh-excerpt-more\" href=\"https:\/\/www.ffw-berg.de\/wordpress\/25-jahre-feuerwehrpartnerschaft-ff-berg-ff-hirschbergsaale\/\" title=\"25 Jahre Feuerwehrpartnerschaft FF Berg &#8211; FF Hirschberg\/Saale\">[  Mehr &gt;&gt; ]<\/a><\/p>\n","protected":false},"author":2,"featured_media":207077,"comment_status":"closed","ping_status":"open","sticky":false,"template":"","format":"standard","meta":{"footnotes":""},"categories":[294],"tags":[],"class_list":{"0":"post-207017","1":"post","2":"type-post","3":"status-publish","4":"format-standard","5":"has-post-thumbnail","7":"category-sonstige-veranstaltungen"},"_links":{"self":[{"href":"https:\/\/www.ffw-berg.de\/wordpress\/wp-json\/wp\/v2\/posts\/207017","targetHints":{"allow":["GET"]}}],"collection":[{"href":"https:\/\/www.ffw-berg.de\/wordpress\/wp-json\/wp\/v2\/posts"}],"about":[{"href":"https:\/\/www.ffw-berg.de\/wordpress\/wp-json\/wp\/v2\/types\/post"}],"author":[{"embeddable":true,"href":"https:\/\/www.ffw-berg.de\/wordpress\/wp-json\/wp\/v2\/users\/2"}],"replies":[{"embeddable":true,"href":"https:\/\/www.ffw-berg.de\/wordpress\/wp-json\/wp\/v2\/comments?post=207017"}],"version-history":[{"count":0,"href":"https:\/\/www.ffw-berg.de\/wordpress\/wp-json\/wp\/v2\/posts\/207017\/revisions"}],"wp:featuredmedia":[{"embeddable":true,"href":"https:\/\/www.ffw-berg.de\/wordpress\/wp-json\/wp\/v2\/media\/207077"}],"wp:attachment":[{"href":"https:\/\/www.ffw-berg.de\/wordpress\/wp-json\/wp\/v2\/media?parent=207017"}],"wp:term":[{"taxonomy":"category","embeddable":true,"href":"https:\/\/www.ffw-berg.de\/wordpress\/wp-json\/wp\/v2\/categories?post=207017"},{"taxonomy":"post_tag","embeddable":true,"href":"https:\/\/www.ffw-berg.de\/wordpress\/wp-json\/wp\/v2\/tags?post=207017"}],"curies":[{"name":"wp","href":"https:\/\/api.w.org\/{rel}","templated":true}]}}