{"id":207226,"date":"2015-02-20T22:00:41","date_gmt":"2015-02-20T21:00:41","guid":{"rendered":"http:\/\/www.ffw-berg.de\/wordpress\/?p=207226"},"modified":"2015-02-21T19:01:41","modified_gmt":"2015-02-21T18:01:41","slug":"jhv-2015-ehrungen-aktive-wehr","status":"publish","type":"post","link":"https:\/\/www.ffw-berg.de\/wordpress\/jhv-2015-ehrungen-aktive-wehr\/","title":{"rendered":"JHV 2015 &#8211; Ehrungen &#8211; Aktive Wehr"},"content":{"rendered":"<figure id=\"attachment_207234\" aria-describedby=\"caption-attachment-207234\" style=\"width: 530px\" class=\"wp-caption aligncenter\"><a href=\"http:\/\/www.ffw-berg.de\/wordpress\/wp-content\/uploads\/2015\/02\/DSC00141.jpg\"><img loading=\"lazy\" decoding=\"async\" src=\"http:\/\/www.ffw-berg.de\/wordpress\/wp-content\/uploads\/2015\/02\/DSC00141-530x398.jpg\" alt=\"JHV 2015 Gruppenbild Geehrte Aktive Wehr\" width=\"530\" height=\"398\" class=\"wp-image-207234 size-large\" srcset=\"https:\/\/www.ffw-berg.de\/wordpress\/wp-content\/uploads\/2015\/02\/DSC00141-530x398.jpg 530w, https:\/\/www.ffw-berg.de\/wordpress\/wp-content\/uploads\/2015\/02\/DSC00141-120x90.jpg 120w, https:\/\/www.ffw-berg.de\/wordpress\/wp-content\/uploads\/2015\/02\/DSC00141-768x577.jpg 768w, https:\/\/www.ffw-berg.de\/wordpress\/wp-content\/uploads\/2015\/02\/DSC00141-700x525.jpg 700w, https:\/\/www.ffw-berg.de\/wordpress\/wp-content\/uploads\/2015\/02\/DSC00141-678x509.jpg 678w, https:\/\/www.ffw-berg.de\/wordpress\/wp-content\/uploads\/2015\/02\/DSC00141-326x245.jpg 326w, https:\/\/www.ffw-berg.de\/wordpress\/wp-content\/uploads\/2015\/02\/DSC00141-80x60.jpg 80w, https:\/\/www.ffw-berg.de\/wordpress\/wp-content\/uploads\/2015\/02\/DSC00141-300x225.jpg 300w, https:\/\/www.ffw-berg.de\/wordpress\/wp-content\/uploads\/2015\/02\/DSC00141.jpg 1024w\" sizes=\"auto, (max-width: 530px) 100vw, 530px\" \/><\/a><figcaption id=\"caption-attachment-207234\" class=\"wp-caption-text\">Die Geehrten der Aktiven Wehr 2015 (v. links):<br \/> KBM Hans M\u00fcnzer,<br \/> Sandra Narr (10 Jahre Feuerwehrdienst),<br \/> J\u00fcrgen M\u00fcller (40 Jahre Feuerwehrdienst),<br \/> 1.Kommandant Gunther Schaller<\/figcaption><\/figure>\n<p style=\"text-align: center;\">Bilder zur Vergr\u00f6\u00dferung anklicken!<\/p>\n<figure id=\"attachment_207232\" aria-describedby=\"caption-attachment-207232\" style=\"width: 530px\" class=\"wp-caption aligncenter\"><a href=\"http:\/\/www.ffw-berg.de\/wordpress\/wp-content\/uploads\/2015\/02\/DSC00131.jpg\"><img loading=\"lazy\" decoding=\"async\" src=\"http:\/\/www.ffw-berg.de\/wordpress\/wp-content\/uploads\/2015\/02\/DSC00131-530x398.jpg\" alt=\"JHV 2015 Ehrung f\u00fcr 40 Jahre Feuerwehrdienst J\u00fcrgen M\u00fcller\" width=\"530\" height=\"398\" class=\"size-large wp-image-207232\" srcset=\"https:\/\/www.ffw-berg.de\/wordpress\/wp-content\/uploads\/2015\/02\/DSC00131-530x398.jpg 530w, https:\/\/www.ffw-berg.de\/wordpress\/wp-content\/uploads\/2015\/02\/DSC00131-120x90.jpg 120w, https:\/\/www.ffw-berg.de\/wordpress\/wp-content\/uploads\/2015\/02\/DSC00131-768x577.jpg 768w, https:\/\/www.ffw-berg.de\/wordpress\/wp-content\/uploads\/2015\/02\/DSC00131-700x525.jpg 700w, https:\/\/www.ffw-berg.de\/wordpress\/wp-content\/uploads\/2015\/02\/DSC00131-678x509.jpg 678w, https:\/\/www.ffw-berg.de\/wordpress\/wp-content\/uploads\/2015\/02\/DSC00131-326x245.jpg 326w, https:\/\/www.ffw-berg.de\/wordpress\/wp-content\/uploads\/2015\/02\/DSC00131-80x60.jpg 80w, https:\/\/www.ffw-berg.de\/wordpress\/wp-content\/uploads\/2015\/02\/DSC00131-300x225.jpg 300w, https:\/\/www.ffw-berg.de\/wordpress\/wp-content\/uploads\/2015\/02\/DSC00131.jpg 1024w\" sizes=\"auto, (max-width: 530px) 100vw, 530px\" \/><\/a><figcaption id=\"caption-attachment-207232\" class=\"wp-caption-text\">KBM Hans M\u00fcnzer ehrt J\u00fcrgen M\u00fcller f\u00fcr 40 Jahre Feuerwehrdienst und verliest das Dankschreiben des Bayerischen Innenministeriums. Er \u00fcberreichte dem Geehrten die Dankesurkunde sowie einen Gutschein f\u00fcr einen Aufenthalt im Feuerwehrerholungsheim in Bayerisch Gmain<\/figcaption><\/figure>\n","protected":false},"excerpt":{"rendered":"<div class=\"mh-excerpt\">Ehrung f\u00fcr 40 Jahre und 10 Jahre aktiven Feuerwehrdienst<\/div>\n<p> <a class=\"mh-excerpt-more\" href=\"https:\/\/www.ffw-berg.de\/wordpress\/jhv-2015-ehrungen-aktive-wehr\/\" title=\"JHV 2015 &#8211; Ehrungen &#8211; Aktive Wehr\">[  Mehr &gt;&gt; ]<\/a><\/p>\n","protected":false},"author":2,"featured_media":207232,"comment_status":"closed","ping_status":"open","sticky":false,"template":"","format":"standard","meta":{"footnotes":""},"categories":[47],"tags":[100,259,261,266,272,278,286],"class_list":{"0":"post-207226","1":"post","2":"type-post","3":"status-publish","4":"format-standard","5":"has-post-thumbnail","7":"category-ehrungen","8":"tag-aktive-wehr","9":"tag-jahreshauptversammlung","10":"tag-ehrungen","11":"tag-jhv","12":"tag-kbm","13":"tag-40-jahre-feuerwehrdienst","14":"tag-10-jahre-feuerwehrdienst"},"_links":{"self":[{"href":"https:\/\/www.ffw-berg.de\/wordpress\/wp-json\/wp\/v2\/posts\/207226","targetHints":{"allow":["GET"]}}],"collection":[{"href":"https:\/\/www.ffw-berg.de\/wordpress\/wp-json\/wp\/v2\/posts"}],"about":[{"href":"https:\/\/www.ffw-berg.de\/wordpress\/wp-json\/wp\/v2\/types\/post"}],"author":[{"embeddable":true,"href":"https:\/\/www.ffw-berg.de\/wordpress\/wp-json\/wp\/v2\/users\/2"}],"replies":[{"embeddable":true,"href":"https:\/\/www.ffw-berg.de\/wordpress\/wp-json\/wp\/v2\/comments?post=207226"}],"version-history":[{"count":0,"href":"https:\/\/www.ffw-berg.de\/wordpress\/wp-json\/wp\/v2\/posts\/207226\/revisions"}],"wp:featuredmedia":[{"embeddable":true,"href":"https:\/\/www.ffw-berg.de\/wordpress\/wp-json\/wp\/v2\/media\/207232"}],"wp:attachment":[{"href":"https:\/\/www.ffw-berg.de\/wordpress\/wp-json\/wp\/v2\/media?parent=207226"}],"wp:term":[{"taxonomy":"category","embeddable":true,"href":"https:\/\/www.ffw-berg.de\/wordpress\/wp-json\/wp\/v2\/categories?post=207226"},{"taxonomy":"post_tag","embeddable":true,"href":"https:\/\/www.ffw-berg.de\/wordpress\/wp-json\/wp\/v2\/tags?post=207226"}],"curies":[{"name":"wp","href":"https:\/\/api.w.org\/{rel}","templated":true}]}}