{"id":207242,"date":"2015-02-20T22:00:24","date_gmt":"2015-02-20T21:00:24","guid":{"rendered":"http:\/\/www.ffw-berg.de\/wordpress\/?p=207242"},"modified":"2015-02-21T18:07:43","modified_gmt":"2015-02-21T17:07:43","slug":"jhv-2015-ehrungen-mitglieder-im-feuerwehrverein","status":"publish","type":"post","link":"https:\/\/www.ffw-berg.de\/wordpress\/jhv-2015-ehrungen-mitglieder-im-feuerwehrverein\/","title":{"rendered":"JHV 2015 &#8211; Ehrungen Mitglieder im Feuerwehrverein"},"content":{"rendered":"<h4><span style=\"color: #ff0000;\">Ehrung f\u00fcr 50 Jahre Mitgliedschaft im Feuerwehrverein der FF Berg<\/span><\/h4>\n<figure id=\"attachment_207230\" aria-describedby=\"caption-attachment-207230\" style=\"width: 530px\" class=\"wp-caption aligncenter\"><a href=\"http:\/\/www.ffw-berg.de\/wordpress\/wp-content\/uploads\/2015\/02\/DSC00125.jpg\"><img loading=\"lazy\" decoding=\"async\" src=\"http:\/\/www.ffw-berg.de\/wordpress\/wp-content\/uploads\/2015\/02\/DSC00125-530x398.jpg\" alt=\"JHV 2015 Ehrung Manfred Peetz f\u00fcr 40 Jahre Mitgliedschaft im Feuerwehrverein\" width=\"530\" height=\"398\" class=\"size-large wp-image-207230\" srcset=\"https:\/\/www.ffw-berg.de\/wordpress\/wp-content\/uploads\/2015\/02\/DSC00125-530x398.jpg 530w, https:\/\/www.ffw-berg.de\/wordpress\/wp-content\/uploads\/2015\/02\/DSC00125-120x90.jpg 120w, https:\/\/www.ffw-berg.de\/wordpress\/wp-content\/uploads\/2015\/02\/DSC00125-768x576.jpg 768w, https:\/\/www.ffw-berg.de\/wordpress\/wp-content\/uploads\/2015\/02\/DSC00125-700x525.jpg 700w, https:\/\/www.ffw-berg.de\/wordpress\/wp-content\/uploads\/2015\/02\/DSC00125-678x509.jpg 678w, https:\/\/www.ffw-berg.de\/wordpress\/wp-content\/uploads\/2015\/02\/DSC00125-326x245.jpg 326w, https:\/\/www.ffw-berg.de\/wordpress\/wp-content\/uploads\/2015\/02\/DSC00125-80x60.jpg 80w, https:\/\/www.ffw-berg.de\/wordpress\/wp-content\/uploads\/2015\/02\/DSC00125-300x225.jpg 300w, https:\/\/www.ffw-berg.de\/wordpress\/wp-content\/uploads\/2015\/02\/DSC00125.jpg 1024w\" sizes=\"auto, (max-width: 530px) 100vw, 530px\" \/><\/a><figcaption id=\"caption-attachment-207230\" class=\"wp-caption-text\">Ehrung f\u00fcr 40 Jahre Mitgliedschaft im Feuerwehrverein der FF Berg:<br \/>Ehrenkreisbrandmeister Manfred Peetz (rechts) erh\u00e4lt als Anerkennung f\u00fcr sein unerm\u00fcdliches Engagement eine Pr\u00e4sentkorb und eine Urkunde von 1. Vorstand Gerhard Br\u00fchschwein (links) \u00fcberreicht.<\/figcaption><\/figure>\n<p style=\"text-align: center;\">Bild zur Vergr\u00f6\u00dferung anklicken!<\/p>\n<p>&nbsp;<\/p>\n<h4><span style=\"color: #ff0000;\">Ehrung f\u00fcr 20 Jahre Mitgliedschaft im Feuerwehrverein der FF Berg<\/span><\/h4>\n<figure id=\"attachment_207228\" aria-describedby=\"caption-attachment-207228\" style=\"width: 530px\" class=\"wp-caption aligncenter\"><a href=\"http:\/\/www.ffw-berg.de\/wordpress\/wp-content\/uploads\/2015\/02\/DSC00122.jpg\"><img loading=\"lazy\" decoding=\"async\" src=\"http:\/\/www.ffw-berg.de\/wordpress\/wp-content\/uploads\/2015\/02\/DSC00122-530x308.jpg\" alt=\"jhv 2015 Werner Streitberger f\u00fcr 20 Jahre passive Mitgliedschaft\" width=\"530\" height=\"308\" class=\"size-large wp-image-207228\" srcset=\"https:\/\/www.ffw-berg.de\/wordpress\/wp-content\/uploads\/2015\/02\/DSC00122-530x308.jpg 530w, https:\/\/www.ffw-berg.de\/wordpress\/wp-content\/uploads\/2015\/02\/DSC00122-120x70.jpg 120w, https:\/\/www.ffw-berg.de\/wordpress\/wp-content\/uploads\/2015\/02\/DSC00122-768x446.jpg 768w, https:\/\/www.ffw-berg.de\/wordpress\/wp-content\/uploads\/2015\/02\/DSC00122-700x407.jpg 700w, https:\/\/www.ffw-berg.de\/wordpress\/wp-content\/uploads\/2015\/02\/DSC00122-300x174.jpg 300w, https:\/\/www.ffw-berg.de\/wordpress\/wp-content\/uploads\/2015\/02\/DSC00122.jpg 1024w\" sizes=\"auto, (max-width: 530px) 100vw, 530px\" \/><\/a><figcaption id=\"caption-attachment-207228\" class=\"wp-caption-text\">Ehrung f\u00fcr 20 Jahre Mitgliedschaft im Feuerwehrverein:<br \/>Werner Streitberger (links) erh\u00e4lt einen Pr\u00e4sentkorb und eine Urkunde aus den H\u00e4nden des 1. Vorstandes Gerhard Br\u00fchschwein (rechts)<\/figcaption><\/figure>\n<p style=\"text-align: center;\">Bild zur Vergr\u00f6\u00dferung anklicken!<\/p>\n","protected":false},"excerpt":{"rendered":"<div class=\"mh-excerpt\">Ehrung f\u00fcr 50 Jahre und 20 Jahre Mitgliedschaft im Feuerwehrverein<\/div>\n<p> <a class=\"mh-excerpt-more\" href=\"https:\/\/www.ffw-berg.de\/wordpress\/jhv-2015-ehrungen-mitglieder-im-feuerwehrverein\/\" title=\"JHV 2015 &#8211; Ehrungen Mitglieder im Feuerwehrverein\">[  Mehr &gt;&gt; ]<\/a><\/p>\n","protected":false},"author":2,"featured_media":207230,"comment_status":"closed","ping_status":"open","sticky":false,"template":"","format":"standard","meta":{"footnotes":""},"categories":[47],"tags":[259,265,267,268,287,288],"class_list":{"0":"post-207242","1":"post","2":"type-post","3":"status-publish","4":"format-standard","5":"has-post-thumbnail","7":"category-ehrungen","8":"tag-jahreshauptversammlung","9":"tag-feuerwehrverein","10":"tag-passive-mitglieder","11":"tag-1-vorstand","12":"tag-20-jahre-mitgliedschaft","13":"tag-50-jahre-mitgliedschaft"},"_links":{"self":[{"href":"https:\/\/www.ffw-berg.de\/wordpress\/wp-json\/wp\/v2\/posts\/207242","targetHints":{"allow":["GET"]}}],"collection":[{"href":"https:\/\/www.ffw-berg.de\/wordpress\/wp-json\/wp\/v2\/posts"}],"about":[{"href":"https:\/\/www.ffw-berg.de\/wordpress\/wp-json\/wp\/v2\/types\/post"}],"author":[{"embeddable":true,"href":"https:\/\/www.ffw-berg.de\/wordpress\/wp-json\/wp\/v2\/users\/2"}],"replies":[{"embeddable":true,"href":"https:\/\/www.ffw-berg.de\/wordpress\/wp-json\/wp\/v2\/comments?post=207242"}],"version-history":[{"count":0,"href":"https:\/\/www.ffw-berg.de\/wordpress\/wp-json\/wp\/v2\/posts\/207242\/revisions"}],"wp:featuredmedia":[{"embeddable":true,"href":"https:\/\/www.ffw-berg.de\/wordpress\/wp-json\/wp\/v2\/media\/207230"}],"wp:attachment":[{"href":"https:\/\/www.ffw-berg.de\/wordpress\/wp-json\/wp\/v2\/media?parent=207242"}],"wp:term":[{"taxonomy":"category","embeddable":true,"href":"https:\/\/www.ffw-berg.de\/wordpress\/wp-json\/wp\/v2\/categories?post=207242"},{"taxonomy":"post_tag","embeddable":true,"href":"https:\/\/www.ffw-berg.de\/wordpress\/wp-json\/wp\/v2\/tags?post=207242"}],"curies":[{"name":"wp","href":"https:\/\/api.w.org\/{rel}","templated":true}]}}