{"id":207377,"date":"2015-05-14T18:00:02","date_gmt":"2015-05-14T16:00:02","guid":{"rendered":"http:\/\/www.ffw-berg.de\/wordpress\/?page_id=207377"},"modified":"2018-12-29T16:03:02","modified_gmt":"2018-12-29T15:03:02","slug":"unser-himmelfahrtsmarsch-2015","status":"publish","type":"post","link":"https:\/\/www.ffw-berg.de\/wordpress\/unser-himmelfahrtsmarsch-2015\/","title":{"rendered":"Unser Himmelfahrtsmarsch 2015"},"content":{"rendered":"\n<h3 class=\"wp-block-heading\">Sonnige Wanderung von D\u00f6bra \u00fcber Haueisen und Selbitz nach Rothleiten <span style=\"font-family: arial, helvetica, sans-serif; color: #800000;\"><\/span><\/h3>\n\n\n\n<div class=\"wp-block-image\"><figure class=\"alignright\"><a href=\"http:\/\/www.ffw-berg.de\/wordpress\/wp-content\/uploads\/2015\/05\/DSC00255-e1431980167384.jpg\"><img decoding=\"async\" src=\"http:\/\/www.ffw-berg.de\/wordpress\/wp-content\/uploads\/2015\/05\/DSC00255-300x225.jpg\" alt=\"Himmelfahrt 2015\" class=\"wp-image-207567\"\/><\/a><figcaption> Letzte Rast an idyllischen Fischteichen bei <br \/>Rodesgr\u00fcn bevor wir die letzte Etappe nach<br \/>Rothleiten in Angriff nahmen.<\/figcaption><\/figure><\/div>\n\n\n\n<p>Top Wanderwetter bescherte uns Petrus zu unserem diesj\u00e4hrigen Himmelfahrtsmarsch. Vom Treffpunkt am Ger\u00e4dehaus Berg erfolgte zun\u00e4chst der Transfer an den Startpunkt unserer Wanderung auf dem Parkplatz des Nordic-Walking-Zentrums s\u00fcdwestlich von D\u00f6bra am Fu\u00dfe des D\u00f6braberges. <span style=\"font-family: arial, helvetica, sans-serif; font-size: 14px;\"><\/span><\/p>\n\n\n\n<p>Unser &#8222;Wanderwart&#8220; und Ehrenkreisbrandmeister Manfred Peetz stellte die Vollj\u00e4hrigkeit fest und notierte die Essenw\u00fcnsche der Truppe f\u00fcr die Mittagspause.&nbsp;dann machten wir uns auf den gut&nbsp;18 km langen Weg. <span style=\"font-family: arial, helvetica, sans-serif; font-size: 14px;\"><\/span><\/p>\n\n\n\n<p>Der erste Wanderabschnitt f\u00fchrte uns durch D\u00f6bra nach Heidengr\u00fcn, wo uns Manfred einige Informationen zum alten Schulhaus sowie zum kleinen Feuerwehrhaus&nbsp;mitteilte, in dem er seine Karriere begann. Wir liefen weiter ins benachbarte Haueisen. Am dortigen Alpaka-Gehege wartete bereits unser Versorgungsfahrzeug und wir machten unsere traditionelle Brotzeit. <span style=\"font-family: arial, helvetica, sans-serif; font-size: 14px;\"><\/span><\/p>\n\n\n\n<p>Frisch gest\u00e4rkt ging es weiter durch den Wald nach Uschertsgr\u00fcn. Kurz vor dem Ortseingang konnte man gut einen Blick Richtung Nordosten auf den Windpark s\u00fcdlich von Berg richten sowie im Osten auf Schauenstein mit seinem Schloss. Von Uschertsgr\u00fcn folgten wir dem Radweg nach Selbitz mit kurzem Versorgungsstop vor Weidesgr\u00fcn. Dem Selbitzbach folgend, erreichten wir Selbitz und machten Mittagspause in der Gastst\u00e4tte &#8222;Napoleon&#8220;. <span style=\"font-family: arial, helvetica, sans-serif; font-size: 14px;\"><\/span><\/p>\n\n\n\n<p>Nun gings durch Selbitz und wir folgten dem Sebitzer Weg nach Rodesgr\u00fcn, das wir in n\u00f6rdlicher Richtung wieder verliesen, Kurz nach dem Ortsausgang lagen linker Hand 2 idyllische Fischteiche, an denen bereits unser Versorgungsfahrzeug auf uns wartete. Eigentlich wollte hier niemand mehr weitergehen, so gem\u00fctlich, ruhig lag dieser Platz, aber unser Wanderf\u00fchrer Manfred Peetz rief auf zur letzten Etappe von&nbsp;etwa 2 km nach Rothleiten, das wir um 16 Uhr erreichten.  <br \/>In geselliger Atmosph\u00e4re lie\u00dfen wir beim Grillen diesen sehr sch\u00f6nen Tag ausklingen.<span style=\"font-size: 14px; font-family: arial, helvetica, sans-serif;\"><span style=\"font-size: 14px; font-family: arial, helvetica, sans-serif;\"><\/span><\/span><\/p>\n\n\n\n<hr class=\"wp-block-separator is-style-wide\"\/>\n\n\n\n<h4 class=\"wp-block-heading\" style=\"text-align:center\">Alle Bilder von unserem Marsch in unserem Album bei <span style=\"color: #800000; font-family: arial, helvetica, sans-serif;\"><\/span><\/h4>\n\n\n\n<figure class=\"wp-block-embed is-type-rich is-provider-google-photos\"><div class=\"wp-block-embed__wrapper\">\n<blockquote class=\"embedly-card\" data-card-controls=\"0\" data-card-align=\"center\" data-card-theme=\"light\"><h4><a href=\"https:\/\/goo.gl\/photos\/1bmkgMCfm5csXuvN8\">No Title<\/a><\/h4><p>No Description<\/p><\/blockquote><script async src=\"\/\/cdn.embedly.com\/widgets\/platform.js\" charset=\"UTF-8\"><\/script>\n<\/div><\/figure>\n","protected":false},"excerpt":{"rendered":"<div class=\"mh-excerpt\">Top Wanderwetter bescherte uns Petrus zu unserem Himmelfahrtsmarsch. Vom Treffpunkt am Ger\u00e4dehaus Berg erfolgte zun\u00e4chst der Transfer an den Startpunkt unserer Wanderung auf dem Parkplatz des Nordic-Walking-Zentrums s\u00fcdwestlich von D\u00f6bra am Fu\u00dfe des D\u00f6braberges. Von dort wanderten wir \u00fcber Haueisen, Selbitz und Rodesgr\u00fcn nach Rothleiten.<\/div>\n<p> <a class=\"mh-excerpt-more\" href=\"https:\/\/www.ffw-berg.de\/wordpress\/unser-himmelfahrtsmarsch-2015\/\" title=\"Unser Himmelfahrtsmarsch 2015\">[  Mehr &gt;&gt; ]<\/a><\/p>\n","protected":false},"author":2,"featured_media":207567,"comment_status":"closed","ping_status":"open","sticky":false,"template":"","format":"standard","meta":{"footnotes":""},"categories":[18],"tags":[],"class_list":{"0":"post-207377","1":"post","2":"type-post","3":"status-publish","4":"format-standard","5":"has-post-thumbnail","7":"category-himmelfahrt"},"_links":{"self":[{"href":"https:\/\/www.ffw-berg.de\/wordpress\/wp-json\/wp\/v2\/posts\/207377","targetHints":{"allow":["GET"]}}],"collection":[{"href":"https:\/\/www.ffw-berg.de\/wordpress\/wp-json\/wp\/v2\/posts"}],"about":[{"href":"https:\/\/www.ffw-berg.de\/wordpress\/wp-json\/wp\/v2\/types\/post"}],"author":[{"embeddable":true,"href":"https:\/\/www.ffw-berg.de\/wordpress\/wp-json\/wp\/v2\/users\/2"}],"replies":[{"embeddable":true,"href":"https:\/\/www.ffw-berg.de\/wordpress\/wp-json\/wp\/v2\/comments?post=207377"}],"version-history":[{"count":0,"href":"https:\/\/www.ffw-berg.de\/wordpress\/wp-json\/wp\/v2\/posts\/207377\/revisions"}],"wp:featuredmedia":[{"embeddable":true,"href":"https:\/\/www.ffw-berg.de\/wordpress\/wp-json\/wp\/v2\/media\/207567"}],"wp:attachment":[{"href":"https:\/\/www.ffw-berg.de\/wordpress\/wp-json\/wp\/v2\/media?parent=207377"}],"wp:term":[{"taxonomy":"category","embeddable":true,"href":"https:\/\/www.ffw-berg.de\/wordpress\/wp-json\/wp\/v2\/categories?post=207377"},{"taxonomy":"post_tag","embeddable":true,"href":"https:\/\/www.ffw-berg.de\/wordpress\/wp-json\/wp\/v2\/tags?post=207377"}],"curies":[{"name":"wp","href":"https:\/\/api.w.org\/{rel}","templated":true}]}}