{"id":207633,"date":"2015-05-30T18:00:29","date_gmt":"2015-05-30T16:00:29","guid":{"rendered":"http:\/\/www.ffw-berg.de\/wordpress\/?p=207633"},"modified":"2018-01-26T18:52:30","modified_gmt":"2018-01-26T17:52:30","slug":"4-kuppel-cup-2015-ergebnisse-und-bilder","status":"publish","type":"post","link":"https:\/\/www.ffw-berg.de\/wordpress\/4-kuppel-cup-2015-ergebnisse-und-bilder\/","title":{"rendered":"4. Kuppel-Cup 2015 &#8211; Ergebnisse"},"content":{"rendered":"<h3><span style=\"color: #ff0000; font-family: arial, helvetica, sans-serif;\"><span style=\"color: #800000;\">Spannende Wettk\u00e4mpfe bei idealem Wetter<\/span><img loading=\"lazy\" decoding=\"async\" class=\"alignright wp-image-207638 size-medium\" src=\"http:\/\/www.ffw-berg.de\/wordpress\/wp-content\/uploads\/2015\/05\/DSC00476-001-300x211.jpg\" alt=\"DSC00476-001\" width=\"300\" height=\"211\" srcset=\"https:\/\/www.ffw-berg.de\/wordpress\/wp-content\/uploads\/2015\/05\/DSC00476-001-300x211.jpg 300w, https:\/\/www.ffw-berg.de\/wordpress\/wp-content\/uploads\/2015\/05\/DSC00476-001-120x84.jpg 120w, https:\/\/www.ffw-berg.de\/wordpress\/wp-content\/uploads\/2015\/05\/DSC00476-001-530x373.jpg 530w, https:\/\/www.ffw-berg.de\/wordpress\/wp-content\/uploads\/2015\/05\/DSC00476-001.jpg 640w\" sizes=\"auto, (max-width: 300px) 100vw, 300px\" \/><\/span><\/h3>\n<p style=\"text-align: justify;\"><span style=\"font-family: arial, helvetica, sans-serif; font-size: 14px;\">Die 4.Kuppel_Cup der Feuerwehr aus Stadt und Landkreis Hof hatte Petrus auf seiner Seite. Nachdem sich am Morgen die letzten Regenschauer verzogen hatten, stellte sich zum Beginn des Wettkampfes ideales Wetter ein.<\/span><\/p>\n<p style=\"text-align: justify;\"><span style=\"font-family: arial, helvetica, sans-serif; font-size: 14px;\">Die Kuppel-Cup, den die Feuerwehr der Stadt Hof 2012 ins Leben gerufen und erstmals ausgetragen hatte, begann p\u00fcnktlich gem\u00e4\u00df Ausschreibung am Samstag, den 30.05.15 und 14.00 Uhr auf der Wiesenfl\u00e4chen hinter dem Ger\u00e4tehaus Berg.<\/span><\/p>\n<p style=\"text-align: justify;\"><span style=\"font-family: arial, helvetica, sans-serif; font-size: 14px;\">Anstatt unserer diesj\u00e4hrigen Schau\u00fcbung zu unserem Hallenfest, trug die FF Berg als Gewinner des Kuppel-Cup 2014, die Veranstaltung vor heimischer Kulisse aus.<\/span><\/p>\n<p style=\"text-align: justify;\"><span style=\"font-family: arial, helvetica, sans-serif; font-size: 14px;\">Dem Aufruf zum Wettkampf folgenden Feuerwehren aus Stadt und Landkreis Hof mit insgesamt 29 Mannschaften (Erwachsene und Jugend) sowie Teilnehmern f\u00fcr die G\u00e4stewertung, die sich im Laufe des Wettkampfes spannende Duelle lieferten. Es ging nicht nur um Sekunden und Fehlerpunkte, sondern teilweise um Unterschiede hinter dem Komma&#8230;<\/span><\/p>\n<h4 style=\"text-align: justify;\"><span style=\"text-decoration: underline; color: #ff0000; font-family: arial, helvetica, sans-serif; font-size: 14px;\">Berichterstattung:<\/span><\/h4>\n<ul>\n<li style=\"text-align: justify;\"><span style=\"font-family: arial, helvetica, sans-serif; font-size: 14px;\">Lesen Sie den Bericht zur Frankenpost vom 02.06.15 <strong><a href=\"http:\/\/www.frankenpost.de\/lokal\/hofrehau\/hof-land\/Kuppeln-gegen-die-Stoppuhr;art2438,4120615\" target=\"_blank\" rel=\"noopener\">hier &gt;<\/a><\/strong><\/span><\/li>\n<li style=\"text-align: justify;\"><span style=\"font-family: arial, helvetica, sans-serif; font-size: 14px;\">Fotogalerie (8 Fotos) der Frankenpost zum Bericht<strong><a href=\"http:\/\/www.frankenpost.de\/fotos\/nachrichten\/4-Kuppel-Cup-in-Berg;cme654911,3841122\" target=\"_blank\" rel=\"noopener\"> hier &gt;<\/a><\/strong><\/span><\/li>\n<li style=\"text-align: justify;\"><span style=\"font-family: arial, helvetica, sans-serif; font-size: 14px;\">Bericht und Fotos (69 Bilder) des Kreisfeuerwehrverbandes Hof <strong><a href=\"http:\/\/kfv-hof.de\/kuppelcup-2015.html\" target=\"_blank\" rel=\"noopener\">hier &gt;<\/a><\/strong><\/span><\/li>\n<\/ul>\n<h4 style=\"text-align: center;\"><span style=\"color: #800000; font-family: arial, helvetica, sans-serif;\">Nach zweieinhalb Stunden war alles vorbei und die Sieger in den einzelnen Gruppen standen fest:<\/span><\/h4>\n<figure id=\"attachment_207649\" aria-describedby=\"caption-attachment-207649\" style=\"width: 530px\" class=\"wp-caption aligncenter\"><a href=\"http:\/\/www.ffw-berg.de\/wordpress\/wp-content\/uploads\/2015\/06\/Sieger-KuppelCup-2015.jpg\"><img loading=\"lazy\" decoding=\"async\" class=\"wp-image-207649 size-large\" src=\"http:\/\/www.ffw-berg.de\/wordpress\/wp-content\/uploads\/2015\/06\/Sieger-KuppelCup-2015-530x298.jpg\" alt=\"Siegerfoto Kuppel-Cup 2015\" width=\"530\" height=\"298\" srcset=\"https:\/\/www.ffw-berg.de\/wordpress\/wp-content\/uploads\/2015\/06\/Sieger-KuppelCup-2015-530x298.jpg 530w, https:\/\/www.ffw-berg.de\/wordpress\/wp-content\/uploads\/2015\/06\/Sieger-KuppelCup-2015-120x68.jpg 120w, https:\/\/www.ffw-berg.de\/wordpress\/wp-content\/uploads\/2015\/06\/Sieger-KuppelCup-2015-768x432.jpg 768w, https:\/\/www.ffw-berg.de\/wordpress\/wp-content\/uploads\/2015\/06\/Sieger-KuppelCup-2015-700x394.jpg 700w, https:\/\/www.ffw-berg.de\/wordpress\/wp-content\/uploads\/2015\/06\/Sieger-KuppelCup-2015-678x381.jpg 678w, https:\/\/www.ffw-berg.de\/wordpress\/wp-content\/uploads\/2015\/06\/Sieger-KuppelCup-2015-300x169.jpg 300w, https:\/\/www.ffw-berg.de\/wordpress\/wp-content\/uploads\/2015\/06\/Sieger-KuppelCup-2015.jpg 1685w\" sizes=\"auto, (max-width: 530px) 100vw, 530px\" \/><\/a><figcaption id=\"caption-attachment-207649\" class=\"wp-caption-text\"><span style=\"font-family: arial, helvetica, sans-serif; font-size: 12px;\">Foto: FF Berg &#8211; Zur Vergr\u00f6\u00dferung anklicken!<\/span><\/figcaption><\/figure>\n<p style=\"text-align: center;\"><span style=\"font-family: arial, helvetica, sans-serif; font-size: 12pt;\"><strong>1. Platz Erwachsene: FF Naila 1 (37:03 sec)<\/strong><\/span><\/p>\n<p style=\"text-align: center;\"><span style=\"font-family: arial, helvetica, sans-serif; font-size: 12pt;\"><strong>1. Platz Jugend: FF Lichtenberg 1 (43:83 sec)<\/strong><\/span><\/p>\n<p style=\"text-align: center;\"><span style=\"font-family: arial, helvetica, sans-serif; font-size: 12pt;\"><strong>1. Platz G\u00e4ste: FF Hirschberg 2 (63:18 sec)<\/strong><\/span><\/p>\n<hr \/>\n<h4 style=\"text-align: center;\"><span style=\"font-family: arial, helvetica, sans-serif; color: #800000;\">Allen weiteren Platzierungen mit genauen Zeiten sind nachfolgend gelistet:<\/span><\/h4>\n<p style=\"text-align: justify;\"><a href=\"http:\/\/www.ffw-berg.de\/wordpress\/wp-content\/uploads\/2015\/05\/Kuppelcup_Ergebniss_Erwachsende.jpg\"><img loading=\"lazy\" decoding=\"async\" class=\"aligncenter wp-image-207635\" src=\"http:\/\/www.ffw-berg.de\/wordpress\/wp-content\/uploads\/2015\/05\/Kuppelcup_Ergebniss_Erwachsende-530x353.jpg\" alt=\"Kuppel-Cup 2015 Ergebnisse Erwachsene\" width=\"700\" height=\"467\" srcset=\"https:\/\/www.ffw-berg.de\/wordpress\/wp-content\/uploads\/2015\/05\/Kuppelcup_Ergebniss_Erwachsende-530x353.jpg 530w, https:\/\/www.ffw-berg.de\/wordpress\/wp-content\/uploads\/2015\/05\/Kuppelcup_Ergebniss_Erwachsende-120x80.jpg 120w, https:\/\/www.ffw-berg.de\/wordpress\/wp-content\/uploads\/2015\/05\/Kuppelcup_Ergebniss_Erwachsende-768x512.jpg 768w, https:\/\/www.ffw-berg.de\/wordpress\/wp-content\/uploads\/2015\/05\/Kuppelcup_Ergebniss_Erwachsende-700x467.jpg 700w, https:\/\/www.ffw-berg.de\/wordpress\/wp-content\/uploads\/2015\/05\/Kuppelcup_Ergebniss_Erwachsende-300x200.jpg 300w, https:\/\/www.ffw-berg.de\/wordpress\/wp-content\/uploads\/2015\/05\/Kuppelcup_Ergebniss_Erwachsende.jpg 1200w\" sizes=\"auto, (max-width: 700px) 100vw, 700px\" \/><\/a><\/p>\n<p style=\"text-align: justify;\"><a href=\"http:\/\/www.ffw-berg.de\/wordpress\/wp-content\/uploads\/2015\/05\/Kuppelcup_Ergebniss_Jugend.jpg\"><img loading=\"lazy\" decoding=\"async\" class=\"aligncenter wp-image-207636\" src=\"http:\/\/www.ffw-berg.de\/wordpress\/wp-content\/uploads\/2015\/05\/Kuppelcup_Ergebniss_Jugend-530x353.jpg\" alt=\"Kuppel-Cup 2015 - Ergebnisse Jugend\" width=\"700\" height=\"467\" srcset=\"https:\/\/www.ffw-berg.de\/wordpress\/wp-content\/uploads\/2015\/05\/Kuppelcup_Ergebniss_Jugend-530x353.jpg 530w, https:\/\/www.ffw-berg.de\/wordpress\/wp-content\/uploads\/2015\/05\/Kuppelcup_Ergebniss_Jugend-120x80.jpg 120w, https:\/\/www.ffw-berg.de\/wordpress\/wp-content\/uploads\/2015\/05\/Kuppelcup_Ergebniss_Jugend-768x512.jpg 768w, https:\/\/www.ffw-berg.de\/wordpress\/wp-content\/uploads\/2015\/05\/Kuppelcup_Ergebniss_Jugend-700x467.jpg 700w, https:\/\/www.ffw-berg.de\/wordpress\/wp-content\/uploads\/2015\/05\/Kuppelcup_Ergebniss_Jugend-300x200.jpg 300w, https:\/\/www.ffw-berg.de\/wordpress\/wp-content\/uploads\/2015\/05\/Kuppelcup_Ergebniss_Jugend.jpg 1200w\" sizes=\"auto, (max-width: 700px) 100vw, 700px\" \/><\/a><\/p>\n<p style=\"text-align: justify;\"><a href=\"http:\/\/www.ffw-berg.de\/wordpress\/wp-content\/uploads\/2015\/05\/Kuppelcup_Ergebniss1.jpg\"><img loading=\"lazy\" decoding=\"async\" class=\"aligncenter wp-image-207637\" src=\"http:\/\/www.ffw-berg.de\/wordpress\/wp-content\/uploads\/2015\/05\/Kuppelcup_Ergebniss1-530x353.jpg\" alt=\"Kuppel-Cup 2015 - Ergebnisse G\u00e4stewertung\" width=\"700\" height=\"467\" srcset=\"https:\/\/www.ffw-berg.de\/wordpress\/wp-content\/uploads\/2015\/05\/Kuppelcup_Ergebniss1-530x353.jpg 530w, https:\/\/www.ffw-berg.de\/wordpress\/wp-content\/uploads\/2015\/05\/Kuppelcup_Ergebniss1-120x80.jpg 120w, https:\/\/www.ffw-berg.de\/wordpress\/wp-content\/uploads\/2015\/05\/Kuppelcup_Ergebniss1-768x512.jpg 768w, https:\/\/www.ffw-berg.de\/wordpress\/wp-content\/uploads\/2015\/05\/Kuppelcup_Ergebniss1-700x467.jpg 700w, https:\/\/www.ffw-berg.de\/wordpress\/wp-content\/uploads\/2015\/05\/Kuppelcup_Ergebniss1-300x200.jpg 300w, https:\/\/www.ffw-berg.de\/wordpress\/wp-content\/uploads\/2015\/05\/Kuppelcup_Ergebniss1.jpg 1200w\" sizes=\"auto, (max-width: 700px) 100vw, 700px\" \/><\/a><\/p>\n<h4 style=\"text-align: center;\"><span style=\"color: #800000; font-family: arial, helvetica, sans-serif;\">Alle Bilder vom Kuppel-Cup 2015 in unserem Album bei<\/span><\/h4>\n<blockquote class=\"embedly-card\" data-card-controls=\"0\" data-card-align=\"center\" data-card-theme=\"light\">\n<h4><a href=\"https:\/\/goo.gl\/photos\/G1fyWtjdCcxZ1tmTA\">No Title<\/a><\/h4>\n<p>No Description<\/p>\n<\/blockquote>\n<p><script async src=\"\/\/cdn.embedly.com\/widgets\/platform.js\" charset=\"UTF-8\"><\/script><\/p>\n","protected":false},"excerpt":{"rendered":"<div class=\"mh-excerpt\">Spannende Wettk\u00e4mpfe bei idealem Wetter Die 4.Kuppel_Cup der Feuerwehr aus Stadt und Landkreis Hof hatte Petrus auf seiner Seite. Nachdem sich am Morgen die letzten Regenschauer verzogen hatten, stellte sich <a class=\"mh-excerpt-more\" href=\"https:\/\/www.ffw-berg.de\/wordpress\/4-kuppel-cup-2015-ergebnisse-und-bilder\/\" title=\"4. Kuppel-Cup 2015 &#8211; Ergebnisse\">[  Mehr &gt;&gt; ]<\/a><\/div>\n","protected":false},"author":2,"featured_media":207639,"comment_status":"closed","ping_status":"open","sticky":false,"template":"","format":"standard","meta":{"footnotes":""},"categories":[139,292],"tags":[],"class_list":{"0":"post-207633","1":"post","2":"type-post","3":"status-publish","4":"format-standard","5":"has-post-thumbnail","7":"category-kuppelcup","8":"category-kuppel-cup-2015"},"_links":{"self":[{"href":"https:\/\/www.ffw-berg.de\/wordpress\/wp-json\/wp\/v2\/posts\/207633","targetHints":{"allow":["GET"]}}],"collection":[{"href":"https:\/\/www.ffw-berg.de\/wordpress\/wp-json\/wp\/v2\/posts"}],"about":[{"href":"https:\/\/www.ffw-berg.de\/wordpress\/wp-json\/wp\/v2\/types\/post"}],"author":[{"embeddable":true,"href":"https:\/\/www.ffw-berg.de\/wordpress\/wp-json\/wp\/v2\/users\/2"}],"replies":[{"embeddable":true,"href":"https:\/\/www.ffw-berg.de\/wordpress\/wp-json\/wp\/v2\/comments?post=207633"}],"version-history":[{"count":0,"href":"https:\/\/www.ffw-berg.de\/wordpress\/wp-json\/wp\/v2\/posts\/207633\/revisions"}],"wp:featuredmedia":[{"embeddable":true,"href":"https:\/\/www.ffw-berg.de\/wordpress\/wp-json\/wp\/v2\/media\/207639"}],"wp:attachment":[{"href":"https:\/\/www.ffw-berg.de\/wordpress\/wp-json\/wp\/v2\/media?parent=207633"}],"wp:term":[{"taxonomy":"category","embeddable":true,"href":"https:\/\/www.ffw-berg.de\/wordpress\/wp-json\/wp\/v2\/categories?post=207633"},{"taxonomy":"post_tag","embeddable":true,"href":"https:\/\/www.ffw-berg.de\/wordpress\/wp-json\/wp\/v2\/tags?post=207633"}],"curies":[{"name":"wp","href":"https:\/\/api.w.org\/{rel}","templated":true}]}}