{"id":207656,"date":"2015-06-03T22:00:43","date_gmt":"2015-06-03T20:00:43","guid":{"rendered":"http:\/\/www.ffw-berg.de\/wordpress\/?p=207656"},"modified":"2018-01-26T18:54:33","modified_gmt":"2018-01-26T17:54:33","slug":"kuppel-cup-2015-berichterstattung","status":"publish","type":"post","link":"https:\/\/www.ffw-berg.de\/wordpress\/kuppel-cup-2015-berichterstattung\/","title":{"rendered":"Kuppel-Cup 2015 &#8211; Berichterstattung"},"content":{"rendered":"<h3><span style=\"color: #800000; font-family: arial, helvetica, sans-serif;\">Der Gegner hei\u00dft Stoppuhr &#8230;<\/span><\/h3>\n<p><span style=\"font-family: arial, helvetica, sans-serif; font-size: 14px;\">Der Kuppel-Cup 2015, den die FF Berg als Sieger des letztj\u00e4hrigen Turniers 2014 gewann und damit in diesem Jahr ausrichten durfte, erzielte auch ein reges Interesse in der Presse:<\/span><\/p>\n<ul>\n<li><span style=\"font-family: arial, helvetica, sans-serif; font-size: 14px;\">Bericht des KFV-Hof <strong><a href=\"#kfvbericht\">hier &gt;<\/a><\/strong><\/span><\/li>\n<li><span style=\"font-family: arial, helvetica, sans-serif; font-size: 14px;\">Pressebericht in der Frankenpost vom 02.06.15 (externer Link) <strong><a href=\"http:\/\/www.frankenpost.de\/lokal\/hofrehau\/hof-land\/Kuppeln-gegen-die-Stoppuhr;art2438,4120615\" target=\"_blank\" rel=\"noopener\">hier &gt;<\/a><\/strong><\/span><\/li>\n<\/ul>\n<p><img loading=\"lazy\" decoding=\"async\" class=\"aligncenter wp-image-207639 size-full\" src=\"http:\/\/www.ffw-berg.de\/wordpress\/wp-content\/uploads\/2015\/05\/DSC00515.jpg\" alt=\"Kuppel-Cup 2015\" width=\"640\" height=\"360\" srcset=\"https:\/\/www.ffw-berg.de\/wordpress\/wp-content\/uploads\/2015\/05\/DSC00515.jpg 640w, https:\/\/www.ffw-berg.de\/wordpress\/wp-content\/uploads\/2015\/05\/DSC00515-120x68.jpg 120w, https:\/\/www.ffw-berg.de\/wordpress\/wp-content\/uploads\/2015\/05\/DSC00515-300x169.jpg 300w, https:\/\/www.ffw-berg.de\/wordpress\/wp-content\/uploads\/2015\/05\/DSC00515-530x298.jpg 530w\" sizes=\"auto, (max-width: 640px) 100vw, 640px\" \/><\/p>\n<hr style=\"width: 700px;\" width=\"700px\" \/>\n<p>&nbsp;<\/p>\n<p>&nbsp;<\/p>\n<h3><span style=\"color: #800000; font-family: arial, helvetica, sans-serif;\">Bericht\u00a0des KFV-Hof:<\/span><\/h3>\n<p><span style=\"font-family: arial, helvetica, sans-serif; font-size: 12px;\"><em>Autor:\u00a0Sascha Ploss (Pressesprecher Kreisfeuerwehrverband Hof)<\/em><\/span><\/p>\n<p>[one_half]<\/p>\n<p><span style=\"font-family: arial, helvetica, sans-serif; font-size: 14px;\">Zum vierten Mal fand am 30.05.2015 der Kuppel-Cup der Feuerwehren aus Stadt und Landkreis Hof statt. Die Freiwillige Feuerwehr Berg war als Vorjahressieger diesmal Ausrichter.<\/span><\/p>\n<p style=\"text-align: justify;\"><span style=\"font-family: arial, helvetica, sans-serif; font-size: 14px;\">Insgesamt 29 Teams zu je vier Personen nahmen an der Wertung teil. F\u00fcr Jugendliche und Erwachsene gab es jeweils eine getrennte Wertungskategorie, erg\u00e4nzt um eine G\u00e4stekategorie, die von vier Teams der Feuerwehr Hirschberg bestritten wurde. Die j\u00fcngsten Teilnehmer aus der Kinderfeuerwehr Hirschberg waren dabei gerade mal acht Jahre alt.<\/span><\/p>\n<p style=\"text-align: justify;\"><span style=\"font-family: arial, helvetica, sans-serif; font-size: 14px;\">Die Regeln f\u00fcr die Durchf\u00fchrung wurden von den Richtlinien der Bayerischen Leistungspr\u00fcfung \u00fcbernommen. Die Aufgabe, die es dabei zu meistern gilt: Das Kuppeln einer Saugleitung mit vier Saugschl\u00e4uchen, Saugkorb, Anlegen der Halte- und der Ventilleine und anschlie\u00dfendem angedeutetem zu-Wasser-lassen der fertigen Saugleitung. Die ben\u00f6tigte Zeit wurde von den Schiedsrichtern gestoppt. F\u00fcr bestimmte Fehler wurden zus\u00e4tzlich vorher festgelegte Strafsekunden auf die Gesamtzeit addiert. Ein falsch am Saugkorb angelegter Knoten h\u00e4tte beispielsweise 15 Sekunden Strafzeit ergeben, ein zu kurzes Ende der Halteleine mit vergleichsweise g\u00fcnstigen drei Sekunden.<\/span><\/p>\n<p style=\"text-align: justify;\">[\/one_half]<\/p>\n<p style=\"text-align: justify;\">[one_half_last]<\/p>\n<p><span style=\"font-family: arial, helvetica, sans-serif; font-size: 14px;\"><strong><span style=\"text-decoration: underline; color: #800000;\">Die Platzierungen in den drei Kategorien:<\/span><\/strong><\/span><\/p>\n<p><span style=\"font-family: arial, helvetica, sans-serif; font-size: 14px;\"><strong>Erwachsene:<\/strong><\/span><br \/>\n<span style=\"font-family: arial, helvetica, sans-serif; font-size: 14px;\"> 1. Platz: Naila 1<\/span><br \/>\n<span style=\"font-family: arial, helvetica, sans-serif; font-size: 14px;\"> 2. Platz: Gottsmannsgr\u00fcn<\/span><br \/>\n<span style=\"font-family: arial, helvetica, sans-serif; font-size: 14px;\"> 3. Platz: Lichtenberg 3<\/span><\/p>\n<p><span style=\"font-family: arial, helvetica, sans-serif; font-size: 14px;\"><strong>Jugend:<\/strong><\/span><br \/>\n<span style=\"font-family: arial, helvetica, sans-serif; font-size: 14px;\"> 1. Platz: Lichtenberg 1<\/span><br \/>\n<span style=\"font-family: arial, helvetica, sans-serif; font-size: 14px;\"> 2. Platz: Zedtwitz 1<\/span><br \/>\n<span style=\"font-family: arial, helvetica, sans-serif; font-size: 14px;\"> 3. Platz: Zedtwitz 2<\/span><\/p>\n<p><span style=\"font-family: arial, helvetica, sans-serif; font-size: 14px;\"><strong>G\u00e4ste:<\/strong><\/span><br \/>\n<span style=\"font-family: arial, helvetica, sans-serif; font-size: 14px;\"> 1. Platz: Hirschberg 2<\/span><br \/>\n<span style=\"font-family: arial, helvetica, sans-serif; font-size: 14px;\"> 2. Platz: Hirschberg 1<\/span><br \/>\n<span style=\"font-family: arial, helvetica, sans-serif; font-size: 14px;\"> 3. Platz: Hirschberg 3<\/span><\/p>\n<p style=\"text-align: justify;\"><span style=\"font-size: 14px;\"><strong><span style=\"font-family: arial, helvetica, sans-serif;\">Der Wanderpokal f\u00fcr die Gesamtsieger ging folglich an das Team Naila 1, die somit auch den Kuppel-Cup im n\u00e4chsten Jahr ausrichten werden.<\/span><\/strong><\/span><\/p>\n<p style=\"text-align: justify;\"><span style=\"font-family: arial, helvetica, sans-serif; font-size: 10pt;\">[\/one_half_last]<\/span><\/p>\n","protected":false},"excerpt":{"rendered":"<div class=\"mh-excerpt\">Der Gegner hei\u00dft Stoppuhr &#8230; Der Kuppel-Cup 2015, den die FF Berg als Sieger des letztj\u00e4hrigen Turniers 2014 gewann und damit in diesem Jahr ausrichten durfte, erzielte auch ein reges <a class=\"mh-excerpt-more\" href=\"https:\/\/www.ffw-berg.de\/wordpress\/kuppel-cup-2015-berichterstattung\/\" title=\"Kuppel-Cup 2015 &#8211; Berichterstattung\">[  Mehr &gt;&gt; ]<\/a><\/div>\n","protected":false},"author":2,"featured_media":207671,"comment_status":"closed","ping_status":"open","sticky":false,"template":"","format":"standard","meta":{"footnotes":""},"categories":[139,292],"tags":[51,53,115,116,263,284,295,296,306,307,308,309],"class_list":{"0":"post-207656","1":"post","2":"type-post","3":"status-publish","4":"format-standard","5":"has-post-thumbnail","7":"category-kuppelcup","8":"category-kuppel-cup-2015","9":"tag-frankenpost","10":"tag-pressemitteilungen","11":"tag-landkreis-hof","12":"tag-stadt-hof","13":"tag-ff-berg","14":"tag-gemeinde-berg","15":"tag-kuppel-cup","16":"tag-kuppel-cup-2015","17":"tag-kfv-hof","18":"tag-presse","19":"tag-bericht","20":"tag-feuerwehr"},"_links":{"self":[{"href":"https:\/\/www.ffw-berg.de\/wordpress\/wp-json\/wp\/v2\/posts\/207656","targetHints":{"allow":["GET"]}}],"collection":[{"href":"https:\/\/www.ffw-berg.de\/wordpress\/wp-json\/wp\/v2\/posts"}],"about":[{"href":"https:\/\/www.ffw-berg.de\/wordpress\/wp-json\/wp\/v2\/types\/post"}],"author":[{"embeddable":true,"href":"https:\/\/www.ffw-berg.de\/wordpress\/wp-json\/wp\/v2\/users\/2"}],"replies":[{"embeddable":true,"href":"https:\/\/www.ffw-berg.de\/wordpress\/wp-json\/wp\/v2\/comments?post=207656"}],"version-history":[{"count":0,"href":"https:\/\/www.ffw-berg.de\/wordpress\/wp-json\/wp\/v2\/posts\/207656\/revisions"}],"wp:featuredmedia":[{"embeddable":true,"href":"https:\/\/www.ffw-berg.de\/wordpress\/wp-json\/wp\/v2\/media\/207671"}],"wp:attachment":[{"href":"https:\/\/www.ffw-berg.de\/wordpress\/wp-json\/wp\/v2\/media?parent=207656"}],"wp:term":[{"taxonomy":"category","embeddable":true,"href":"https:\/\/www.ffw-berg.de\/wordpress\/wp-json\/wp\/v2\/categories?post=207656"},{"taxonomy":"post_tag","embeddable":true,"href":"https:\/\/www.ffw-berg.de\/wordpress\/wp-json\/wp\/v2\/tags?post=207656"}],"curies":[{"name":"wp","href":"https:\/\/api.w.org\/{rel}","templated":true}]}}