{"id":207831,"date":"2015-07-14T10:00:18","date_gmt":"2015-07-14T08:00:18","guid":{"rendered":"http:\/\/www.ffw-berg.de\/wordpress\/?page_id=207831"},"modified":"2018-01-25T10:32:22","modified_gmt":"2018-01-25T09:32:22","slug":"die-ff-berg-zu-gast-beim-jakobus-kindergarten-berg","status":"publish","type":"post","link":"https:\/\/www.ffw-berg.de\/wordpress\/die-ff-berg-zu-gast-beim-jakobus-kindergarten-berg\/","title":{"rendered":"Die FF Berg zu Gast beim Jakobus-Kindergarten, Berg"},"content":{"rendered":"<h3><span style=\"font-family: arial, helvetica, sans-serif; color: #800000;\">Vorschulische Brandschutzerziehung<\/span><\/h3>\n<p style=\"text-align: justify;\"><span style=\"font-family: arial, helvetica, sans-serif; font-size: 14px;\">Am 14.07. besuchten mehrere Kameraden die Jakobus Kindertagesst\u00e4tte in Berg. <\/span><\/p>\n<p style=\"text-align: justify;\"><span style=\"font-size: 14px;\"><span style=\"font-family: arial, helvetica, sans-serif;\">Zweiter Kommandant Marco Kolbinger erkl\u00e4rte den Kindergartenkindern zuerst die Aufgaben der Feuerwehr, bevor er ihnen die pers\u00f6hnliche Schutzausr\u00fcstung eines Feuerwehrmannes vorstellte. <\/span><span style=\"font-family: arial, helvetica, sans-serif;\">Danach konnten\u00a0die Kinder unser LF 8\/6 aus der N\u00e4he erkunden, verschiedene Ger\u00e4tschaften anschauen und Fragen dazu stellen.<\/span><\/span><\/p>\n<p style=\"text-align: center;\"><span style=\"font-family: arial,helvetica,sans-serif; font-size: 8pt;\">Zur Vergr\u00f6\u00dferung Bilder anklicken!<\/span><\/p>\n<div id='gallery-1' class='gallery galleryid-207831 gallery-columns-3 gallery-size-medium'><figure class='gallery-item'>\n\t\t\t<div class='gallery-icon landscape'>\n\t\t\t\t<a href='https:\/\/www.ffw-berg.de\/wordpress\/wp-content\/uploads\/2015\/07\/jakobus_2015_4.jpg'><img loading=\"lazy\" decoding=\"async\" width=\"300\" height=\"225\" src=\"https:\/\/www.ffw-berg.de\/wordpress\/wp-content\/uploads\/2015\/07\/jakobus_2015_4-300x225.jpg\" class=\"attachment-medium size-medium\" alt=\"jakobus_2015_4\" srcset=\"https:\/\/www.ffw-berg.de\/wordpress\/wp-content\/uploads\/2015\/07\/jakobus_2015_4-300x225.jpg 300w, https:\/\/www.ffw-berg.de\/wordpress\/wp-content\/uploads\/2015\/07\/jakobus_2015_4-120x90.jpg 120w, https:\/\/www.ffw-berg.de\/wordpress\/wp-content\/uploads\/2015\/07\/jakobus_2015_4-768x576.jpg 768w, https:\/\/www.ffw-berg.de\/wordpress\/wp-content\/uploads\/2015\/07\/jakobus_2015_4-700x525.jpg 700w, https:\/\/www.ffw-berg.de\/wordpress\/wp-content\/uploads\/2015\/07\/jakobus_2015_4-678x509.jpg 678w, https:\/\/www.ffw-berg.de\/wordpress\/wp-content\/uploads\/2015\/07\/jakobus_2015_4-326x245.jpg 326w, https:\/\/www.ffw-berg.de\/wordpress\/wp-content\/uploads\/2015\/07\/jakobus_2015_4-80x60.jpg 80w, https:\/\/www.ffw-berg.de\/wordpress\/wp-content\/uploads\/2015\/07\/jakobus_2015_4-530x398.jpg 530w, https:\/\/www.ffw-berg.de\/wordpress\/wp-content\/uploads\/2015\/07\/jakobus_2015_4.jpg 1024w\" sizes=\"auto, (max-width: 300px) 100vw, 300px\" \/><\/a>\n\t\t\t<\/div><\/figure><figure class='gallery-item'>\n\t\t\t<div class='gallery-icon landscape'>\n\t\t\t\t<a href='https:\/\/www.ffw-berg.de\/wordpress\/wp-content\/uploads\/2015\/07\/jakobus_2015_3.jpg'><img loading=\"lazy\" decoding=\"async\" width=\"300\" height=\"225\" src=\"https:\/\/www.ffw-berg.de\/wordpress\/wp-content\/uploads\/2015\/07\/jakobus_2015_3-300x225.jpg\" class=\"attachment-medium size-medium\" alt=\"jakobus_2015_3\" srcset=\"https:\/\/www.ffw-berg.de\/wordpress\/wp-content\/uploads\/2015\/07\/jakobus_2015_3-300x225.jpg 300w, https:\/\/www.ffw-berg.de\/wordpress\/wp-content\/uploads\/2015\/07\/jakobus_2015_3-120x90.jpg 120w, https:\/\/www.ffw-berg.de\/wordpress\/wp-content\/uploads\/2015\/07\/jakobus_2015_3-768x576.jpg 768w, https:\/\/www.ffw-berg.de\/wordpress\/wp-content\/uploads\/2015\/07\/jakobus_2015_3-700x525.jpg 700w, https:\/\/www.ffw-berg.de\/wordpress\/wp-content\/uploads\/2015\/07\/jakobus_2015_3-678x509.jpg 678w, https:\/\/www.ffw-berg.de\/wordpress\/wp-content\/uploads\/2015\/07\/jakobus_2015_3-326x245.jpg 326w, https:\/\/www.ffw-berg.de\/wordpress\/wp-content\/uploads\/2015\/07\/jakobus_2015_3-80x60.jpg 80w, https:\/\/www.ffw-berg.de\/wordpress\/wp-content\/uploads\/2015\/07\/jakobus_2015_3-530x398.jpg 530w, https:\/\/www.ffw-berg.de\/wordpress\/wp-content\/uploads\/2015\/07\/jakobus_2015_3.jpg 1024w\" sizes=\"auto, (max-width: 300px) 100vw, 300px\" \/><\/a>\n\t\t\t<\/div><\/figure><figure class='gallery-item'>\n\t\t\t<div class='gallery-icon landscape'>\n\t\t\t\t<a href='https:\/\/www.ffw-berg.de\/wordpress\/wp-content\/uploads\/2015\/07\/jakobus_2015_2.jpg'><img loading=\"lazy\" decoding=\"async\" width=\"300\" height=\"225\" src=\"https:\/\/www.ffw-berg.de\/wordpress\/wp-content\/uploads\/2015\/07\/jakobus_2015_2-300x225.jpg\" class=\"attachment-medium size-medium\" alt=\"jakobus_2015_2\" srcset=\"https:\/\/www.ffw-berg.de\/wordpress\/wp-content\/uploads\/2015\/07\/jakobus_2015_2-300x225.jpg 300w, https:\/\/www.ffw-berg.de\/wordpress\/wp-content\/uploads\/2015\/07\/jakobus_2015_2-120x90.jpg 120w, https:\/\/www.ffw-berg.de\/wordpress\/wp-content\/uploads\/2015\/07\/jakobus_2015_2-768x576.jpg 768w, https:\/\/www.ffw-berg.de\/wordpress\/wp-content\/uploads\/2015\/07\/jakobus_2015_2-700x525.jpg 700w, https:\/\/www.ffw-berg.de\/wordpress\/wp-content\/uploads\/2015\/07\/jakobus_2015_2-678x509.jpg 678w, https:\/\/www.ffw-berg.de\/wordpress\/wp-content\/uploads\/2015\/07\/jakobus_2015_2-326x245.jpg 326w, https:\/\/www.ffw-berg.de\/wordpress\/wp-content\/uploads\/2015\/07\/jakobus_2015_2-80x60.jpg 80w, https:\/\/www.ffw-berg.de\/wordpress\/wp-content\/uploads\/2015\/07\/jakobus_2015_2-530x398.jpg 530w, https:\/\/www.ffw-berg.de\/wordpress\/wp-content\/uploads\/2015\/07\/jakobus_2015_2.jpg 1024w\" sizes=\"auto, (max-width: 300px) 100vw, 300px\" \/><\/a>\n\t\t\t<\/div><\/figure>\n\t\t<\/div>\n\n<p><img loading=\"lazy\" decoding=\"async\" class=\"aligncenter wp-image-207833 size-full\" src=\"http:\/\/www.ffw-berg.de\/wordpress\/wp-content\/uploads\/2015\/07\/jakobus_2015_1-e1437687884601.jpg\" alt=\"jakobus_2015_1\" width=\"740\" height=\"555\" srcset=\"https:\/\/www.ffw-berg.de\/wordpress\/wp-content\/uploads\/2015\/07\/jakobus_2015_1-e1437687884601.jpg 740w, https:\/\/www.ffw-berg.de\/wordpress\/wp-content\/uploads\/2015\/07\/jakobus_2015_1-e1437687884601-120x90.jpg 120w, https:\/\/www.ffw-berg.de\/wordpress\/wp-content\/uploads\/2015\/07\/jakobus_2015_1-e1437687884601-300x225.jpg 300w, https:\/\/www.ffw-berg.de\/wordpress\/wp-content\/uploads\/2015\/07\/jakobus_2015_1-e1437687884601-700x525.jpg 700w, https:\/\/www.ffw-berg.de\/wordpress\/wp-content\/uploads\/2015\/07\/jakobus_2015_1-e1437687884601-678x509.jpg 678w, https:\/\/www.ffw-berg.de\/wordpress\/wp-content\/uploads\/2015\/07\/jakobus_2015_1-e1437687884601-326x245.jpg 326w, https:\/\/www.ffw-berg.de\/wordpress\/wp-content\/uploads\/2015\/07\/jakobus_2015_1-e1437687884601-80x60.jpg 80w\" sizes=\"auto, (max-width: 740px) 100vw, 740px\" \/><\/p>\n","protected":false},"excerpt":{"rendered":"<div class=\"mh-excerpt\"><span style=\"font-family: arial,helvetica,sans-serif; color: #ff0000; font-size: 12pt;\">Vorschulische Brandschutzerziehung<\/span><br \/>\n<span style=\"font-family: arial,helvetica,sans-serif; font-size: 10pt;\">Am 14.07. besuchten mehrere Kameraden die Jakobus Kindertagesst\u00e4tte in Berg.<\/span><\/div>\n<p> <a class=\"mh-excerpt-more\" href=\"https:\/\/www.ffw-berg.de\/wordpress\/die-ff-berg-zu-gast-beim-jakobus-kindergarten-berg\/\" title=\"Die FF Berg zu Gast beim Jakobus-Kindergarten, Berg\">[  Mehr &gt;&gt; ]<\/a><\/p>\n","protected":false},"author":2,"featured_media":207833,"comment_status":"closed","ping_status":"open","sticky":false,"template":"","format":"standard","meta":{"footnotes":""},"categories":[747],"tags":[],"class_list":{"0":"post-207831","1":"post","2":"type-post","3":"status-publish","4":"format-standard","5":"has-post-thumbnail","7":"category-wir-ueber-uns-2"},"_links":{"self":[{"href":"https:\/\/www.ffw-berg.de\/wordpress\/wp-json\/wp\/v2\/posts\/207831","targetHints":{"allow":["GET"]}}],"collection":[{"href":"https:\/\/www.ffw-berg.de\/wordpress\/wp-json\/wp\/v2\/posts"}],"about":[{"href":"https:\/\/www.ffw-berg.de\/wordpress\/wp-json\/wp\/v2\/types\/post"}],"author":[{"embeddable":true,"href":"https:\/\/www.ffw-berg.de\/wordpress\/wp-json\/wp\/v2\/users\/2"}],"replies":[{"embeddable":true,"href":"https:\/\/www.ffw-berg.de\/wordpress\/wp-json\/wp\/v2\/comments?post=207831"}],"version-history":[{"count":0,"href":"https:\/\/www.ffw-berg.de\/wordpress\/wp-json\/wp\/v2\/posts\/207831\/revisions"}],"wp:featuredmedia":[{"embeddable":true,"href":"https:\/\/www.ffw-berg.de\/wordpress\/wp-json\/wp\/v2\/media\/207833"}],"wp:attachment":[{"href":"https:\/\/www.ffw-berg.de\/wordpress\/wp-json\/wp\/v2\/media?parent=207831"}],"wp:term":[{"taxonomy":"category","embeddable":true,"href":"https:\/\/www.ffw-berg.de\/wordpress\/wp-json\/wp\/v2\/categories?post=207831"},{"taxonomy":"post_tag","embeddable":true,"href":"https:\/\/www.ffw-berg.de\/wordpress\/wp-json\/wp\/v2\/tags?post=207831"}],"curies":[{"name":"wp","href":"https:\/\/api.w.org\/{rel}","templated":true}]}}