{"id":207877,"date":"2015-07-05T13:00:43","date_gmt":"2015-07-05T11:00:43","guid":{"rendered":"http:\/\/www.ffw-berg.de\/wordpress\/?page_id=207877"},"modified":"2018-01-25T10:41:31","modified_gmt":"2018-01-25T09:41:31","slug":"historischer-umzug-zum-150-berger-wiesenfest-2015","status":"publish","type":"post","link":"https:\/\/www.ffw-berg.de\/wordpress\/historischer-umzug-zum-150-berger-wiesenfest-2015\/","title":{"rendered":"Historischer Umzug zum 150. Berger Wiesenfest 2015"},"content":{"rendered":"<h3><span style=\"color: #ff0000;\"><span style=\"font-family: arial, helvetica, sans-serif; color: #800000;\">Feuerwehren des Berger Winkels und benachbarter Wehren mit historischen Fahrzeugen<\/span><br \/>\n<\/span><\/h3>\n<p><span style=\"text-decoration: underline; font-size: 14px;\"><span style=\"font-family: arial, helvetica, sans-serif;\">Ausz\u00fcge aus der Berichterstattung<\/span><\/span><\/p>\n<figure id=\"attachment_207950\" aria-describedby=\"caption-attachment-207950\" style=\"width: 300px\" class=\"wp-caption alignright\"><a href=\"http:\/\/www.ffw-berg.de\/wordpress\/wp-content\/uploads\/2015\/07\/FF-Berg_8.jpg\"><img loading=\"lazy\" decoding=\"async\" class=\"wp-image-207950 size-medium\" title=\"Zur Vergr\u00f6\u00dferung anklicken\" src=\"http:\/\/www.ffw-berg.de\/wordpress\/wp-content\/uploads\/2015\/07\/FF-Berg_8-300x225.jpg\" width=\"300\" height=\"225\" srcset=\"https:\/\/www.ffw-berg.de\/wordpress\/wp-content\/uploads\/2015\/07\/FF-Berg_8-300x225.jpg 300w, https:\/\/www.ffw-berg.de\/wordpress\/wp-content\/uploads\/2015\/07\/FF-Berg_8-120x90.jpg 120w, https:\/\/www.ffw-berg.de\/wordpress\/wp-content\/uploads\/2015\/07\/FF-Berg_8-768x576.jpg 768w, https:\/\/www.ffw-berg.de\/wordpress\/wp-content\/uploads\/2015\/07\/FF-Berg_8-700x525.jpg 700w, https:\/\/www.ffw-berg.de\/wordpress\/wp-content\/uploads\/2015\/07\/FF-Berg_8-678x509.jpg 678w, https:\/\/www.ffw-berg.de\/wordpress\/wp-content\/uploads\/2015\/07\/FF-Berg_8-326x245.jpg 326w, https:\/\/www.ffw-berg.de\/wordpress\/wp-content\/uploads\/2015\/07\/FF-Berg_8-80x60.jpg 80w, https:\/\/www.ffw-berg.de\/wordpress\/wp-content\/uploads\/2015\/07\/FF-Berg_8-530x398.jpg 530w, https:\/\/www.ffw-berg.de\/wordpress\/wp-content\/uploads\/2015\/07\/FF-Berg_8.jpg 1024w\" sizes=\"auto, (max-width: 300px) 100vw, 300px\" \/><\/a><figcaption id=\"caption-attachment-207950\" class=\"wp-caption-text\"><span style=\"font-family: arial, helvetica, sans-serif;\">Wegen der gro\u00dfen Hitze wurde die Umzugsstrecke verk\u00fcrzt.<\/span><\/figcaption><\/figure>\n<p><span style=\"font-family: arial, helvetica, sans-serif; font-size: 12px; color: #808080;\"><em>Quelle: Amtl. Bekanntmachungen Rathaus Berg, aus &#8222;Wir im Frankenwald&#8220;, Ausgabe Berg, Nr. 28 vom 10. Juli 2015, Seite 16+17<\/em><\/span><\/p>\n<p style=\"text-align: justify;\"><span style=\"font-family: arial, helvetica, sans-serif; font-size: 14px;\">&#8222;(&#8230;) Trotz tropischer Temperaturen lie\u00dfen sich die Berger die Laune beim Wiesenfestumzug nicht verderben. Es wurde aber eine verk\u00fcrzte Wegstrecke gelaufen. Die Feuerwehrschalmeienkapelle Bernsgr\u00fcn, die Schalmeienkapelle Hirschberg und die Blaskapelle T\u00f6pen sorgten f\u00fcr den richtigen Marschtritt. (&#8230;) <strong>Die Tiefengr\u00fcner Wehr war mit einem Traktor dabei, der die TS 8 von 1935 zog, gefolgt von der Feuerwehr aus dem th\u00fcringischen Pottiga mit Traktor und Schlauchanh\u00e4nger von 1956 in originalen Uniformen, der Rudolphsteiner Wehr mit einer Gruppe und der alten Spritze. Ein Hingucker waren die zwei Oldtimerfahrzeuge sowie Traktor mit \u201ealter\u201c Spritze der Hirschberger Wehr.<\/strong>\u00a0 (&#8230;)&#8220;<\/span><\/p>\n<p style=\"text-align: left;\"><span style=\"font-family: arial, helvetica, sans-serif; font-size: 10pt;\"><span style=\"font-size: 14px;\">Sie k\u00f6nnen die Gesamtausgabe mit dem vollst\u00e4ndigen Artikel <strong><span style=\"background-color: #fcb3ae; border: 1px solid #f73325; padding: 2px 5px; border-radius: 3px;\"><a href=\"http:\/\/gemeindeberg.de\/export_download.php?id=1749\" target=\"_blank\" rel=\"noopener\">hier herunterladen &gt;<\/a><\/span><\/strong><\/span>\u00a0<span style=\"font-size: 11px;\">(PDF, 3,7 MB, vom Server der Gemeinde Berg)<\/span><\/span><\/p>\n<p style=\"text-align: center;\"><span style=\"font-family: arial, helvetica, sans-serif; font-size: 10px;\">Zur Vergr\u00f6\u00dferung Bilder anklicken!<\/span><\/p>\n<h4 style=\"text-align: center;\"><span style=\"color: #800000;\"><span style=\"font-family: arial, helvetica, sans-serif;\">\u00a0Alle Bilder vom Umzug in unserem Album bei<\/span><br \/>\n<\/span><\/h4>\n<blockquote class=\"embedly-card\" data-card-controls=\"0\" data-card-align=\"center\" data-card-theme=\"light\">\n<h4><a href=\"https:\/\/goo.gl\/photos\/7UHuNVDGgKsEDpuz6\">No Title<\/a><\/h4>\n<p>No Description<\/p>\n<\/blockquote>\n<p><script async src=\"\/\/cdn.embedly.com\/widgets\/platform.js\" charset=\"UTF-8\"><\/script><\/p>\n<p style=\"text-align: center;\"><span style=\"font-family: arial, helvetica, sans-serif; font-size: 14px;\">Wir danken Christina Schiller, Christoph Wolfrum und Ralf Hohberger f\u00fcr die Nutzungsm\u00f6glichkeit der Bilder!<\/span><\/p>\n<p style=\"text-align: center;\">\n","protected":false},"excerpt":{"rendered":"<div class=\"mh-excerpt\">Trotz tropischer Hitze fanden sich viele B\u00fcrger zum diesj\u00e4hrigen, historischen Wiesenfestumzug ein, der zwar aus Hitzegr\u00fcnden etwas gek\u00fcrzt wurde, aber diesmal mehr Teilnehmer hatte. In historischen Kost\u00fcmen, zu Fu\u00df, zu Pferd oder in historischen Feuerwehr-Fahrzeugen zogen die Marschgruppen an den begeisterten Zuschauern vorbei.<br \/>\nInfos &amp; Bilder hier!<\/div>\n<p> <a class=\"mh-excerpt-more\" href=\"https:\/\/www.ffw-berg.de\/wordpress\/historischer-umzug-zum-150-berger-wiesenfest-2015\/\" title=\"Historischer Umzug zum 150. Berger Wiesenfest 2015\">[  Mehr &gt;&gt; ]<\/a><\/p>\n","protected":false},"author":2,"featured_media":207950,"comment_status":"closed","ping_status":"open","sticky":false,"template":"","format":"standard","meta":{"footnotes":""},"categories":[747],"tags":[],"class_list":{"0":"post-207877","1":"post","2":"type-post","3":"status-publish","4":"format-standard","5":"has-post-thumbnail","7":"category-wir-ueber-uns-2"},"_links":{"self":[{"href":"https:\/\/www.ffw-berg.de\/wordpress\/wp-json\/wp\/v2\/posts\/207877","targetHints":{"allow":["GET"]}}],"collection":[{"href":"https:\/\/www.ffw-berg.de\/wordpress\/wp-json\/wp\/v2\/posts"}],"about":[{"href":"https:\/\/www.ffw-berg.de\/wordpress\/wp-json\/wp\/v2\/types\/post"}],"author":[{"embeddable":true,"href":"https:\/\/www.ffw-berg.de\/wordpress\/wp-json\/wp\/v2\/users\/2"}],"replies":[{"embeddable":true,"href":"https:\/\/www.ffw-berg.de\/wordpress\/wp-json\/wp\/v2\/comments?post=207877"}],"version-history":[{"count":0,"href":"https:\/\/www.ffw-berg.de\/wordpress\/wp-json\/wp\/v2\/posts\/207877\/revisions"}],"wp:featuredmedia":[{"embeddable":true,"href":"https:\/\/www.ffw-berg.de\/wordpress\/wp-json\/wp\/v2\/media\/207950"}],"wp:attachment":[{"href":"https:\/\/www.ffw-berg.de\/wordpress\/wp-json\/wp\/v2\/media?parent=207877"}],"wp:term":[{"taxonomy":"category","embeddable":true,"href":"https:\/\/www.ffw-berg.de\/wordpress\/wp-json\/wp\/v2\/categories?post=207877"},{"taxonomy":"post_tag","embeddable":true,"href":"https:\/\/www.ffw-berg.de\/wordpress\/wp-json\/wp\/v2\/tags?post=207877"}],"curies":[{"name":"wp","href":"https:\/\/api.w.org\/{rel}","templated":true}]}}