{"id":207884,"date":"2015-07-26T20:00:22","date_gmt":"2015-07-26T18:00:22","guid":{"rendered":"http:\/\/www.ffw-berg.de\/wordpress\/?p=207884"},"modified":"2019-01-15T15:06:40","modified_gmt":"2019-01-15T14:06:40","slug":"30-kreisjugendfeuerwehrtag-2015-mit-zeltlager-in-rehau","status":"publish","type":"post","link":"https:\/\/www.ffw-berg.de\/wordpress\/30-kreisjugendfeuerwehrtag-2015-mit-zeltlager-in-rehau\/","title":{"rendered":"30. Kreisjugendfeuerwehrtag 2015 mit Zeltlager in Rehau"},"content":{"rendered":"\n<h2 class=\"wp-block-heading\">Volles Programm, begeisterte Jugendliche und ein 1. Platz f\u00fcr die JF der FF Berg <span style=\"color: #800000; font-family: arial, helvetica, sans-serif;\"><\/span><\/h2>\n\n\n\n<p class=\"has-small-font-size\">Von&nbsp;Maximillian Schaller, Jugendwart <span style=\"font-family: arial, helvetica, sans-serif; font-size: 12px;\"><\/span><\/p>\n\n\n\n<p>Vom 24.07. bis zum 26.07. fand der 30. Kreisjugendfeuerwehrtag des Landkreises Hof mit Zeltlager in Rehau statt, an dem auch unsere Jugendgruppe teilnahm. Am Freitagnachmittag mussten die 6 Jugendlichen mit ihren 2 Jugendwarten zuerst einmal das Zelt und die Feldbetten aufbauen, f\u00fcr die Bereitstellung des Zeltes m\u00f6chten wir uns nochmal recht herzlich bei der BRK Bereitschaft Berg bedanken. <span style=\"font-family: arial, helvetica, sans-serif; font-size: 14px;\"><\/span><\/p>\n\n\n\n<p style=\"text-align:center\"><div id='gallery-1' class='gallery galleryid-207884 gallery-columns-2 gallery-size-medium'><figure class='gallery-item'>\n\t\t\t<div class='gallery-icon landscape'>\n\t\t\t\t<a href='https:\/\/www.ffw-berg.de\/wordpress\/wp-content\/uploads\/2015\/07\/kjf-Zeltlager2015_2.jpg'><img loading=\"lazy\" decoding=\"async\" width=\"300\" height=\"200\" src=\"https:\/\/www.ffw-berg.de\/wordpress\/wp-content\/uploads\/2015\/07\/kjf-Zeltlager2015_2-300x200.jpg\" class=\"attachment-medium size-medium\" alt=\"kjf-Zeltlager2015_2\" srcset=\"https:\/\/www.ffw-berg.de\/wordpress\/wp-content\/uploads\/2015\/07\/kjf-Zeltlager2015_2-300x200.jpg 300w, https:\/\/www.ffw-berg.de\/wordpress\/wp-content\/uploads\/2015\/07\/kjf-Zeltlager2015_2-120x80.jpg 120w, https:\/\/www.ffw-berg.de\/wordpress\/wp-content\/uploads\/2015\/07\/kjf-Zeltlager2015_2-768x512.jpg 768w, https:\/\/www.ffw-berg.de\/wordpress\/wp-content\/uploads\/2015\/07\/kjf-Zeltlager2015_2-700x467.jpg 700w, https:\/\/www.ffw-berg.de\/wordpress\/wp-content\/uploads\/2015\/07\/kjf-Zeltlager2015_2-530x354.jpg 530w, https:\/\/www.ffw-berg.de\/wordpress\/wp-content\/uploads\/2015\/07\/kjf-Zeltlager2015_2.jpg 1024w\" sizes=\"auto, (max-width: 300px) 100vw, 300px\" \/><\/a>\n\t\t\t<\/div><\/figure><figure class='gallery-item'>\n\t\t\t<div class='gallery-icon landscape'>\n\t\t\t\t<a href='https:\/\/www.ffw-berg.de\/wordpress\/wp-content\/uploads\/2015\/07\/kjf-Zeltlager2015_3.jpg'><img loading=\"lazy\" decoding=\"async\" width=\"300\" height=\"200\" src=\"https:\/\/www.ffw-berg.de\/wordpress\/wp-content\/uploads\/2015\/07\/kjf-Zeltlager2015_3-300x200.jpg\" class=\"attachment-medium size-medium\" alt=\"kjf-Zeltlager2015_3\" srcset=\"https:\/\/www.ffw-berg.de\/wordpress\/wp-content\/uploads\/2015\/07\/kjf-Zeltlager2015_3-300x200.jpg 300w, https:\/\/www.ffw-berg.de\/wordpress\/wp-content\/uploads\/2015\/07\/kjf-Zeltlager2015_3-120x80.jpg 120w, https:\/\/www.ffw-berg.de\/wordpress\/wp-content\/uploads\/2015\/07\/kjf-Zeltlager2015_3-768x512.jpg 768w, https:\/\/www.ffw-berg.de\/wordpress\/wp-content\/uploads\/2015\/07\/kjf-Zeltlager2015_3-700x467.jpg 700w, https:\/\/www.ffw-berg.de\/wordpress\/wp-content\/uploads\/2015\/07\/kjf-Zeltlager2015_3-530x354.jpg 530w, https:\/\/www.ffw-berg.de\/wordpress\/wp-content\/uploads\/2015\/07\/kjf-Zeltlager2015_3.jpg 1024w\" sizes=\"auto, (max-width: 300px) 100vw, 300px\" \/><\/a>\n\t\t\t<\/div><\/figure>\n\t\t<\/div>\n<\/p>\n\n\n\n<div class=\"wp-block-image\"><figure class=\"aligncenter\"><a href=\"http:\/\/www.ffw-berg.de\/wordpress\/wp-content\/uploads\/2015\/07\/kjf-Zeltlager2015_10.jpg\"><img loading=\"lazy\" decoding=\"async\" width=\"700\" height=\"468\" src=\"https:\/\/www.ffw-berg.de\/wordpress\/wp-content\/uploads\/2015\/07\/kjf-Zeltlager2015_10-700x468.jpg\" alt=\"kjf-Zeltlager2015_10\" class=\"wp-image-207892\" srcset=\"https:\/\/www.ffw-berg.de\/wordpress\/wp-content\/uploads\/2015\/07\/kjf-Zeltlager2015_10-700x468.jpg 700w, https:\/\/www.ffw-berg.de\/wordpress\/wp-content\/uploads\/2015\/07\/kjf-Zeltlager2015_10-120x80.jpg 120w, https:\/\/www.ffw-berg.de\/wordpress\/wp-content\/uploads\/2015\/07\/kjf-Zeltlager2015_10-768x513.jpg 768w, https:\/\/www.ffw-berg.de\/wordpress\/wp-content\/uploads\/2015\/07\/kjf-Zeltlager2015_10-300x200.jpg 300w, https:\/\/www.ffw-berg.de\/wordpress\/wp-content\/uploads\/2015\/07\/kjf-Zeltlager2015_10-530x354.jpg 530w, https:\/\/www.ffw-berg.de\/wordpress\/wp-content\/uploads\/2015\/07\/kjf-Zeltlager2015_10.jpg 1024w\" sizes=\"auto, (max-width: 700px) 100vw, 700px\" \/><\/a><figcaption><span style=\"font-family: arial,helvetica,sans-serif;\">Die teilnehmenden Jugendlichen der JF Berg mit ihren 2 Jugendwarten vor den fertigen Zelt <\/span><\/figcaption><\/figure><\/div>\n\n\n\n<p>Am Abend fand dann die offizielle Er\u00f6ffnung des Zeltlagers durch den Schirmherr und Landrat Dr. Oliver B\u00e4r und Kreisbrandrat Reiner Hoffmann statt. Au\u00dferdem wurde der neue Kreisbrandmeister f\u00fcr Jugend, Florian Strobel aus Joditz, den Feuerwehren vorgestellt. <span style=\"font-family: arial, helvetica, sans-serif; font-size: 14px;\"><\/span><\/p>\n\n\n\n<ul class=\"wp-block-gallery columns-2 is-cropped wp-block-gallery-1 is-layout-flex wp-block-gallery-is-layout-flex\"><li class=\"blocks-gallery-item\"><figure><a href=\"https:\/\/www.ffw-berg.de\/wordpress\/wp-content\/uploads\/2015\/07\/kjf-Zeltlager2015_6.jpg\"><img loading=\"lazy\" decoding=\"async\" width=\"1024\" height=\"683\" src=\"https:\/\/www.ffw-berg.de\/wordpress\/wp-content\/uploads\/2015\/07\/kjf-Zeltlager2015_6.jpg\" alt=\"kjf-Zeltlager2015_6\" data-id=\"207893\" class=\"wp-image-207893\" srcset=\"https:\/\/www.ffw-berg.de\/wordpress\/wp-content\/uploads\/2015\/07\/kjf-Zeltlager2015_6.jpg 1024w, https:\/\/www.ffw-berg.de\/wordpress\/wp-content\/uploads\/2015\/07\/kjf-Zeltlager2015_6-120x80.jpg 120w, https:\/\/www.ffw-berg.de\/wordpress\/wp-content\/uploads\/2015\/07\/kjf-Zeltlager2015_6-768x512.jpg 768w, https:\/\/www.ffw-berg.de\/wordpress\/wp-content\/uploads\/2015\/07\/kjf-Zeltlager2015_6-700x467.jpg 700w, https:\/\/www.ffw-berg.de\/wordpress\/wp-content\/uploads\/2015\/07\/kjf-Zeltlager2015_6-300x200.jpg 300w, https:\/\/www.ffw-berg.de\/wordpress\/wp-content\/uploads\/2015\/07\/kjf-Zeltlager2015_6-530x354.jpg 530w\" sizes=\"auto, (max-width: 1024px) 100vw, 1024px\" \/><\/a><figcaption>Landrat Dr. Oliver B\u00e4r<\/figcaption><\/figure><\/li><li class=\"blocks-gallery-item\"><figure><a href=\"https:\/\/www.ffw-berg.de\/wordpress\/wp-content\/uploads\/2015\/07\/kjf-Zeltlager2015_8.jpg\"><img loading=\"lazy\" decoding=\"async\" width=\"1024\" height=\"683\" src=\"https:\/\/www.ffw-berg.de\/wordpress\/wp-content\/uploads\/2015\/07\/kjf-Zeltlager2015_8.jpg\" alt=\"kjf-Zeltlager2015_8\" data-id=\"207894\" class=\"wp-image-207894\" srcset=\"https:\/\/www.ffw-berg.de\/wordpress\/wp-content\/uploads\/2015\/07\/kjf-Zeltlager2015_8.jpg 1024w, https:\/\/www.ffw-berg.de\/wordpress\/wp-content\/uploads\/2015\/07\/kjf-Zeltlager2015_8-120x80.jpg 120w, https:\/\/www.ffw-berg.de\/wordpress\/wp-content\/uploads\/2015\/07\/kjf-Zeltlager2015_8-768x512.jpg 768w, https:\/\/www.ffw-berg.de\/wordpress\/wp-content\/uploads\/2015\/07\/kjf-Zeltlager2015_8-700x467.jpg 700w, https:\/\/www.ffw-berg.de\/wordpress\/wp-content\/uploads\/2015\/07\/kjf-Zeltlager2015_8-300x200.jpg 300w, https:\/\/www.ffw-berg.de\/wordpress\/wp-content\/uploads\/2015\/07\/kjf-Zeltlager2015_8-530x354.jpg 530w\" sizes=\"auto, (max-width: 1024px) 100vw, 1024px\" \/><\/a><figcaption>KBR Reiner Hoffmann &amp; KBM f\u00fcr Jugend Florian Strobel<\/figcaption><\/figure><\/li><\/ul>\n\n\n\n<p>Am Samstagmorgen hatten die Jugendlichen nach dem Fr\u00fchst\u00fcck die M\u00f6glichkeit verschiedene Betriebe in Rehau zu besichtigen. Neben der Rehau AG konnten ebenfalls die Firmen Lamilux, S\u00fcdleder, B\u00f6hme Wertstofferfassung und die Autobahnmeisterei besichtigt werden und sich \u00fcber deren Aufgaben und Ausbildungsm\u00f6glichkeiten informieren.  <\/p>\n\n\n\n<p>Nach dem Mittagessen stand dann f\u00fcr die Jugendlichen die Ausbildungs- und Informationswanderung auf dem Plan. Hierf\u00fcr wurden die Jugendlichen in Gruppen zu je 4 Jugendlichen aus verschiedenen Feuerwehren aufgeteilt. Auf der 4 Kilometer langen Strecke mussten verschiedene feuerwehrtechnische \u00dcbungen abgelegt werden, wie z.B. das Anlegen eines Mastwurfes an einem Saugkorb oder die korrekte Inbetriebnahme eines Unterflurhydranten. Aber auch verschiedene Gaudi Stationen waren Teil der Strecke. Nach der Wanderung klang&nbsp;der Samstagabend noch mit einem gemeinsamen Grillen und Lagerfeuer aus.  <span style=\"font-family: arial, helvetica, sans-serif; font-size: 14px;\"><span style=\"font-family: arial, helvetica, sans-serif; font-size: 14px;\"><\/span><\/span><\/p>\n\n\n\n<ul class=\"wp-block-gallery columns-3 is-cropped wp-block-gallery-2 is-layout-flex wp-block-gallery-is-layout-flex\"><li class=\"blocks-gallery-item\"><figure><a href=\"https:\/\/www.ffw-berg.de\/wordpress\/wp-content\/uploads\/2015\/07\/kjf-Zeltlager2015_30.jpg\"><img loading=\"lazy\" decoding=\"async\" width=\"1024\" height=\"683\" src=\"https:\/\/www.ffw-berg.de\/wordpress\/wp-content\/uploads\/2015\/07\/kjf-Zeltlager2015_30.jpg\" alt=\"kjf-Zeltlager2015_30\" data-id=\"207898\" class=\"wp-image-207898\" srcset=\"https:\/\/www.ffw-berg.de\/wordpress\/wp-content\/uploads\/2015\/07\/kjf-Zeltlager2015_30.jpg 1024w, https:\/\/www.ffw-berg.de\/wordpress\/wp-content\/uploads\/2015\/07\/kjf-Zeltlager2015_30-120x80.jpg 120w, https:\/\/www.ffw-berg.de\/wordpress\/wp-content\/uploads\/2015\/07\/kjf-Zeltlager2015_30-768x512.jpg 768w, https:\/\/www.ffw-berg.de\/wordpress\/wp-content\/uploads\/2015\/07\/kjf-Zeltlager2015_30-700x467.jpg 700w, https:\/\/www.ffw-berg.de\/wordpress\/wp-content\/uploads\/2015\/07\/kjf-Zeltlager2015_30-300x200.jpg 300w, https:\/\/www.ffw-berg.de\/wordpress\/wp-content\/uploads\/2015\/07\/kjf-Zeltlager2015_30-530x354.jpg 530w\" sizes=\"auto, (max-width: 1024px) 100vw, 1024px\" \/><\/a><\/figure><\/li><li class=\"blocks-gallery-item\"><figure><a href=\"https:\/\/www.ffw-berg.de\/wordpress\/wp-content\/uploads\/2015\/07\/kjf-Zeltlager2015_43.jpg\"><img loading=\"lazy\" decoding=\"async\" width=\"1024\" height=\"684\" src=\"https:\/\/www.ffw-berg.de\/wordpress\/wp-content\/uploads\/2015\/07\/kjf-Zeltlager2015_43.jpg\" alt=\"kjf-Zeltlager2015_43\" data-id=\"207897\" class=\"wp-image-207897\" srcset=\"https:\/\/www.ffw-berg.de\/wordpress\/wp-content\/uploads\/2015\/07\/kjf-Zeltlager2015_43.jpg 1024w, https:\/\/www.ffw-berg.de\/wordpress\/wp-content\/uploads\/2015\/07\/kjf-Zeltlager2015_43-120x80.jpg 120w, https:\/\/www.ffw-berg.de\/wordpress\/wp-content\/uploads\/2015\/07\/kjf-Zeltlager2015_43-768x513.jpg 768w, https:\/\/www.ffw-berg.de\/wordpress\/wp-content\/uploads\/2015\/07\/kjf-Zeltlager2015_43-700x468.jpg 700w, https:\/\/www.ffw-berg.de\/wordpress\/wp-content\/uploads\/2015\/07\/kjf-Zeltlager2015_43-300x200.jpg 300w, https:\/\/www.ffw-berg.de\/wordpress\/wp-content\/uploads\/2015\/07\/kjf-Zeltlager2015_43-530x354.jpg 530w\" sizes=\"auto, (max-width: 1024px) 100vw, 1024px\" \/><\/a><\/figure><\/li><li class=\"blocks-gallery-item\"><figure><a href=\"https:\/\/www.ffw-berg.de\/wordpress\/wp-content\/uploads\/2015\/07\/kjf-Zeltlager2015_37.jpg\"><img loading=\"lazy\" decoding=\"async\" width=\"1024\" height=\"683\" src=\"https:\/\/www.ffw-berg.de\/wordpress\/wp-content\/uploads\/2015\/07\/kjf-Zeltlager2015_37.jpg\" alt=\"kjf-Zeltlager2015_37\" data-id=\"207896\" class=\"wp-image-207896\" srcset=\"https:\/\/www.ffw-berg.de\/wordpress\/wp-content\/uploads\/2015\/07\/kjf-Zeltlager2015_37.jpg 1024w, https:\/\/www.ffw-berg.de\/wordpress\/wp-content\/uploads\/2015\/07\/kjf-Zeltlager2015_37-120x80.jpg 120w, https:\/\/www.ffw-berg.de\/wordpress\/wp-content\/uploads\/2015\/07\/kjf-Zeltlager2015_37-768x512.jpg 768w, https:\/\/www.ffw-berg.de\/wordpress\/wp-content\/uploads\/2015\/07\/kjf-Zeltlager2015_37-700x467.jpg 700w, https:\/\/www.ffw-berg.de\/wordpress\/wp-content\/uploads\/2015\/07\/kjf-Zeltlager2015_37-300x200.jpg 300w, https:\/\/www.ffw-berg.de\/wordpress\/wp-content\/uploads\/2015\/07\/kjf-Zeltlager2015_37-530x354.jpg 530w\" sizes=\"auto, (max-width: 1024px) 100vw, 1024px\" \/><\/a><\/figure><\/li><\/ul>\n\n\n\n<div class=\"wp-block-image\"><figure class=\"alignright\"><a href=\"http:\/\/www.ffw-berg.de\/wordpress\/wp-content\/uploads\/2015\/07\/kjf-Zeltlager2015_1.jpg\"><img loading=\"lazy\" decoding=\"async\" width=\"169\" height=\"300\" src=\"http:\/\/www.ffw-berg.de\/wordpress\/wp-content\/uploads\/2015\/07\/kjf-Zeltlager2015_1-169x300.jpg\" alt=\"kjf-Zeltlager2015_1\" class=\"wp-image-207895\" srcset=\"https:\/\/www.ffw-berg.de\/wordpress\/wp-content\/uploads\/2015\/07\/kjf-Zeltlager2015_1-169x300.jpg 169w, https:\/\/www.ffw-berg.de\/wordpress\/wp-content\/uploads\/2015\/07\/kjf-Zeltlager2015_1-68x120.jpg 68w, https:\/\/www.ffw-berg.de\/wordpress\/wp-content\/uploads\/2015\/07\/kjf-Zeltlager2015_1-141x250.jpg 141w, https:\/\/www.ffw-berg.de\/wordpress\/wp-content\/uploads\/2015\/07\/kjf-Zeltlager2015_1-295x525.jpg 295w, https:\/\/www.ffw-berg.de\/wordpress\/wp-content\/uploads\/2015\/07\/kjf-Zeltlager2015_1-281x500.jpg 281w, https:\/\/www.ffw-berg.de\/wordpress\/wp-content\/uploads\/2015\/07\/kjf-Zeltlager2015_1.jpg 576w\" sizes=\"auto, (max-width: 169px) 100vw, 169px\" \/><\/a><\/figure><\/div>\n\n\n\n<p>Der Sonntagmorgen begann f\u00fcr die Jugendlichen mit einem \u00f6kumenischen Gottesdienst.  <span style=\"font-family: arial, helvetica, sans-serif; font-size: 14px;\"><\/span><\/p>\n\n\n\n<p>Danach fand noch die offizielle Verabschiedung mit Siegerehrung der Ausbildungs- und Informationswanderung statt. <strong>Hierbei ist zu erw\u00e4hnen, dass in der Siegergruppe ein Jugendlicher unserer Jugendgruppe war.<\/strong> <span style=\"font-size: 14px;\"><span style=\"font-family: arial, helvetica, sans-serif;\"><\/span><\/span><\/p>\n\n\n\n<div class=\"wp-block-image\"><figure class=\"aligncenter\"><a href=\"http:\/\/www.ffw-berg.de\/wordpress\/wp-content\/uploads\/2015\/07\/kjf-Zeltlager2015_49.jpg\"><img loading=\"lazy\" decoding=\"async\" width=\"300\" height=\"200\" src=\"https:\/\/www.ffw-berg.de\/wordpress\/wp-content\/uploads\/2015\/07\/kjf-Zeltlager2015_49-300x200.jpg\" alt=\"kjf-Zeltlager2015_49\" class=\"wp-image-207899\" srcset=\"https:\/\/www.ffw-berg.de\/wordpress\/wp-content\/uploads\/2015\/07\/kjf-Zeltlager2015_49-300x200.jpg 300w, https:\/\/www.ffw-berg.de\/wordpress\/wp-content\/uploads\/2015\/07\/kjf-Zeltlager2015_49-120x80.jpg 120w, https:\/\/www.ffw-berg.de\/wordpress\/wp-content\/uploads\/2015\/07\/kjf-Zeltlager2015_49-768x513.jpg 768w, https:\/\/www.ffw-berg.de\/wordpress\/wp-content\/uploads\/2015\/07\/kjf-Zeltlager2015_49-700x468.jpg 700w, https:\/\/www.ffw-berg.de\/wordpress\/wp-content\/uploads\/2015\/07\/kjf-Zeltlager2015_49-530x354.jpg 530w, https:\/\/www.ffw-berg.de\/wordpress\/wp-content\/uploads\/2015\/07\/kjf-Zeltlager2015_49.jpg 1024w\" sizes=\"auto, (max-width: 300px) 100vw, 300px\" \/><\/a><\/figure><\/div>\n\n\n\n<p>Nach dem letzten gemeinsamen Mittagessen traten die sichtbar ersch\u00f6pften aber begeisterten Jugendlichen die Heimreise an. Somit ging f\u00fcr sie ein aufregendes Wochenende, an dem sie viele neue Bekanntschaften gemacht haben, zu Ende. <span style=\"font-family: arial, helvetica, sans-serif; font-size: 14px;\"><\/span><\/p>\n\n\n\n<h4 class=\"wp-block-heading\" style=\"text-align:center\">Alle Bilder vom Zeltlager findet Ihr in unserem Album bei <span style=\"color: #800000;\"><br \/><\/span><\/h4>\n\n\n\n<figure class=\"wp-block-embed is-type-rich is-provider-google-photos\"><div class=\"wp-block-embed__wrapper\">\n<blockquote class=\"embedly-card\" data-card-controls=\"0\" data-card-align=\"center\" data-card-theme=\"light\"><h4><a href=\"https:\/\/goo.gl\/photos\/cwuHG2H5v5yT2AhV6\">No Title<\/a><\/h4><p>No Description<\/p><\/blockquote><script async src=\"\/\/cdn.embedly.com\/widgets\/platform.js\" charset=\"UTF-8\"><\/script>\n<\/div><\/figure>\n","protected":false},"excerpt":{"rendered":"<div class=\"mh-excerpt\">Vom 24.07. bis zum 26.07. fand der 30. Kreisjugenfeuerwehrtag des Landkreises Hof mit Zeltlager in Rehau statt, an dem auch unsere Jugendgruppe teilnahm. Am Freitagnachmittag mussten die 6 Jugendlichen mit ihren 2 Jugendwarten zuerst einmal das Zelt und die Feldbetten aufbauen, &#8230;<\/div>\n<p> <a class=\"mh-excerpt-more\" href=\"https:\/\/www.ffw-berg.de\/wordpress\/30-kreisjugendfeuerwehrtag-2015-mit-zeltlager-in-rehau\/\" title=\"30. Kreisjugendfeuerwehrtag 2015 mit Zeltlager in Rehau\">[  Mehr &gt;&gt; ]<\/a><\/p>\n","protected":false},"author":2,"featured_media":207892,"comment_status":"closed","ping_status":"open","sticky":false,"template":"","format":"standard","meta":{"footnotes":""},"categories":[31,29],"tags":[101,104,115,247,340,341,342,343,344,345],"class_list":{"0":"post-207884","1":"post","2":"type-post","3":"status-publish","4":"format-standard","5":"has-post-thumbnail","7":"category-jf-kjft","8":"category-jf-activities","9":"tag-jugendgruppe","10":"tag-ausbildung","11":"tag-landkreis-hof","12":"tag-rehau","13":"tag-kreisjugendfeuerwehrtag","14":"tag-zeltlager","15":"tag-jugendfeuerwehr","16":"tag-landrat-oliver-baer","17":"tag-ausbildungsinformationen","18":"tag-informationswanderung"},"_links":{"self":[{"href":"https:\/\/www.ffw-berg.de\/wordpress\/wp-json\/wp\/v2\/posts\/207884","targetHints":{"allow":["GET"]}}],"collection":[{"href":"https:\/\/www.ffw-berg.de\/wordpress\/wp-json\/wp\/v2\/posts"}],"about":[{"href":"https:\/\/www.ffw-berg.de\/wordpress\/wp-json\/wp\/v2\/types\/post"}],"author":[{"embeddable":true,"href":"https:\/\/www.ffw-berg.de\/wordpress\/wp-json\/wp\/v2\/users\/2"}],"replies":[{"embeddable":true,"href":"https:\/\/www.ffw-berg.de\/wordpress\/wp-json\/wp\/v2\/comments?post=207884"}],"version-history":[{"count":0,"href":"https:\/\/www.ffw-berg.de\/wordpress\/wp-json\/wp\/v2\/posts\/207884\/revisions"}],"wp:featuredmedia":[{"embeddable":true,"href":"https:\/\/www.ffw-berg.de\/wordpress\/wp-json\/wp\/v2\/media\/207892"}],"wp:attachment":[{"href":"https:\/\/www.ffw-berg.de\/wordpress\/wp-json\/wp\/v2\/media?parent=207884"}],"wp:term":[{"taxonomy":"category","embeddable":true,"href":"https:\/\/www.ffw-berg.de\/wordpress\/wp-json\/wp\/v2\/categories?post=207884"},{"taxonomy":"post_tag","embeddable":true,"href":"https:\/\/www.ffw-berg.de\/wordpress\/wp-json\/wp\/v2\/tags?post=207884"}],"curies":[{"name":"wp","href":"https:\/\/api.w.org\/{rel}","templated":true}]}}