{"id":2084,"date":"2010-11-25T18:00:19","date_gmt":"2010-11-25T17:00:19","guid":{"rendered":"http:\/\/www.ffw-berg.de\/wordpress\/?p=2084"},"modified":"2014-04-01T11:20:34","modified_gmt":"2014-04-01T09:20:34","slug":"jf-wissenstest-2010-in-naila","status":"publish","type":"post","link":"https:\/\/www.ffw-berg.de\/wordpress\/jf-wissenstest-2010-in-naila\/","title":{"rendered":"JF &#8211; Wissenstest 2010 in Naila"},"content":{"rendered":"<p style=\"text-align: justify;\">Am 20.11.10 fand in Naila der Wissenstest f\u00fcr die Mitglieder der bayerischen Jugendfeuerwehren statt, dabei wurde erstmalig die Abnahme f\u00fcr\u00a0 89 Feuerwehranw\u00e4rter komplett f\u00fcr den Inspektionbereich III des Landkreises Hof durchgef\u00fchrt.<\/p>\n<ul>\n<li>Durchf\u00fchrungsort war das Feuerwehrzentrum der Feuerwehr Naila<\/li>\n<li>Pr\u00fcfungsthema in diesem Jahr war &#8222;Brennen und L\u00f6schen&#8220;.<\/li>\n<\/ul>\n<p style=\"text-align: justify;\">Entsprechend ihren Ergebnissen erhielten 78 Anw\u00e4rter und Anw\u00e4rterinnen ihre Abzeichen in Bronze, Silber und Gold.<\/p>\n<p style=\"text-align: justify;\">11 teilnehmende Jugendliche erhielten die begehrte Urkunde f\u00fcr die abschlie\u00dfende Stufe 4, dabei war die Feuerwehranw\u00e4rterin Amelie Hofmann der Jugendgruppe der FF Berg die Beste unter den Stufe-4-Teilnehmern.<\/p>\n<figure id=\"attachment_2085\" aria-describedby=\"caption-attachment-2085\" style=\"width: 448px\" class=\"wp-caption aligncenter\"><img loading=\"lazy\" decoding=\"async\" class=\"size-full wp-image-2085 \" alt=\"Wissenstest 2010 Naila\" src=\"http:\/\/www.ffw-berg.de\/wordpress\/wp-content\/uploads\/2014\/04\/wissentest2010_naila.jpg\" width=\"448\" height=\"476\" srcset=\"https:\/\/www.ffw-berg.de\/wordpress\/wp-content\/uploads\/2014\/04\/wissentest2010_naila.jpg 448w, https:\/\/www.ffw-berg.de\/wordpress\/wp-content\/uploads\/2014\/04\/wissentest2010_naila-113x120.jpg 113w, https:\/\/www.ffw-berg.de\/wordpress\/wp-content\/uploads\/2014\/04\/wissentest2010_naila-235x250.jpg 235w, https:\/\/www.ffw-berg.de\/wordpress\/wp-content\/uploads\/2014\/04\/wissentest2010_naila-282x300.jpg 282w\" sizes=\"auto, (max-width: 448px) 100vw, 448px\" \/><figcaption id=\"caption-attachment-2085\" class=\"wp-caption-text\">Von links: KBM Hans M\u00fcnzer, Amelie Hofmann von der Jugendgruppe der FF Berg, Kreisjugendwart KBM R\u00fcdiger Lang<br \/>Wir gratulieren recht herzlich zu dieser tollen Leistung!<\/figcaption><\/figure>\n<p style=\"text-align: center;\"><a href=\"#\"><img loading=\"lazy\" decoding=\"async\" class=\"aligncenter size-full wp-image-322\" style=\"border: 0px none;\" alt=\"Nach oben\" src=\"http:\/\/www.ffw-berg.de\/wordpress\/wp-content\/uploads\/2012\/09\/up_arrow-e1348153305876.png\" width=\"30\" height=\"30\" \/><\/a><\/p>\n<p>&nbsp;<\/p>\n","protected":false},"excerpt":{"rendered":"<div class=\"mh-excerpt\">Am 20.11.10 fand in Naila der Wissenstest f\u00fcr die Mitglieder der bayerischen Jugendfeuerwehren statt, dabei wurde erstmalig die Abnahme f\u00fcr\u00a0 89 Feuerwehranw\u00e4rter komplett f\u00fcr den Inspektionbereich III des Landkreises Hof <a class=\"mh-excerpt-more\" href=\"https:\/\/www.ffw-berg.de\/wordpress\/jf-wissenstest-2010-in-naila\/\" title=\"JF &#8211; Wissenstest 2010 in Naila\">[  Mehr &gt;&gt; ]<\/a><\/div>\n","protected":false},"author":2,"featured_media":2085,"comment_status":"closed","ping_status":"open","sticky":false,"template":"","format":"standard","meta":{"footnotes":""},"categories":[1],"tags":[],"class_list":{"0":"post-2084","1":"post","2":"type-post","3":"status-publish","4":"format-standard","5":"has-post-thumbnail","7":"category-allgemein"},"_links":{"self":[{"href":"https:\/\/www.ffw-berg.de\/wordpress\/wp-json\/wp\/v2\/posts\/2084","targetHints":{"allow":["GET"]}}],"collection":[{"href":"https:\/\/www.ffw-berg.de\/wordpress\/wp-json\/wp\/v2\/posts"}],"about":[{"href":"https:\/\/www.ffw-berg.de\/wordpress\/wp-json\/wp\/v2\/types\/post"}],"author":[{"embeddable":true,"href":"https:\/\/www.ffw-berg.de\/wordpress\/wp-json\/wp\/v2\/users\/2"}],"replies":[{"embeddable":true,"href":"https:\/\/www.ffw-berg.de\/wordpress\/wp-json\/wp\/v2\/comments?post=2084"}],"version-history":[{"count":0,"href":"https:\/\/www.ffw-berg.de\/wordpress\/wp-json\/wp\/v2\/posts\/2084\/revisions"}],"wp:featuredmedia":[{"embeddable":true,"href":"https:\/\/www.ffw-berg.de\/wordpress\/wp-json\/wp\/v2\/media\/2085"}],"wp:attachment":[{"href":"https:\/\/www.ffw-berg.de\/wordpress\/wp-json\/wp\/v2\/media?parent=2084"}],"wp:term":[{"taxonomy":"category","embeddable":true,"href":"https:\/\/www.ffw-berg.de\/wordpress\/wp-json\/wp\/v2\/categories?post=2084"},{"taxonomy":"post_tag","embeddable":true,"href":"https:\/\/www.ffw-berg.de\/wordpress\/wp-json\/wp\/v2\/tags?post=2084"}],"curies":[{"name":"wp","href":"https:\/\/api.w.org\/{rel}","templated":true}]}}