{"id":209573,"date":"2016-01-30T22:00:08","date_gmt":"2016-01-30T21:00:08","guid":{"rendered":"http:\/\/www.ffw-berg.de\/wordpress\/?page_id=209573"},"modified":"2018-01-25T10:19:32","modified_gmt":"2018-01-25T09:19:32","slug":"1-endanwenderschulung-digitalfunk-im-berger-winkel","status":"publish","type":"post","link":"https:\/\/www.ffw-berg.de\/wordpress\/1-endanwenderschulung-digitalfunk-im-berger-winkel\/","title":{"rendered":"1. Endanwenderschulung Digitalfunk im Berger Winkel"},"content":{"rendered":"<h3><span style=\"font-family: arial, helvetica, sans-serif; color: #800000;\">Am 30.01. fand f\u00fcr ca. 25 Kameraden der Feuerwehren Berg und Schnarchenreuth die Endanwenderschulung Digitalfunk statt.<\/span><\/h3>\n<figure id=\"attachment_209562\" aria-describedby=\"caption-attachment-209562\" style=\"width: 530px\" class=\"wp-caption alignright\"><a href=\"http:\/\/www.ffw-berg.de\/wordpress\/wp-content\/uploads\/2016\/02\/ffberg_digifunk_1.jpg\"><img loading=\"lazy\" decoding=\"async\" class=\"wp-image-209562 size-large\" title=\"Zum Vergr\u00f6\u00dfern anklicken\" src=\"http:\/\/www.ffw-berg.de\/wordpress\/wp-content\/uploads\/2016\/02\/ffberg_digifunk_1-530x299.jpg\" alt=\"\" width=\"530\" height=\"299\" srcset=\"https:\/\/www.ffw-berg.de\/wordpress\/wp-content\/uploads\/2016\/02\/ffberg_digifunk_1-530x299.jpg 530w, https:\/\/www.ffw-berg.de\/wordpress\/wp-content\/uploads\/2016\/02\/ffberg_digifunk_1-120x68.jpg 120w, https:\/\/www.ffw-berg.de\/wordpress\/wp-content\/uploads\/2016\/02\/ffberg_digifunk_1-700x394.jpg 700w, https:\/\/www.ffw-berg.de\/wordpress\/wp-content\/uploads\/2016\/02\/ffberg_digifunk_1-678x381.jpg 678w, https:\/\/www.ffw-berg.de\/wordpress\/wp-content\/uploads\/2016\/02\/ffberg_digifunk_1-300x169.jpg 300w, https:\/\/www.ffw-berg.de\/wordpress\/wp-content\/uploads\/2016\/02\/ffberg_digifunk_1-768x433.jpg 768w, https:\/\/www.ffw-berg.de\/wordpress\/wp-content\/uploads\/2016\/02\/ffberg_digifunk_1.jpg 1200w\" sizes=\"auto, (max-width: 530px) 100vw, 530px\" \/><\/a><figcaption id=\"caption-attachment-209562\" class=\"wp-caption-text\"><span style=\"font-family: arial, helvetica, sans-serif;\">Schulung durch 2. Kommandant Marco Kolbinger<\/span><\/figcaption><\/figure>\n<p style=\"text-align: justify;\"><span style=\"font-family: arial, helvetica, sans-serif; font-size: 14px;\">Unser stellvertretender Kommandant Marco Kolbinger und Michael Gr\u00e4f von der Feuerwehr Naila brachten den Kameraden zuerst die theoretischen Grundkenntnisse im Umgang mit den HRT\u2019s bei.<\/span><\/p>\n<p style=\"text-align: justify;\"><span style=\"font-family: arial, helvetica, sans-serif; font-size: 14px;\">Danach durfte unter Anleitung der beiden Multiplikatoren die Bedienung der Ger\u00e4te ge\u00fcbt werden. <\/span><\/p>\n<p style=\"text-align: justify;\"><span style=\"font-family: arial, helvetica, sans-serif; font-size: 14px;\">Nachdem alle Funktionen vermittelt wurden, fand eine kleine Funk\u00fcbung im Ortsgebiet Berg statt in der die verschiedenen Funktionen angewendet werden musste.<\/span><\/p>\n<p>&nbsp;<\/p>\n<p><img loading=\"lazy\" decoding=\"async\" class=\"aligncenter wp-image-209572 size-large\" title=\"Zum Vergr\u00f6\u00dfern anklicken\" src=\"http:\/\/www.ffw-berg.de\/wordpress\/wp-content\/uploads\/2016\/02\/ffberg_digifunk_11-530x298.jpg\" alt=\"\" width=\"530\" height=\"298\" srcset=\"https:\/\/www.ffw-berg.de\/wordpress\/wp-content\/uploads\/2016\/02\/ffberg_digifunk_11-530x298.jpg 530w, https:\/\/www.ffw-berg.de\/wordpress\/wp-content\/uploads\/2016\/02\/ffberg_digifunk_11-120x68.jpg 120w, https:\/\/www.ffw-berg.de\/wordpress\/wp-content\/uploads\/2016\/02\/ffberg_digifunk_11-700x394.jpg 700w, https:\/\/www.ffw-berg.de\/wordpress\/wp-content\/uploads\/2016\/02\/ffberg_digifunk_11-678x381.jpg 678w, https:\/\/www.ffw-berg.de\/wordpress\/wp-content\/uploads\/2016\/02\/ffberg_digifunk_11-300x169.jpg 300w, https:\/\/www.ffw-berg.de\/wordpress\/wp-content\/uploads\/2016\/02\/ffberg_digifunk_11-768x432.jpg 768w, https:\/\/www.ffw-berg.de\/wordpress\/wp-content\/uploads\/2016\/02\/ffberg_digifunk_11.jpg 1200w\" sizes=\"auto, (max-width: 530px) 100vw, 530px\" \/><\/p>\n<p style=\"text-align: justify;\"><span style=\"font-family: arial, helvetica, sans-serif; font-size: 14px;\">In den n\u00e4chsten Wochen werden weitere Schulung f\u00fcr die Kameraden im Berger Winkel stattfinden, damit zum Beginn des Testbetriebes jeder den Umgang mit den Ger\u00e4ten beherrscht.\u00a0<\/span><\/p>\n<h4 style=\"text-align: center;\"><span style=\"color: #800000; font-family: arial,helvetica,sans-serif;\">Weitere Eindr\u00fccke von der Schulung<\/span><\/h4>\n<p style=\"text-align: center;\"><span style=\"font-family: arial, helvetica, sans-serif; font-size: 8pt;\">Zum Vergr\u00f6\u00dfern anklicken!<\/span><\/p>\n<div id='gallery-1' class='gallery galleryid-209573 gallery-columns-2 gallery-size-medium'><figure class='gallery-item'>\n\t\t\t<div class='gallery-icon landscape'>\n\t\t\t\t<a href='https:\/\/www.ffw-berg.de\/wordpress\/wp-content\/uploads\/2016\/02\/ffberg_digifunk_4.jpg'><img loading=\"lazy\" decoding=\"async\" width=\"300\" height=\"168\" src=\"https:\/\/www.ffw-berg.de\/wordpress\/wp-content\/uploads\/2016\/02\/ffberg_digifunk_4-300x168.jpg\" class=\"attachment-medium size-medium\" alt=\"\" aria-describedby=\"gallery-1-209565\" srcset=\"https:\/\/www.ffw-berg.de\/wordpress\/wp-content\/uploads\/2016\/02\/ffberg_digifunk_4-300x168.jpg 300w, https:\/\/www.ffw-berg.de\/wordpress\/wp-content\/uploads\/2016\/02\/ffberg_digifunk_4-120x67.jpg 120w, https:\/\/www.ffw-berg.de\/wordpress\/wp-content\/uploads\/2016\/02\/ffberg_digifunk_4-700x393.jpg 700w, https:\/\/www.ffw-berg.de\/wordpress\/wp-content\/uploads\/2016\/02\/ffberg_digifunk_4-678x381.jpg 678w, https:\/\/www.ffw-berg.de\/wordpress\/wp-content\/uploads\/2016\/02\/ffberg_digifunk_4-768x431.jpg 768w, https:\/\/www.ffw-berg.de\/wordpress\/wp-content\/uploads\/2016\/02\/ffberg_digifunk_4-530x297.jpg 530w, https:\/\/www.ffw-berg.de\/wordpress\/wp-content\/uploads\/2016\/02\/ffberg_digifunk_4.jpg 1200w\" sizes=\"auto, (max-width: 300px) 100vw, 300px\" \/><\/a>\n\t\t\t<\/div>\n\t\t\t\t<figcaption class='wp-caption-text gallery-caption' id='gallery-1-209565'>\n\t\t\t\tMarco Kolbinger erkl\u00e4rt die Ger\u00e4te\n\t\t\t\t<\/figcaption><\/figure><figure class='gallery-item'>\n\t\t\t<div class='gallery-icon landscape'>\n\t\t\t\t<a href='https:\/\/www.ffw-berg.de\/wordpress\/wp-content\/uploads\/2016\/02\/ffberg_digifunk_3.jpg'><img loading=\"lazy\" decoding=\"async\" width=\"300\" height=\"200\" src=\"https:\/\/www.ffw-berg.de\/wordpress\/wp-content\/uploads\/2016\/02\/ffberg_digifunk_3-300x200.jpg\" class=\"attachment-medium size-medium\" alt=\"\" aria-describedby=\"gallery-1-209564\" srcset=\"https:\/\/www.ffw-berg.de\/wordpress\/wp-content\/uploads\/2016\/02\/ffberg_digifunk_3-300x200.jpg 300w, https:\/\/www.ffw-berg.de\/wordpress\/wp-content\/uploads\/2016\/02\/ffberg_digifunk_3-120x80.jpg 120w, https:\/\/www.ffw-berg.de\/wordpress\/wp-content\/uploads\/2016\/02\/ffberg_digifunk_3-700x467.jpg 700w, https:\/\/www.ffw-berg.de\/wordpress\/wp-content\/uploads\/2016\/02\/ffberg_digifunk_3-768x512.jpg 768w, https:\/\/www.ffw-berg.de\/wordpress\/wp-content\/uploads\/2016\/02\/ffberg_digifunk_3-530x353.jpg 530w, https:\/\/www.ffw-berg.de\/wordpress\/wp-content\/uploads\/2016\/02\/ffberg_digifunk_3.jpg 1200w\" sizes=\"auto, (max-width: 300px) 100vw, 300px\" \/><\/a>\n\t\t\t<\/div>\n\t\t\t\t<figcaption class='wp-caption-text gallery-caption' id='gallery-1-209564'>\n\t\t\t\tFunktionsprinzip\n\t\t\t\t<\/figcaption><\/figure><figure class='gallery-item'>\n\t\t\t<div class='gallery-icon landscape'>\n\t\t\t\t<a href='https:\/\/www.ffw-berg.de\/wordpress\/wp-content\/uploads\/2016\/02\/ffberg_digifunk_2.jpg'><img loading=\"lazy\" decoding=\"async\" width=\"300\" height=\"200\" src=\"https:\/\/www.ffw-berg.de\/wordpress\/wp-content\/uploads\/2016\/02\/ffberg_digifunk_2-300x200.jpg\" class=\"attachment-medium size-medium\" alt=\"\" aria-describedby=\"gallery-1-209563\" srcset=\"https:\/\/www.ffw-berg.de\/wordpress\/wp-content\/uploads\/2016\/02\/ffberg_digifunk_2-300x200.jpg 300w, https:\/\/www.ffw-berg.de\/wordpress\/wp-content\/uploads\/2016\/02\/ffberg_digifunk_2-120x80.jpg 120w, https:\/\/www.ffw-berg.de\/wordpress\/wp-content\/uploads\/2016\/02\/ffberg_digifunk_2-700x467.jpg 700w, https:\/\/www.ffw-berg.de\/wordpress\/wp-content\/uploads\/2016\/02\/ffberg_digifunk_2-768x512.jpg 768w, https:\/\/www.ffw-berg.de\/wordpress\/wp-content\/uploads\/2016\/02\/ffberg_digifunk_2-530x353.jpg 530w, https:\/\/www.ffw-berg.de\/wordpress\/wp-content\/uploads\/2016\/02\/ffberg_digifunk_2.jpg 1200w\" sizes=\"auto, (max-width: 300px) 100vw, 300px\" \/><\/a>\n\t\t\t<\/div>\n\t\t\t\t<figcaption class='wp-caption-text gallery-caption' id='gallery-1-209563'>\n\t\t\t\tSchulungsgruppe\n\t\t\t\t<\/figcaption><\/figure><figure class='gallery-item'>\n\t\t\t<div class='gallery-icon landscape'>\n\t\t\t\t<a href='https:\/\/www.ffw-berg.de\/wordpress\/wp-content\/uploads\/2016\/02\/ffberg_digifunk_6.jpg'><img loading=\"lazy\" decoding=\"async\" width=\"300\" height=\"169\" src=\"https:\/\/www.ffw-berg.de\/wordpress\/wp-content\/uploads\/2016\/02\/ffberg_digifunk_6-300x169.jpg\" class=\"attachment-medium size-medium\" alt=\"\" aria-describedby=\"gallery-1-209567\" srcset=\"https:\/\/www.ffw-berg.de\/wordpress\/wp-content\/uploads\/2016\/02\/ffberg_digifunk_6-300x169.jpg 300w, https:\/\/www.ffw-berg.de\/wordpress\/wp-content\/uploads\/2016\/02\/ffberg_digifunk_6-120x68.jpg 120w, https:\/\/www.ffw-berg.de\/wordpress\/wp-content\/uploads\/2016\/02\/ffberg_digifunk_6-700x394.jpg 700w, https:\/\/www.ffw-berg.de\/wordpress\/wp-content\/uploads\/2016\/02\/ffberg_digifunk_6-678x381.jpg 678w, https:\/\/www.ffw-berg.de\/wordpress\/wp-content\/uploads\/2016\/02\/ffberg_digifunk_6-768x432.jpg 768w, https:\/\/www.ffw-berg.de\/wordpress\/wp-content\/uploads\/2016\/02\/ffberg_digifunk_6-530x298.jpg 530w, https:\/\/www.ffw-berg.de\/wordpress\/wp-content\/uploads\/2016\/02\/ffberg_digifunk_6.jpg 1200w\" sizes=\"auto, (max-width: 300px) 100vw, 300px\" \/><\/a>\n\t\t\t<\/div>\n\t\t\t\t<figcaption class='wp-caption-text gallery-caption' id='gallery-1-209567'>\n\t\t\t\tLearning by doing&#8230;\n\t\t\t\t<\/figcaption><\/figure><figure class='gallery-item'>\n\t\t\t<div class='gallery-icon portrait'>\n\t\t\t\t<a href='https:\/\/www.ffw-berg.de\/wordpress\/wp-content\/uploads\/2016\/02\/ffberg_digifunk_7.jpg'><img loading=\"lazy\" decoding=\"async\" width=\"141\" height=\"250\" src=\"https:\/\/www.ffw-berg.de\/wordpress\/wp-content\/uploads\/2016\/02\/ffberg_digifunk_7-141x250.jpg\" class=\"attachment-medium size-medium\" alt=\"\" aria-describedby=\"gallery-1-209568\" srcset=\"https:\/\/www.ffw-berg.de\/wordpress\/wp-content\/uploads\/2016\/02\/ffberg_digifunk_7-141x250.jpg 141w, https:\/\/www.ffw-berg.de\/wordpress\/wp-content\/uploads\/2016\/02\/ffberg_digifunk_7-68x120.jpg 68w, https:\/\/www.ffw-berg.de\/wordpress\/wp-content\/uploads\/2016\/02\/ffberg_digifunk_7-296x525.jpg 296w, https:\/\/www.ffw-berg.de\/wordpress\/wp-content\/uploads\/2016\/02\/ffberg_digifunk_7-169x300.jpg 169w, https:\/\/www.ffw-berg.de\/wordpress\/wp-content\/uploads\/2016\/02\/ffberg_digifunk_7-282x500.jpg 282w, https:\/\/www.ffw-berg.de\/wordpress\/wp-content\/uploads\/2016\/02\/ffberg_digifunk_7.jpg 676w\" sizes=\"auto, (max-width: 141px) 100vw, 141px\" \/><\/a>\n\t\t\t<\/div>\n\t\t\t\t<figcaption class='wp-caption-text gallery-caption' id='gallery-1-209568'>\n\t\t\t\tJeder konnte am Ger\u00e4t \u00fcben\n\t\t\t\t<\/figcaption><\/figure><figure class='gallery-item'>\n\t\t\t<div class='gallery-icon portrait'>\n\t\t\t\t<a href='https:\/\/www.ffw-berg.de\/wordpress\/wp-content\/uploads\/2016\/02\/ffberg_digifunk_5.jpg'><img loading=\"lazy\" decoding=\"async\" width=\"167\" height=\"250\" src=\"https:\/\/www.ffw-berg.de\/wordpress\/wp-content\/uploads\/2016\/02\/ffberg_digifunk_5-167x250.jpg\" class=\"attachment-medium size-medium\" alt=\"\" aria-describedby=\"gallery-1-209566\" srcset=\"https:\/\/www.ffw-berg.de\/wordpress\/wp-content\/uploads\/2016\/02\/ffberg_digifunk_5-167x250.jpg 167w, https:\/\/www.ffw-berg.de\/wordpress\/wp-content\/uploads\/2016\/02\/ffberg_digifunk_5-80x120.jpg 80w, https:\/\/www.ffw-berg.de\/wordpress\/wp-content\/uploads\/2016\/02\/ffberg_digifunk_5-350x525.jpg 350w, https:\/\/www.ffw-berg.de\/wordpress\/wp-content\/uploads\/2016\/02\/ffberg_digifunk_5-768x1152.jpg 768w, https:\/\/www.ffw-berg.de\/wordpress\/wp-content\/uploads\/2016\/02\/ffberg_digifunk_5-200x300.jpg 200w, https:\/\/www.ffw-berg.de\/wordpress\/wp-content\/uploads\/2016\/02\/ffberg_digifunk_5-333x500.jpg 333w, https:\/\/www.ffw-berg.de\/wordpress\/wp-content\/uploads\/2016\/02\/ffberg_digifunk_5.jpg 800w\" sizes=\"auto, (max-width: 167px) 100vw, 167px\" \/><\/a>\n\t\t\t<\/div>\n\t\t\t\t<figcaption class='wp-caption-text gallery-caption' id='gallery-1-209566'>\n\t\t\t\tKlein und kompakt:  HRT\n\t\t\t\t<\/figcaption><\/figure><figure class='gallery-item'>\n\t\t\t<div class='gallery-icon landscape'>\n\t\t\t\t<a href='https:\/\/www.ffw-berg.de\/wordpress\/wp-content\/uploads\/2016\/02\/ffberg_digifunk_10.jpg'><img loading=\"lazy\" decoding=\"async\" width=\"300\" height=\"200\" src=\"https:\/\/www.ffw-berg.de\/wordpress\/wp-content\/uploads\/2016\/02\/ffberg_digifunk_10-300x200.jpg\" class=\"attachment-medium size-medium\" alt=\"\" srcset=\"https:\/\/www.ffw-berg.de\/wordpress\/wp-content\/uploads\/2016\/02\/ffberg_digifunk_10-300x200.jpg 300w, https:\/\/www.ffw-berg.de\/wordpress\/wp-content\/uploads\/2016\/02\/ffberg_digifunk_10-120x80.jpg 120w, https:\/\/www.ffw-berg.de\/wordpress\/wp-content\/uploads\/2016\/02\/ffberg_digifunk_10-700x467.jpg 700w, https:\/\/www.ffw-berg.de\/wordpress\/wp-content\/uploads\/2016\/02\/ffberg_digifunk_10-768x512.jpg 768w, https:\/\/www.ffw-berg.de\/wordpress\/wp-content\/uploads\/2016\/02\/ffberg_digifunk_10-530x353.jpg 530w, https:\/\/www.ffw-berg.de\/wordpress\/wp-content\/uploads\/2016\/02\/ffberg_digifunk_10.jpg 1200w\" sizes=\"auto, (max-width: 300px) 100vw, 300px\" \/><\/a>\n\t\t\t<\/div><\/figure><figure class='gallery-item'>\n\t\t\t<div class='gallery-icon landscape'>\n\t\t\t\t<a href='https:\/\/www.ffw-berg.de\/wordpress\/wp-content\/uploads\/2016\/02\/ffberg_digifunk_9.jpg'><img loading=\"lazy\" decoding=\"async\" width=\"300\" height=\"200\" src=\"https:\/\/www.ffw-berg.de\/wordpress\/wp-content\/uploads\/2016\/02\/ffberg_digifunk_9-300x200.jpg\" class=\"attachment-medium size-medium\" alt=\"\" srcset=\"https:\/\/www.ffw-berg.de\/wordpress\/wp-content\/uploads\/2016\/02\/ffberg_digifunk_9-300x200.jpg 300w, https:\/\/www.ffw-berg.de\/wordpress\/wp-content\/uploads\/2016\/02\/ffberg_digifunk_9-120x80.jpg 120w, https:\/\/www.ffw-berg.de\/wordpress\/wp-content\/uploads\/2016\/02\/ffberg_digifunk_9-700x467.jpg 700w, https:\/\/www.ffw-berg.de\/wordpress\/wp-content\/uploads\/2016\/02\/ffberg_digifunk_9-768x512.jpg 768w, https:\/\/www.ffw-berg.de\/wordpress\/wp-content\/uploads\/2016\/02\/ffberg_digifunk_9-530x353.jpg 530w, https:\/\/www.ffw-berg.de\/wordpress\/wp-content\/uploads\/2016\/02\/ffberg_digifunk_9.jpg 1200w\" sizes=\"auto, (max-width: 300px) 100vw, 300px\" \/><\/a>\n\t\t\t<\/div><\/figure>\n\t\t<\/div>\n\n","protected":false},"excerpt":{"rendered":"<div class=\"mh-excerpt\"><span style=\"font-family: arial, helvetica, sans-serif; font-size: 10pt;\">Am 30.01. fand f\u00fcr ca. 25 Kameraden der Feuerwehren Berg und Schnarchenreuth die Endanwenderschulung Digitalfunk statt.<\/span><\/div>\n<p> <a class=\"mh-excerpt-more\" href=\"https:\/\/www.ffw-berg.de\/wordpress\/1-endanwenderschulung-digitalfunk-im-berger-winkel\/\" title=\"1. Endanwenderschulung Digitalfunk im Berger Winkel\">[  Mehr &gt;&gt; ]<\/a><\/p>\n","protected":false},"author":2,"featured_media":209572,"comment_status":"closed","ping_status":"open","sticky":false,"template":"","format":"standard","meta":{"footnotes":""},"categories":[747],"tags":[],"class_list":{"0":"post-209573","1":"post","2":"type-post","3":"status-publish","4":"format-standard","5":"has-post-thumbnail","7":"category-wir-ueber-uns-2"},"_links":{"self":[{"href":"https:\/\/www.ffw-berg.de\/wordpress\/wp-json\/wp\/v2\/posts\/209573","targetHints":{"allow":["GET"]}}],"collection":[{"href":"https:\/\/www.ffw-berg.de\/wordpress\/wp-json\/wp\/v2\/posts"}],"about":[{"href":"https:\/\/www.ffw-berg.de\/wordpress\/wp-json\/wp\/v2\/types\/post"}],"author":[{"embeddable":true,"href":"https:\/\/www.ffw-berg.de\/wordpress\/wp-json\/wp\/v2\/users\/2"}],"replies":[{"embeddable":true,"href":"https:\/\/www.ffw-berg.de\/wordpress\/wp-json\/wp\/v2\/comments?post=209573"}],"version-history":[{"count":0,"href":"https:\/\/www.ffw-berg.de\/wordpress\/wp-json\/wp\/v2\/posts\/209573\/revisions"}],"wp:featuredmedia":[{"embeddable":true,"href":"https:\/\/www.ffw-berg.de\/wordpress\/wp-json\/wp\/v2\/media\/209572"}],"wp:attachment":[{"href":"https:\/\/www.ffw-berg.de\/wordpress\/wp-json\/wp\/v2\/media?parent=209573"}],"wp:term":[{"taxonomy":"category","embeddable":true,"href":"https:\/\/www.ffw-berg.de\/wordpress\/wp-json\/wp\/v2\/categories?post=209573"},{"taxonomy":"post_tag","embeddable":true,"href":"https:\/\/www.ffw-berg.de\/wordpress\/wp-json\/wp\/v2\/tags?post=209573"}],"curies":[{"name":"wp","href":"https:\/\/api.w.org\/{rel}","templated":true}]}}