{"id":209611,"date":"2016-02-12T23:00:37","date_gmt":"2016-02-12T22:00:37","guid":{"rendered":"http:\/\/www.ffw-berg.de\/wordpress\/?p=209611"},"modified":"2018-01-25T07:40:33","modified_gmt":"2018-01-25T06:40:33","slug":"jhv-2016-gruppenbild-mit-neugewaehlten-ehrungen-und-befoerderungen","status":"publish","type":"post","link":"https:\/\/www.ffw-berg.de\/wordpress\/jhv-2016-gruppenbild-mit-neugewaehlten-ehrungen-und-befoerderungen\/","title":{"rendered":"JHV 2016 &#8211; Gruppenbild mit Neugew\u00e4hlten, Ehrungen und Bef\u00f6rderungen"},"content":{"rendered":"<h4><span style=\"color: #ff0000; font-family: arial, helvetica, sans-serif;\">Bef\u00f6rderungen, Neugew\u00e4hlte, Neuaufnahmen<\/span><\/h4>\n<figure id=\"attachment_209614\" aria-describedby=\"caption-attachment-209614\" style=\"width: 530px\" class=\"wp-caption aligncenter\"><a href=\"http:\/\/www.ffw-berg.de\/wordpress\/wp-content\/uploads\/2016\/02\/ffberg_jhv_2016_2.jpg\" rel=\"attachment wp-att-209614\"><img loading=\"lazy\" decoding=\"async\" class=\"wp-image-209614 size-large\" src=\"http:\/\/www.ffw-berg.de\/wordpress\/wp-content\/uploads\/2016\/02\/ffberg_jhv_2016_2-530x318.jpg\" alt=\"ffberg_jhv_2016_2.jpg\" width=\"530\" height=\"318\" srcset=\"https:\/\/www.ffw-berg.de\/wordpress\/wp-content\/uploads\/2016\/02\/ffberg_jhv_2016_2-530x318.jpg 530w, https:\/\/www.ffw-berg.de\/wordpress\/wp-content\/uploads\/2016\/02\/ffberg_jhv_2016_2-120x72.jpg 120w, https:\/\/www.ffw-berg.de\/wordpress\/wp-content\/uploads\/2016\/02\/ffberg_jhv_2016_2-700x419.jpg 700w, https:\/\/www.ffw-berg.de\/wordpress\/wp-content\/uploads\/2016\/02\/ffberg_jhv_2016_2-300x180.jpg 300w, https:\/\/www.ffw-berg.de\/wordpress\/wp-content\/uploads\/2016\/02\/ffberg_jhv_2016_2-768x460.jpg 768w, https:\/\/www.ffw-berg.de\/wordpress\/wp-content\/uploads\/2016\/02\/ffberg_jhv_2016_2.jpg 1200w\" sizes=\"auto, (max-width: 530px) 100vw, 530px\" \/><\/a><figcaption id=\"caption-attachment-209614\" class=\"wp-caption-text\">Von links: B\u00fcrgermeister Peter R\u00f6del, Kommandant Gunther Schaller<br \/> Alexander Egelkraut (neu gew\u00e4hlter 2. Vorstand, Bef\u00f6rderung zum L\u00f6schmeister und Ehrung f\u00fcr 20 Jahre Feuerwehrdienst)<br \/> Cosima Rubner (Neuaufnahme in die FF Berg)<br \/> Florian Hofmann (Bef\u00f6rderung zum Oberfeuerwehrmann)<br \/> Anna Haas (Neuaufnahme in die FF Berg)<br \/> Maximillian Schaller (Bef\u00f6rderung zum Oberfeuerwehrmann)<br \/> Patrick Krause (Geehrt f\u00fcr 20 Jahre Feuerwehrdienst)<br \/> Marco Kolbinger (Bef\u00f6rderung zum Brandmeister)<br \/> Gerhard Br\u00fchschwein (Vorstand Feuerwehrverein)<\/figcaption><\/figure>\n<p style=\"text-align: center;\"><span style=\"font-family: arial, helvetica, sans-serif; font-size: 10pt;\">Zur Vergr\u00f6\u00dferung anklicken!<\/span><\/p>\n","protected":false},"excerpt":{"rendered":"<div class=\"mh-excerpt\"><span style=\"font-family: arial, helvetica, sans-serif; font-size: 14px;\">Bef\u00f6rderungen, Neugew\u00e4hlte, Neuaufnahmen<\/span><\/div>\n<p> <a class=\"mh-excerpt-more\" href=\"https:\/\/www.ffw-berg.de\/wordpress\/jhv-2016-gruppenbild-mit-neugewaehlten-ehrungen-und-befoerderungen\/\" title=\"JHV 2016 &#8211; Gruppenbild mit Neugew\u00e4hlten, Ehrungen und Bef\u00f6rderungen\">[  Mehr &gt;&gt; ]<\/a><\/p>\n","protected":false},"author":2,"featured_media":209614,"comment_status":"closed","ping_status":"open","sticky":false,"template":"","format":"standard","meta":{"footnotes":""},"categories":[47],"tags":[259,261,262,263,266,411,412,413,414,415,416,417,418],"class_list":{"0":"post-209611","1":"post","2":"type-post","3":"status-publish","4":"format-standard","5":"has-post-thumbnail","7":"category-ehrungen","8":"tag-jahreshauptversammlung","9":"tag-ehrungen","10":"tag-befoerderungen","11":"tag-ff-berg","12":"tag-jhv","13":"tag-neuwahlen","14":"tag-ehrenmitglied","15":"tag-neuaufnahmen","16":"tag-2-vorstand","17":"tag-kassier","18":"tag-kassenpruefer","19":"tag-vertrauensleute","20":"tag-schriftfuehrer"},"_links":{"self":[{"href":"https:\/\/www.ffw-berg.de\/wordpress\/wp-json\/wp\/v2\/posts\/209611","targetHints":{"allow":["GET"]}}],"collection":[{"href":"https:\/\/www.ffw-berg.de\/wordpress\/wp-json\/wp\/v2\/posts"}],"about":[{"href":"https:\/\/www.ffw-berg.de\/wordpress\/wp-json\/wp\/v2\/types\/post"}],"author":[{"embeddable":true,"href":"https:\/\/www.ffw-berg.de\/wordpress\/wp-json\/wp\/v2\/users\/2"}],"replies":[{"embeddable":true,"href":"https:\/\/www.ffw-berg.de\/wordpress\/wp-json\/wp\/v2\/comments?post=209611"}],"version-history":[{"count":0,"href":"https:\/\/www.ffw-berg.de\/wordpress\/wp-json\/wp\/v2\/posts\/209611\/revisions"}],"wp:featuredmedia":[{"embeddable":true,"href":"https:\/\/www.ffw-berg.de\/wordpress\/wp-json\/wp\/v2\/media\/209614"}],"wp:attachment":[{"href":"https:\/\/www.ffw-berg.de\/wordpress\/wp-json\/wp\/v2\/media?parent=209611"}],"wp:term":[{"taxonomy":"category","embeddable":true,"href":"https:\/\/www.ffw-berg.de\/wordpress\/wp-json\/wp\/v2\/categories?post=209611"},{"taxonomy":"post_tag","embeddable":true,"href":"https:\/\/www.ffw-berg.de\/wordpress\/wp-json\/wp\/v2\/tags?post=209611"}],"curies":[{"name":"wp","href":"https:\/\/api.w.org\/{rel}","templated":true}]}}