{"id":209658,"date":"2016-02-11T12:20:19","date_gmt":"2016-02-11T11:20:19","guid":{"rendered":"http:\/\/www.ffw-berg.de\/wordpress\/?page_id=209658"},"modified":"2018-01-25T11:00:46","modified_gmt":"2018-01-25T10:00:46","slug":"jakobus-kindertagesstaette-besucht-feuerwehr-berg","status":"publish","type":"post","link":"https:\/\/www.ffw-berg.de\/wordpress\/jakobus-kindertagesstaette-besucht-feuerwehr-berg\/","title":{"rendered":"Jakobus Kindertagesst\u00e4tte besucht Feuerwehr Berg 2016"},"content":{"rendered":"<h3><span style=\"font-family: arial, helvetica, sans-serif; color: #ff0000;\"><span style=\"color: #800000;\">Viel Spa\u00df bei der vorschulischen Brandschutzerziehung<\/span><img loading=\"lazy\" decoding=\"async\" class=\"alignright wp-image-209665 size-medium\" src=\"http:\/\/www.ffw-berg.de\/wordpress\/wp-content\/uploads\/2016\/02\/ffberg_jakobus_2016-020-200x300.jpg\" alt=\"ffberg_jakobus_2016-020\" width=\"200\" height=\"300\" srcset=\"https:\/\/www.ffw-berg.de\/wordpress\/wp-content\/uploads\/2016\/02\/ffberg_jakobus_2016-020-200x300.jpg 200w, https:\/\/www.ffw-berg.de\/wordpress\/wp-content\/uploads\/2016\/02\/ffberg_jakobus_2016-020-80x120.jpg 80w, https:\/\/www.ffw-berg.de\/wordpress\/wp-content\/uploads\/2016\/02\/ffberg_jakobus_2016-020-167x250.jpg 167w, https:\/\/www.ffw-berg.de\/wordpress\/wp-content\/uploads\/2016\/02\/ffberg_jakobus_2016-020-350x525.jpg 350w, https:\/\/www.ffw-berg.de\/wordpress\/wp-content\/uploads\/2016\/02\/ffberg_jakobus_2016-020-768x1152.jpg 768w, https:\/\/www.ffw-berg.de\/wordpress\/wp-content\/uploads\/2016\/02\/ffberg_jakobus_2016-020-333x500.jpg 333w, https:\/\/www.ffw-berg.de\/wordpress\/wp-content\/uploads\/2016\/02\/ffberg_jakobus_2016-020.jpg 800w\" sizes=\"auto, (max-width: 200px) 100vw, 200px\" \/><\/span><\/h3>\n<p style=\"text-align: justify;\"><span style=\"font-family: arial, helvetica, sans-serif; font-size: 14px;\">Am 11.2.16 besuchten die Kinder der Jakobus-Kindertagesst\u00e4tte die Freiwillige Feuerwehr in Berg. Zu Beginn begr\u00fc\u00dften einige Kameraden der aktiven Wehr und der Jugendgruppe die Kindergartenkinder und kl\u00e4rten sie \u00fcber die Aufgaben und Arten der Feuerwehr auf. <\/span><\/p>\n<p style=\"text-align: justify;\"><span style=\"font-family: arial, helvetica, sans-serif; font-size: 14px;\">Passend zum <strong>Europ\u00e4ischen Tag des Notrufes<\/strong> am 11.2., wurde den Kindern erkl\u00e4rt was ein Notruf beinhalten muss und wie dieser richtig abgesetzt wird. Im Anschluss wurde die pers\u00f6nliche Schutzausr\u00fcstung eines Feuerwehrmannes vorgestellt und erkl\u00e4rt. Danach wurden den Kindern die Fahrzeuge gezeigt und einige Ger\u00e4tschaften vorgef\u00fchrt. <\/span><\/p>\n<p style=\"text-align: justify;\"><span style=\"font-family: arial, helvetica, sans-serif; font-size: 14px;\">Nach der Beantwortung aller Fragen durften die Kinder dann im Feuerwehrauto zur\u00fcck zum Kindergarten fahren.<\/span><\/p>\n<figure id=\"attachment_209671\" aria-describedby=\"caption-attachment-209671\" style=\"width: 530px\" class=\"wp-caption aligncenter\"><a href=\"http:\/\/www.ffw-berg.de\/wordpress\/wp-content\/uploads\/2016\/02\/ffberg_jakobus_2016-036.jpg\" rel=\"attachment wp-att-209671\"><img loading=\"lazy\" decoding=\"async\" class=\"wp-image-209671 size-large\" src=\"http:\/\/www.ffw-berg.de\/wordpress\/wp-content\/uploads\/2016\/02\/ffberg_jakobus_2016-036-530x398.jpg\" alt=\"ffberg_jakobus_2016-036\" width=\"530\" height=\"398\" srcset=\"https:\/\/www.ffw-berg.de\/wordpress\/wp-content\/uploads\/2016\/02\/ffberg_jakobus_2016-036-530x398.jpg 530w, https:\/\/www.ffw-berg.de\/wordpress\/wp-content\/uploads\/2016\/02\/ffberg_jakobus_2016-036-120x90.jpg 120w, https:\/\/www.ffw-berg.de\/wordpress\/wp-content\/uploads\/2016\/02\/ffberg_jakobus_2016-036-700x525.jpg 700w, https:\/\/www.ffw-berg.de\/wordpress\/wp-content\/uploads\/2016\/02\/ffberg_jakobus_2016-036-678x509.jpg 678w, https:\/\/www.ffw-berg.de\/wordpress\/wp-content\/uploads\/2016\/02\/ffberg_jakobus_2016-036-326x245.jpg 326w, https:\/\/www.ffw-berg.de\/wordpress\/wp-content\/uploads\/2016\/02\/ffberg_jakobus_2016-036-80x60.jpg 80w, https:\/\/www.ffw-berg.de\/wordpress\/wp-content\/uploads\/2016\/02\/ffberg_jakobus_2016-036-300x225.jpg 300w, https:\/\/www.ffw-berg.de\/wordpress\/wp-content\/uploads\/2016\/02\/ffberg_jakobus_2016-036-768x577.jpg 768w, https:\/\/www.ffw-berg.de\/wordpress\/wp-content\/uploads\/2016\/02\/ffberg_jakobus_2016-036.jpg 1200w\" sizes=\"auto, (max-width: 530px) 100vw, 530px\" \/><\/a><figcaption id=\"caption-attachment-209671\" class=\"wp-caption-text\"><span style=\"font-family: arial, helvetica, sans-serif; font-size: 12px;\">Zur Vergr\u00f6\u00dferung anklicken!<\/span><\/figcaption><\/figure>\n<h4 style=\"text-align: center;\"><span style=\"color: #800000; font-family: arial, helvetica, sans-serif;\">Eindr\u00fccke vom Besuch<\/span><\/h4>\n<div id='gallery-1' class='gallery galleryid-209658 gallery-columns-2 gallery-size-medium'><figure class='gallery-item'>\n\t\t\t<div class='gallery-icon landscape'>\n\t\t\t\t<a href='https:\/\/www.ffw-berg.de\/wordpress\/wp-content\/uploads\/2016\/02\/ffberg_jakobus_2016-003.jpg'><img loading=\"lazy\" decoding=\"async\" width=\"300\" height=\"200\" src=\"https:\/\/www.ffw-berg.de\/wordpress\/wp-content\/uploads\/2016\/02\/ffberg_jakobus_2016-003-300x200.jpg\" class=\"attachment-medium size-medium\" alt=\"ffberg_jakobus_2016-003\" srcset=\"https:\/\/www.ffw-berg.de\/wordpress\/wp-content\/uploads\/2016\/02\/ffberg_jakobus_2016-003-300x200.jpg 300w, https:\/\/www.ffw-berg.de\/wordpress\/wp-content\/uploads\/2016\/02\/ffberg_jakobus_2016-003-120x80.jpg 120w, https:\/\/www.ffw-berg.de\/wordpress\/wp-content\/uploads\/2016\/02\/ffberg_jakobus_2016-003-700x467.jpg 700w, https:\/\/www.ffw-berg.de\/wordpress\/wp-content\/uploads\/2016\/02\/ffberg_jakobus_2016-003-768x512.jpg 768w, https:\/\/www.ffw-berg.de\/wordpress\/wp-content\/uploads\/2016\/02\/ffberg_jakobus_2016-003-530x353.jpg 530w, https:\/\/www.ffw-berg.de\/wordpress\/wp-content\/uploads\/2016\/02\/ffberg_jakobus_2016-003.jpg 1200w\" sizes=\"auto, (max-width: 300px) 100vw, 300px\" \/><\/a>\n\t\t\t<\/div><\/figure><figure class='gallery-item'>\n\t\t\t<div class='gallery-icon landscape'>\n\t\t\t\t<a href='https:\/\/www.ffw-berg.de\/wordpress\/wp-content\/uploads\/2016\/02\/ffberg_jakobus_2016-005.jpg'><img loading=\"lazy\" decoding=\"async\" width=\"300\" height=\"226\" src=\"https:\/\/www.ffw-berg.de\/wordpress\/wp-content\/uploads\/2016\/02\/ffberg_jakobus_2016-005-300x226.jpg\" class=\"attachment-medium size-medium\" alt=\"ffberg_jakobus_2016-005\" srcset=\"https:\/\/www.ffw-berg.de\/wordpress\/wp-content\/uploads\/2016\/02\/ffberg_jakobus_2016-005-300x226.jpg 300w, https:\/\/www.ffw-berg.de\/wordpress\/wp-content\/uploads\/2016\/02\/ffberg_jakobus_2016-005-120x90.jpg 120w, https:\/\/www.ffw-berg.de\/wordpress\/wp-content\/uploads\/2016\/02\/ffberg_jakobus_2016-005-698x525.jpg 698w, https:\/\/www.ffw-berg.de\/wordpress\/wp-content\/uploads\/2016\/02\/ffberg_jakobus_2016-005-678x509.jpg 678w, https:\/\/www.ffw-berg.de\/wordpress\/wp-content\/uploads\/2016\/02\/ffberg_jakobus_2016-005-326x245.jpg 326w, https:\/\/www.ffw-berg.de\/wordpress\/wp-content\/uploads\/2016\/02\/ffberg_jakobus_2016-005-80x60.jpg 80w, https:\/\/www.ffw-berg.de\/wordpress\/wp-content\/uploads\/2016\/02\/ffberg_jakobus_2016-005-768x578.jpg 768w, https:\/\/www.ffw-berg.de\/wordpress\/wp-content\/uploads\/2016\/02\/ffberg_jakobus_2016-005-530x399.jpg 530w, https:\/\/www.ffw-berg.de\/wordpress\/wp-content\/uploads\/2016\/02\/ffberg_jakobus_2016-005.jpg 1200w\" sizes=\"auto, (max-width: 300px) 100vw, 300px\" \/><\/a>\n\t\t\t<\/div><\/figure><figure class='gallery-item'>\n\t\t\t<div class='gallery-icon landscape'>\n\t\t\t\t<a href='https:\/\/www.ffw-berg.de\/wordpress\/wp-content\/uploads\/2016\/02\/ffberg_jakobus_2016-030.jpg'><img loading=\"lazy\" decoding=\"async\" width=\"300\" height=\"225\" src=\"https:\/\/www.ffw-berg.de\/wordpress\/wp-content\/uploads\/2016\/02\/ffberg_jakobus_2016-030-300x225.jpg\" class=\"attachment-medium size-medium\" alt=\"ffberg_jakobus_2016-030\" srcset=\"https:\/\/www.ffw-berg.de\/wordpress\/wp-content\/uploads\/2016\/02\/ffberg_jakobus_2016-030-300x225.jpg 300w, https:\/\/www.ffw-berg.de\/wordpress\/wp-content\/uploads\/2016\/02\/ffberg_jakobus_2016-030-120x90.jpg 120w, https:\/\/www.ffw-berg.de\/wordpress\/wp-content\/uploads\/2016\/02\/ffberg_jakobus_2016-030-700x525.jpg 700w, https:\/\/www.ffw-berg.de\/wordpress\/wp-content\/uploads\/2016\/02\/ffberg_jakobus_2016-030-678x509.jpg 678w, https:\/\/www.ffw-berg.de\/wordpress\/wp-content\/uploads\/2016\/02\/ffberg_jakobus_2016-030-326x245.jpg 326w, https:\/\/www.ffw-berg.de\/wordpress\/wp-content\/uploads\/2016\/02\/ffberg_jakobus_2016-030-80x60.jpg 80w, https:\/\/www.ffw-berg.de\/wordpress\/wp-content\/uploads\/2016\/02\/ffberg_jakobus_2016-030-768x575.jpg 768w, https:\/\/www.ffw-berg.de\/wordpress\/wp-content\/uploads\/2016\/02\/ffberg_jakobus_2016-030-530x397.jpg 530w, https:\/\/www.ffw-berg.de\/wordpress\/wp-content\/uploads\/2016\/02\/ffberg_jakobus_2016-030.jpg 1200w\" sizes=\"auto, (max-width: 300px) 100vw, 300px\" \/><\/a>\n\t\t\t<\/div><\/figure><figure class='gallery-item'>\n\t\t\t<div class='gallery-icon landscape'>\n\t\t\t\t<a href='https:\/\/www.ffw-berg.de\/wordpress\/wp-content\/uploads\/2016\/02\/ffberg_jakobus_2016-027.jpg'><img loading=\"lazy\" decoding=\"async\" width=\"300\" height=\"225\" src=\"https:\/\/www.ffw-berg.de\/wordpress\/wp-content\/uploads\/2016\/02\/ffberg_jakobus_2016-027-300x225.jpg\" class=\"attachment-medium size-medium\" alt=\"ffberg_jakobus_2016-027\" srcset=\"https:\/\/www.ffw-berg.de\/wordpress\/wp-content\/uploads\/2016\/02\/ffberg_jakobus_2016-027-300x225.jpg 300w, https:\/\/www.ffw-berg.de\/wordpress\/wp-content\/uploads\/2016\/02\/ffberg_jakobus_2016-027-120x90.jpg 120w, https:\/\/www.ffw-berg.de\/wordpress\/wp-content\/uploads\/2016\/02\/ffberg_jakobus_2016-027-700x525.jpg 700w, https:\/\/www.ffw-berg.de\/wordpress\/wp-content\/uploads\/2016\/02\/ffberg_jakobus_2016-027-678x509.jpg 678w, https:\/\/www.ffw-berg.de\/wordpress\/wp-content\/uploads\/2016\/02\/ffberg_jakobus_2016-027-326x245.jpg 326w, https:\/\/www.ffw-berg.de\/wordpress\/wp-content\/uploads\/2016\/02\/ffberg_jakobus_2016-027-80x60.jpg 80w, https:\/\/www.ffw-berg.de\/wordpress\/wp-content\/uploads\/2016\/02\/ffberg_jakobus_2016-027-768x577.jpg 768w, https:\/\/www.ffw-berg.de\/wordpress\/wp-content\/uploads\/2016\/02\/ffberg_jakobus_2016-027-530x398.jpg 530w, https:\/\/www.ffw-berg.de\/wordpress\/wp-content\/uploads\/2016\/02\/ffberg_jakobus_2016-027.jpg 1200w\" sizes=\"auto, (max-width: 300px) 100vw, 300px\" \/><\/a>\n\t\t\t<\/div><\/figure><figure class='gallery-item'>\n\t\t\t<div class='gallery-icon landscape'>\n\t\t\t\t<a href='https:\/\/www.ffw-berg.de\/wordpress\/wp-content\/uploads\/2016\/02\/ffberg_jakobus_2016-011.jpg'><img loading=\"lazy\" decoding=\"async\" width=\"300\" height=\"226\" src=\"https:\/\/www.ffw-berg.de\/wordpress\/wp-content\/uploads\/2016\/02\/ffberg_jakobus_2016-011-300x226.jpg\" class=\"attachment-medium size-medium\" alt=\"ffberg_jakobus_2016-011\" srcset=\"https:\/\/www.ffw-berg.de\/wordpress\/wp-content\/uploads\/2016\/02\/ffberg_jakobus_2016-011-300x226.jpg 300w, https:\/\/www.ffw-berg.de\/wordpress\/wp-content\/uploads\/2016\/02\/ffberg_jakobus_2016-011-120x90.jpg 120w, https:\/\/www.ffw-berg.de\/wordpress\/wp-content\/uploads\/2016\/02\/ffberg_jakobus_2016-011-697x525.jpg 697w, https:\/\/www.ffw-berg.de\/wordpress\/wp-content\/uploads\/2016\/02\/ffberg_jakobus_2016-011-678x509.jpg 678w, https:\/\/www.ffw-berg.de\/wordpress\/wp-content\/uploads\/2016\/02\/ffberg_jakobus_2016-011-326x245.jpg 326w, https:\/\/www.ffw-berg.de\/wordpress\/wp-content\/uploads\/2016\/02\/ffberg_jakobus_2016-011-80x60.jpg 80w, https:\/\/www.ffw-berg.de\/wordpress\/wp-content\/uploads\/2016\/02\/ffberg_jakobus_2016-011-768x579.jpg 768w, https:\/\/www.ffw-berg.de\/wordpress\/wp-content\/uploads\/2016\/02\/ffberg_jakobus_2016-011-530x399.jpg 530w, https:\/\/www.ffw-berg.de\/wordpress\/wp-content\/uploads\/2016\/02\/ffberg_jakobus_2016-011.jpg 1200w\" sizes=\"auto, (max-width: 300px) 100vw, 300px\" \/><\/a>\n\t\t\t<\/div><\/figure><figure class='gallery-item'>\n\t\t\t<div class='gallery-icon landscape'>\n\t\t\t\t<a href='https:\/\/www.ffw-berg.de\/wordpress\/wp-content\/uploads\/2016\/02\/ffberg_jakobus_2016-023.jpg'><img loading=\"lazy\" decoding=\"async\" width=\"300\" height=\"225\" src=\"https:\/\/www.ffw-berg.de\/wordpress\/wp-content\/uploads\/2016\/02\/ffberg_jakobus_2016-023-300x225.jpg\" class=\"attachment-medium size-medium\" alt=\"ffberg_jakobus_2016-023\" srcset=\"https:\/\/www.ffw-berg.de\/wordpress\/wp-content\/uploads\/2016\/02\/ffberg_jakobus_2016-023-300x225.jpg 300w, https:\/\/www.ffw-berg.de\/wordpress\/wp-content\/uploads\/2016\/02\/ffberg_jakobus_2016-023-120x90.jpg 120w, https:\/\/www.ffw-berg.de\/wordpress\/wp-content\/uploads\/2016\/02\/ffberg_jakobus_2016-023-700x525.jpg 700w, https:\/\/www.ffw-berg.de\/wordpress\/wp-content\/uploads\/2016\/02\/ffberg_jakobus_2016-023-678x509.jpg 678w, https:\/\/www.ffw-berg.de\/wordpress\/wp-content\/uploads\/2016\/02\/ffberg_jakobus_2016-023-326x245.jpg 326w, https:\/\/www.ffw-berg.de\/wordpress\/wp-content\/uploads\/2016\/02\/ffberg_jakobus_2016-023-80x60.jpg 80w, https:\/\/www.ffw-berg.de\/wordpress\/wp-content\/uploads\/2016\/02\/ffberg_jakobus_2016-023-768x576.jpg 768w, https:\/\/www.ffw-berg.de\/wordpress\/wp-content\/uploads\/2016\/02\/ffberg_jakobus_2016-023-530x398.jpg 530w, https:\/\/www.ffw-berg.de\/wordpress\/wp-content\/uploads\/2016\/02\/ffberg_jakobus_2016-023.jpg 1200w\" sizes=\"auto, (max-width: 300px) 100vw, 300px\" \/><\/a>\n\t\t\t<\/div><\/figure>\n\t\t<\/div>\n\n<p><img loading=\"lazy\" decoding=\"async\" class=\"aligncenter wp-image-209670 size-full\" src=\"http:\/\/www.ffw-berg.de\/wordpress\/wp-content\/uploads\/2016\/02\/ffberg_jakobus_2016-035.jpg\" alt=\"ffberg_jakobus_2016-035\" width=\"1200\" height=\"901\" srcset=\"https:\/\/www.ffw-berg.de\/wordpress\/wp-content\/uploads\/2016\/02\/ffberg_jakobus_2016-035.jpg 1200w, https:\/\/www.ffw-berg.de\/wordpress\/wp-content\/uploads\/2016\/02\/ffberg_jakobus_2016-035-120x90.jpg 120w, https:\/\/www.ffw-berg.de\/wordpress\/wp-content\/uploads\/2016\/02\/ffberg_jakobus_2016-035-700x525.jpg 700w, https:\/\/www.ffw-berg.de\/wordpress\/wp-content\/uploads\/2016\/02\/ffberg_jakobus_2016-035-678x509.jpg 678w, https:\/\/www.ffw-berg.de\/wordpress\/wp-content\/uploads\/2016\/02\/ffberg_jakobus_2016-035-326x245.jpg 326w, https:\/\/www.ffw-berg.de\/wordpress\/wp-content\/uploads\/2016\/02\/ffberg_jakobus_2016-035-80x60.jpg 80w, https:\/\/www.ffw-berg.de\/wordpress\/wp-content\/uploads\/2016\/02\/ffberg_jakobus_2016-035-300x225.jpg 300w, https:\/\/www.ffw-berg.de\/wordpress\/wp-content\/uploads\/2016\/02\/ffberg_jakobus_2016-035-768x577.jpg 768w, https:\/\/www.ffw-berg.de\/wordpress\/wp-content\/uploads\/2016\/02\/ffberg_jakobus_2016-035-530x398.jpg 530w\" sizes=\"auto, (max-width: 1200px) 100vw, 1200px\" \/><\/p>\n<h4><span style=\"color: #800000; font-family: arial, helvetica, sans-serif;\">Alle Bilder vom Besuch in unserem Album bei<\/span><\/h4>\n<blockquote class=\"embedly-card\" data-card-controls=\"0\" data-card-align=\"center\" data-card-theme=\"light\">\n<h4><a href=\"https:\/\/goo.gl\/photos\/F76JxMx9dTffX38W9\">No Title<\/a><\/h4>\n<p>No Description<\/p>\n<\/blockquote>\n<p><script async src=\"\/\/cdn.embedly.com\/widgets\/platform.js\" charset=\"UTF-8\"><\/script><\/p>\n","protected":false},"excerpt":{"rendered":"<div class=\"mh-excerpt\">\n<h4><span style=\"color: #ff0000; font-family: arial, helvetica, sans-serif;\">Vorschulische Brandschutzerziehung bei der FF Berg<\/span><\/h4>\n<p><span style=\"font-family: arial, helvetica, sans-serif; font-size: 10pt;\">Am 11.2.16 besuchten die Kinder der Jakobus-Kindertagesst\u00e4tte die Freiwillige Feuerwehr in Berg.<\/span><\/div>\n<p> <a class=\"mh-excerpt-more\" href=\"https:\/\/www.ffw-berg.de\/wordpress\/jakobus-kindertagesstaette-besucht-feuerwehr-berg\/\" title=\"Jakobus Kindertagesst\u00e4tte besucht Feuerwehr Berg 2016\">[  Mehr &gt;&gt; ]<\/a><\/p>\n","protected":false},"author":2,"featured_media":209671,"comment_status":"closed","ping_status":"open","sticky":false,"template":"","format":"standard","meta":{"footnotes":""},"categories":[747],"tags":[],"class_list":{"0":"post-209658","1":"post","2":"type-post","3":"status-publish","4":"format-standard","5":"has-post-thumbnail","7":"category-wir-ueber-uns-2"},"_links":{"self":[{"href":"https:\/\/www.ffw-berg.de\/wordpress\/wp-json\/wp\/v2\/posts\/209658","targetHints":{"allow":["GET"]}}],"collection":[{"href":"https:\/\/www.ffw-berg.de\/wordpress\/wp-json\/wp\/v2\/posts"}],"about":[{"href":"https:\/\/www.ffw-berg.de\/wordpress\/wp-json\/wp\/v2\/types\/post"}],"author":[{"embeddable":true,"href":"https:\/\/www.ffw-berg.de\/wordpress\/wp-json\/wp\/v2\/users\/2"}],"replies":[{"embeddable":true,"href":"https:\/\/www.ffw-berg.de\/wordpress\/wp-json\/wp\/v2\/comments?post=209658"}],"version-history":[{"count":0,"href":"https:\/\/www.ffw-berg.de\/wordpress\/wp-json\/wp\/v2\/posts\/209658\/revisions"}],"wp:featuredmedia":[{"embeddable":true,"href":"https:\/\/www.ffw-berg.de\/wordpress\/wp-json\/wp\/v2\/media\/209671"}],"wp:attachment":[{"href":"https:\/\/www.ffw-berg.de\/wordpress\/wp-json\/wp\/v2\/media?parent=209658"}],"wp:term":[{"taxonomy":"category","embeddable":true,"href":"https:\/\/www.ffw-berg.de\/wordpress\/wp-json\/wp\/v2\/categories?post=209658"},{"taxonomy":"post_tag","embeddable":true,"href":"https:\/\/www.ffw-berg.de\/wordpress\/wp-json\/wp\/v2\/tags?post=209658"}],"curies":[{"name":"wp","href":"https:\/\/api.w.org\/{rel}","templated":true}]}}