{"id":209733,"date":"2016-03-03T23:00:29","date_gmt":"2016-03-03T22:00:29","guid":{"rendered":"http:\/\/www.ffw-berg.de\/wordpress\/?p=209733"},"modified":"2018-01-21T15:51:13","modified_gmt":"2018-01-21T14:51:13","slug":"dienstversammlung-2016-neuwahl-der-kommandanten","status":"publish","type":"post","link":"https:\/\/www.ffw-berg.de\/wordpress\/dienstversammlung-2016-neuwahl-der-kommandanten\/","title":{"rendered":"Feuerwehr Berg unter neuer F\u00fchrung"},"content":{"rendered":"<p>Am 03.03.167\u00a0fand in einer Dienstversammlung die Wahl des 1. und 2. Kommandanten der Freiwilligen Feuerwehr Berg statt.<\/p>\n<p style=\"text-align: justify;\">Nachdem Gunther Schaller sein Amt als 1. Kommandant zur Verf\u00fcgung stellte, wurde als <strong>neuer 1. Kommandant Martin Wurzbacher<\/strong> gew\u00e4hlt. Unterst\u00fctzt wird er weiterhin von <strong>Marco Kolbinger der als stellvertretender Kommandant im Amt best\u00e4tigt<\/strong> wurde.<\/p>\n<p style=\"text-align: justify;\">B\u00fcrgermeister Peter R\u00f6del bedankte sich bei dem scheidenden Kommandanten f\u00fcr die geleistete Arbeit in den vergangen 18 Jahren als stellvertrender und federf\u00fchrenden Kommandant des Berger Winkels und f\u00fcr die Leitung des Fahrzeugausschusses zur Beschaffung des Hilfeleistungsl\u00f6schfahrzeuges.<\/p>\n<p style=\"text-align: center;\"><strong><em>Weiterhin w\u00fcnschte er den beiden Kommandanten viel Gl\u00fcck und Erfolg in ihren \u00c4mtern.<\/em><\/strong><\/p>\n<figure id=\"attachment_209727\" aria-describedby=\"caption-attachment-209727\" style=\"width: 530px\" class=\"wp-caption aligncenter\"><a href=\"http:\/\/www.ffw-berg.de\/wordpress\/wp-content\/uploads\/2016\/03\/ffberg_Kdt_2016_1.jpg\" rel=\"attachment wp-att-209727\"><img loading=\"lazy\" decoding=\"async\" class=\"wp-image-209727 size-large\" src=\"http:\/\/www.ffw-berg.de\/wordpress\/wp-content\/uploads\/2016\/03\/ffberg_Kdt_2016_1-530x332.jpg\" alt=\"ffberg_Kdt_2016_1\" width=\"530\" height=\"332\" srcset=\"https:\/\/www.ffw-berg.de\/wordpress\/wp-content\/uploads\/2016\/03\/ffberg_Kdt_2016_1-530x332.jpg 530w, https:\/\/www.ffw-berg.de\/wordpress\/wp-content\/uploads\/2016\/03\/ffberg_Kdt_2016_1-120x75.jpg 120w, https:\/\/www.ffw-berg.de\/wordpress\/wp-content\/uploads\/2016\/03\/ffberg_Kdt_2016_1-700x438.jpg 700w, https:\/\/www.ffw-berg.de\/wordpress\/wp-content\/uploads\/2016\/03\/ffberg_Kdt_2016_1-300x188.jpg 300w, https:\/\/www.ffw-berg.de\/wordpress\/wp-content\/uploads\/2016\/03\/ffberg_Kdt_2016_1-768x481.jpg 768w, https:\/\/www.ffw-berg.de\/wordpress\/wp-content\/uploads\/2016\/03\/ffberg_Kdt_2016_1.jpg 1200w\" sizes=\"auto, (max-width: 530px) 100vw, 530px\" \/><\/a><figcaption id=\"caption-attachment-209727\" class=\"wp-caption-text\">Von links: B\u00fcrgermeister Peter R\u00f6del<br \/> Stellvertretender Kommandant Marco Kolbinger<br \/> Scheidender Kommandant Gunther Schaller<br \/> Neu gew\u00e4hlter 1. Kommandant Martin Wurzbacher<\/figcaption><\/figure>\n<p style=\"text-align: center;\"><span style=\"font-family: arial, helvetica, sans-serif; font-size: 8pt;\">Zur Vergr\u00f6\u00dferung anklicken!<\/span><\/p>\n<figure id=\"attachment_209728\" aria-describedby=\"caption-attachment-209728\" style=\"width: 530px\" class=\"wp-caption aligncenter\"><a href=\"http:\/\/www.ffw-berg.de\/wordpress\/wp-content\/uploads\/2016\/03\/ffberg_Kdt_2016_2-e1457188863279.jpg\" rel=\"attachment wp-att-209728\"><img loading=\"lazy\" decoding=\"async\" class=\"wp-image-209728 size-large\" src=\"http:\/\/www.ffw-berg.de\/wordpress\/wp-content\/uploads\/2016\/03\/ffberg_Kdt_2016_2-e1457188863279-530x457.jpg\" alt=\"ffberg_Kdt_2016_2\" width=\"530\" height=\"457\" srcset=\"https:\/\/www.ffw-berg.de\/wordpress\/wp-content\/uploads\/2016\/03\/ffberg_Kdt_2016_2-e1457188863279-530x457.jpg 530w, https:\/\/www.ffw-berg.de\/wordpress\/wp-content\/uploads\/2016\/03\/ffberg_Kdt_2016_2-e1457188863279-120x103.jpg 120w, https:\/\/www.ffw-berg.de\/wordpress\/wp-content\/uploads\/2016\/03\/ffberg_Kdt_2016_2-e1457188863279-290x250.jpg 290w, https:\/\/www.ffw-berg.de\/wordpress\/wp-content\/uploads\/2016\/03\/ffberg_Kdt_2016_2-e1457188863279-609x525.jpg 609w, https:\/\/www.ffw-berg.de\/wordpress\/wp-content\/uploads\/2016\/03\/ffberg_Kdt_2016_2-e1457188863279-768x662.jpg 768w, https:\/\/www.ffw-berg.de\/wordpress\/wp-content\/uploads\/2016\/03\/ffberg_Kdt_2016_2-e1457188863279-300x259.jpg 300w, https:\/\/www.ffw-berg.de\/wordpress\/wp-content\/uploads\/2016\/03\/ffberg_Kdt_2016_2-e1457188863279.jpg 849w\" sizes=\"auto, (max-width: 530px) 100vw, 530px\" \/><\/a><figcaption id=\"caption-attachment-209728\" class=\"wp-caption-text\">Von links: Stellvertretender Kommandant Marco Kolbinger<br \/> Ehemaliger Kommandant Gunther Schaller<br \/> 1. Kommandant Martin Wurzbacher<\/figcaption><\/figure>\n<p>&nbsp;<\/p>\n","protected":false},"excerpt":{"rendered":"<div class=\"mh-excerpt\"><span style=\"font-family: arial, helvetica, sans-serif; font-size: 10pt;\">Bei der Dienstversammlung am 03.03.2016 wurde die F\u00fchrung der Feuerwehr Berg\u00a0neu gew\u00e4hlt.<\/span><\/div>\n<p> <a class=\"mh-excerpt-more\" href=\"https:\/\/www.ffw-berg.de\/wordpress\/dienstversammlung-2016-neuwahl-der-kommandanten\/\" title=\"Feuerwehr Berg unter neuer F\u00fchrung\">[  Mehr &gt;&gt; ]<\/a><\/p>\n","protected":false},"author":2,"featured_media":209744,"comment_status":"closed","ping_status":"open","sticky":false,"template":"","format":"standard","meta":{"footnotes":""},"categories":[271,421,46],"tags":[266,411,422,423,424,425],"class_list":{"0":"post-209733","1":"post","2":"type-post","3":"status-publish","4":"format-standard","5":"has-post-thumbnail","7":"category-jahreshauptversammlung","8":"category-neuwahlen","9":"category-wir-ueber-uns","10":"tag-jhv","11":"tag-neuwahlen","12":"tag-jahreshauptversammlung-2016","13":"tag-dienstversammlung","14":"tag-kommandant","15":"tag-stellv-kommandant"},"_links":{"self":[{"href":"https:\/\/www.ffw-berg.de\/wordpress\/wp-json\/wp\/v2\/posts\/209733","targetHints":{"allow":["GET"]}}],"collection":[{"href":"https:\/\/www.ffw-berg.de\/wordpress\/wp-json\/wp\/v2\/posts"}],"about":[{"href":"https:\/\/www.ffw-berg.de\/wordpress\/wp-json\/wp\/v2\/types\/post"}],"author":[{"embeddable":true,"href":"https:\/\/www.ffw-berg.de\/wordpress\/wp-json\/wp\/v2\/users\/2"}],"replies":[{"embeddable":true,"href":"https:\/\/www.ffw-berg.de\/wordpress\/wp-json\/wp\/v2\/comments?post=209733"}],"version-history":[{"count":0,"href":"https:\/\/www.ffw-berg.de\/wordpress\/wp-json\/wp\/v2\/posts\/209733\/revisions"}],"wp:featuredmedia":[{"embeddable":true,"href":"https:\/\/www.ffw-berg.de\/wordpress\/wp-json\/wp\/v2\/media\/209744"}],"wp:attachment":[{"href":"https:\/\/www.ffw-berg.de\/wordpress\/wp-json\/wp\/v2\/media?parent=209733"}],"wp:term":[{"taxonomy":"category","embeddable":true,"href":"https:\/\/www.ffw-berg.de\/wordpress\/wp-json\/wp\/v2\/categories?post=209733"},{"taxonomy":"post_tag","embeddable":true,"href":"https:\/\/www.ffw-berg.de\/wordpress\/wp-json\/wp\/v2\/tags?post=209733"}],"curies":[{"name":"wp","href":"https:\/\/api.w.org\/{rel}","templated":true}]}}