{"id":210104,"date":"2016-03-19T01:00:18","date_gmt":"2016-03-19T00:00:18","guid":{"rendered":"http:\/\/www.ffw-berg.de\/wordpress\/?page_id=210104"},"modified":"2019-01-01T22:22:23","modified_gmt":"2019-01-01T21:22:23","slug":"muckturnier-2016","status":"publish","type":"post","link":"https:\/\/www.ffw-berg.de\/wordpress\/muckturnier-2016\/","title":{"rendered":"Muckturnier 2016"},"content":{"rendered":"\n<h2 class=\"wp-block-heading\">Vorjahressieger scheiterten im Halbfinale &#8211; Erste Gewinnerin seit 1999<br \/><\/h2>\n\n\n\n<div class=\"wp-block-image\"><figure class=\"aligncenter\"><a href=\"http:\/\/www.ffw-berg.de\/wordpress\/wp-content\/uploads\/2016\/03\/muckturnier2016_23.jpg\" rel=\"attachment wp-att-210131\"><img loading=\"lazy\" decoding=\"async\" width=\"530\" height=\"398\" src=\"http:\/\/www.ffw-berg.de\/wordpress\/wp-content\/uploads\/2016\/03\/muckturnier2016_23-530x398.jpg\" alt=\"muckturnier2016_23\" class=\"wp-image-210131\" srcset=\"https:\/\/www.ffw-berg.de\/wordpress\/wp-content\/uploads\/2016\/03\/muckturnier2016_23-530x398.jpg 530w, https:\/\/www.ffw-berg.de\/wordpress\/wp-content\/uploads\/2016\/03\/muckturnier2016_23-120x90.jpg 120w, https:\/\/www.ffw-berg.de\/wordpress\/wp-content\/uploads\/2016\/03\/muckturnier2016_23-700x525.jpg 700w, https:\/\/www.ffw-berg.de\/wordpress\/wp-content\/uploads\/2016\/03\/muckturnier2016_23-678x509.jpg 678w, https:\/\/www.ffw-berg.de\/wordpress\/wp-content\/uploads\/2016\/03\/muckturnier2016_23-326x245.jpg 326w, https:\/\/www.ffw-berg.de\/wordpress\/wp-content\/uploads\/2016\/03\/muckturnier2016_23-80x60.jpg 80w, https:\/\/www.ffw-berg.de\/wordpress\/wp-content\/uploads\/2016\/03\/muckturnier2016_23-300x225.jpg 300w, https:\/\/www.ffw-berg.de\/wordpress\/wp-content\/uploads\/2016\/03\/muckturnier2016_23-768x576.jpg 768w, https:\/\/www.ffw-berg.de\/wordpress\/wp-content\/uploads\/2016\/03\/muckturnier2016_23.jpg 1200w\" sizes=\"auto, (max-width: 530px) 100vw, 530px\" \/><\/a><figcaption>Die Sieger 2016: Rita Leupold holt zusammen mit J\u00fcrgen Gebhardt den Wanderpokal<\/figcaption><\/figure><\/div>\n\n\n\n<p>P\u00fcnktlich fanden sich um 18.00 Uhr wieder alle Teilnehmer ein und es erfolgte die Auslosung der Mannschaften. Die Vorrunde mit 5 Durchg\u00e4ngen startete um 18.18 Uhr. Traditionell&nbsp; starteten am Tisch 1die Titelverteidiger ins Turnier.&nbsp; Am Ende der Vorrunde hatte sich die Lage deutlich entspannt. Je zweimal Poppelgleichheit aber eindeutiger Punktevorsprung jeweils zwischen Platz 3 und 4 und 5 und 6 in jeder Gruppe. Eindeutig waren dagegen die Abst\u00e4nde ijeweils zwischen den Gruppenersten und Zweiten. Hier reichten die gewonnen Poppel. Die Titelverteidiger erarbeiteten sich auch in diesem Jahr Platz 1 in Gruppe 1! Aber abgerechnet wird ja bekanntlich zum Schluss!<br \/><\/p>\n\n\n\n<p>Vor den K.o.-Runden wurde unser deftiges Brotzeit-B\u00fcffet er\u00f6ffnet, das nat\u00fcrlich wieder von unseren flei\u00dfigen Helfern vorbereitet worden war. Und dann ging es ans Eingemachte &#8211; Nur die Siege z\u00e4hlen noch&#8230;<span style=\"font-family: arial, helvetica, sans-serif; font-size: 14px;\"><br \/><\/span><\/p>\n\n\n\n<p>Nach der Vorrunde blieben Armin Gebhardt und Roland Rank weiterhin auf Final-Kurs. Klar mit 2 gewonnen Poppel zogen sie ins Halbfinale ein.&nbsp; Die Titelverteidger scheiterten jedoch an Thomas Haas und Michael Jahn&nbsp; im Halbfinale mit zwei deutlich verlorenen Poppeln. Es zeigte sich einmal mehr, dass eine tolle Vorrunde, die die beiden mit dem 1. Gruppenplatz abschlossen, in der K.o.-Runden leider nichts mehr z\u00e4hlt!<br \/><\/p>\n\n\n\n<p>Im Halbfinale wurde auch am 2. Tisch erbittert gek\u00e4mpft. Ein Team mu\u00dfte einen dritten Poppel spielen, um eine Entscheidung herbeizuf\u00fchren. Am Ende zogen Thomas Haas und Michael Jahn sowie Rita Leupold und J\u00fcrgen Gebhardt ins Finale ein. Thomas Schloth und Manfred Lang sowie Roland Rank und Armin Gebhardt spielten um Platz 3. Letztere entschieden den 3. Platz nach 3 Poppeln f\u00fcr sich.<span style=\"font-family: arial, helvetica, sans-serif; font-size: 14px;\"><br \/><\/span><\/p>\n\n\n\n<p>Im diesj\u00e4hrigen Finalspiel schenkten sich beide Mannschaften nichts. Trotzdem konnte das Endspiel in nur 2 Poppeln entschieden werden. Verdiente Gewinner und Premiere in diesem Jahr: Zum ersten Mal in der Geschichte des Muckturniers der FF Berg gewann mit Rita Leupold eine Frau den Wanderpokal zusammen mit J\u00fcrgen Gebhardt. Herzlichen Gl\u00fcckwunsch!<span style=\"font-family: arial, helvetica, sans-serif; font-size: 14px;\"><br \/><\/span><\/p>\n\n\n\n<ul class=\"wp-block-gallery columns-3 is-cropped wp-block-gallery-1 is-layout-flex wp-block-gallery-is-layout-flex\"><li class=\"blocks-gallery-item\"><figure><a href=\"https:\/\/www.ffw-berg.de\/wordpress\/wp-content\/uploads\/2016\/03\/muckturnier2016_1-700x525.jpg\"><img loading=\"lazy\" decoding=\"async\" width=\"700\" height=\"525\" src=\"https:\/\/www.ffw-berg.de\/wordpress\/wp-content\/uploads\/2016\/03\/muckturnier2016_1-700x525.jpg\" alt=\"muckturnier2016_1\" data-id=\"210126\" data-link=\"https:\/\/www.ffw-berg.de\/wordpress\/muckturnier2016_1\/\" class=\"wp-image-210126\" srcset=\"https:\/\/www.ffw-berg.de\/wordpress\/wp-content\/uploads\/2016\/03\/muckturnier2016_1-700x525.jpg 700w, https:\/\/www.ffw-berg.de\/wordpress\/wp-content\/uploads\/2016\/03\/muckturnier2016_1-120x90.jpg 120w, https:\/\/www.ffw-berg.de\/wordpress\/wp-content\/uploads\/2016\/03\/muckturnier2016_1-678x509.jpg 678w, https:\/\/www.ffw-berg.de\/wordpress\/wp-content\/uploads\/2016\/03\/muckturnier2016_1-326x245.jpg 326w, https:\/\/www.ffw-berg.de\/wordpress\/wp-content\/uploads\/2016\/03\/muckturnier2016_1-80x60.jpg 80w, https:\/\/www.ffw-berg.de\/wordpress\/wp-content\/uploads\/2016\/03\/muckturnier2016_1-300x225.jpg 300w, https:\/\/www.ffw-berg.de\/wordpress\/wp-content\/uploads\/2016\/03\/muckturnier2016_1-768x576.jpg 768w, https:\/\/www.ffw-berg.de\/wordpress\/wp-content\/uploads\/2016\/03\/muckturnier2016_1-530x398.jpg 530w, https:\/\/www.ffw-berg.de\/wordpress\/wp-content\/uploads\/2016\/03\/muckturnier2016_1.jpg 1200w\" sizes=\"auto, (max-width: 700px) 100vw, 700px\" \/><\/a><figcaption>Die Gewinne f\u00fcr unsere Teilnehmer &#8211; keiner geht leer aus&#8230;<\/figcaption><\/figure><\/li><li class=\"blocks-gallery-item\"><figure><a href=\"https:\/\/www.ffw-berg.de\/wordpress\/wp-content\/uploads\/2016\/03\/muckturnier2016_5-700x525.jpg\"><img loading=\"lazy\" decoding=\"async\" width=\"700\" height=\"525\" src=\"https:\/\/www.ffw-berg.de\/wordpress\/wp-content\/uploads\/2016\/03\/muckturnier2016_5-700x525.jpg\" alt=\"muckturnier2016_5\" data-id=\"210127\" data-link=\"https:\/\/www.ffw-berg.de\/wordpress\/muckturnier2016_5\/\" class=\"wp-image-210127\" srcset=\"https:\/\/www.ffw-berg.de\/wordpress\/wp-content\/uploads\/2016\/03\/muckturnier2016_5-700x525.jpg 700w, https:\/\/www.ffw-berg.de\/wordpress\/wp-content\/uploads\/2016\/03\/muckturnier2016_5-120x90.jpg 120w, https:\/\/www.ffw-berg.de\/wordpress\/wp-content\/uploads\/2016\/03\/muckturnier2016_5-678x509.jpg 678w, https:\/\/www.ffw-berg.de\/wordpress\/wp-content\/uploads\/2016\/03\/muckturnier2016_5-326x245.jpg 326w, https:\/\/www.ffw-berg.de\/wordpress\/wp-content\/uploads\/2016\/03\/muckturnier2016_5-80x60.jpg 80w, https:\/\/www.ffw-berg.de\/wordpress\/wp-content\/uploads\/2016\/03\/muckturnier2016_5-300x225.jpg 300w, https:\/\/www.ffw-berg.de\/wordpress\/wp-content\/uploads\/2016\/03\/muckturnier2016_5-768x576.jpg 768w, https:\/\/www.ffw-berg.de\/wordpress\/wp-content\/uploads\/2016\/03\/muckturnier2016_5-530x398.jpg 530w, https:\/\/www.ffw-berg.de\/wordpress\/wp-content\/uploads\/2016\/03\/muckturnier2016_5.jpg 1200w\" sizes=\"auto, (max-width: 700px) 100vw, 700px\" \/><\/a><figcaption>Muckturnier geht los<\/figcaption><\/figure><\/li><li class=\"blocks-gallery-item\"><figure><a href=\"https:\/\/www.ffw-berg.de\/wordpress\/wp-content\/uploads\/2016\/03\/muckturnier2016_10-700x525.jpg\"><img loading=\"lazy\" decoding=\"async\" width=\"700\" height=\"525\" src=\"https:\/\/www.ffw-berg.de\/wordpress\/wp-content\/uploads\/2016\/03\/muckturnier2016_10-700x525.jpg\" alt=\"muckturnier2016_10\" data-id=\"210128\" data-link=\"https:\/\/www.ffw-berg.de\/wordpress\/muckturnier2016_10\/\" class=\"wp-image-210128\" srcset=\"https:\/\/www.ffw-berg.de\/wordpress\/wp-content\/uploads\/2016\/03\/muckturnier2016_10-700x525.jpg 700w, https:\/\/www.ffw-berg.de\/wordpress\/wp-content\/uploads\/2016\/03\/muckturnier2016_10-120x90.jpg 120w, https:\/\/www.ffw-berg.de\/wordpress\/wp-content\/uploads\/2016\/03\/muckturnier2016_10-678x509.jpg 678w, https:\/\/www.ffw-berg.de\/wordpress\/wp-content\/uploads\/2016\/03\/muckturnier2016_10-326x245.jpg 326w, https:\/\/www.ffw-berg.de\/wordpress\/wp-content\/uploads\/2016\/03\/muckturnier2016_10-80x60.jpg 80w, https:\/\/www.ffw-berg.de\/wordpress\/wp-content\/uploads\/2016\/03\/muckturnier2016_10-300x225.jpg 300w, https:\/\/www.ffw-berg.de\/wordpress\/wp-content\/uploads\/2016\/03\/muckturnier2016_10-768x576.jpg 768w, https:\/\/www.ffw-berg.de\/wordpress\/wp-content\/uploads\/2016\/03\/muckturnier2016_10-530x398.jpg 530w, https:\/\/www.ffw-berg.de\/wordpress\/wp-content\/uploads\/2016\/03\/muckturnier2016_10.jpg 1200w\" sizes=\"auto, (max-width: 700px) 100vw, 700px\" \/><\/a><figcaption>Brotzeit-Buffet vor K.o-Runde. Besser gehts im Hotel auch nicht!<\/figcaption><\/figure><\/li><li class=\"blocks-gallery-item\"><figure><a href=\"https:\/\/www.ffw-berg.de\/wordpress\/wp-content\/uploads\/2016\/03\/muckturnier2016_19-700x525.jpg\"><img loading=\"lazy\" decoding=\"async\" width=\"700\" height=\"525\" src=\"https:\/\/www.ffw-berg.de\/wordpress\/wp-content\/uploads\/2016\/03\/muckturnier2016_19-700x525.jpg\" alt=\"muckturnier2016_19\" data-id=\"210134\" data-link=\"https:\/\/www.ffw-berg.de\/wordpress\/muckturnier2016_19\/\" class=\"wp-image-210134\" srcset=\"https:\/\/www.ffw-berg.de\/wordpress\/wp-content\/uploads\/2016\/03\/muckturnier2016_19-700x525.jpg 700w, https:\/\/www.ffw-berg.de\/wordpress\/wp-content\/uploads\/2016\/03\/muckturnier2016_19-120x90.jpg 120w, https:\/\/www.ffw-berg.de\/wordpress\/wp-content\/uploads\/2016\/03\/muckturnier2016_19-678x509.jpg 678w, https:\/\/www.ffw-berg.de\/wordpress\/wp-content\/uploads\/2016\/03\/muckturnier2016_19-326x245.jpg 326w, https:\/\/www.ffw-berg.de\/wordpress\/wp-content\/uploads\/2016\/03\/muckturnier2016_19-80x60.jpg 80w, https:\/\/www.ffw-berg.de\/wordpress\/wp-content\/uploads\/2016\/03\/muckturnier2016_19-300x225.jpg 300w, https:\/\/www.ffw-berg.de\/wordpress\/wp-content\/uploads\/2016\/03\/muckturnier2016_19-768x576.jpg 768w, https:\/\/www.ffw-berg.de\/wordpress\/wp-content\/uploads\/2016\/03\/muckturnier2016_19-530x398.jpg 530w, https:\/\/www.ffw-berg.de\/wordpress\/wp-content\/uploads\/2016\/03\/muckturnier2016_19.jpg 1200w\" sizes=\"auto, (max-width: 700px) 100vw, 700px\" \/><\/a><figcaption>Letzter Eintrag &#8211; Das Finale ist vorbei!<\/figcaption><\/figure><\/li><li class=\"blocks-gallery-item\"><figure><a href=\"https:\/\/www.ffw-berg.de\/wordpress\/wp-content\/uploads\/2016\/03\/muckturnier2016_26-700x485.jpg\"><img loading=\"lazy\" decoding=\"async\" width=\"700\" height=\"485\" src=\"https:\/\/www.ffw-berg.de\/wordpress\/wp-content\/uploads\/2016\/03\/muckturnier2016_26-700x485.jpg\" alt=\"muckturnier2016_26\" data-id=\"210132\" data-link=\"https:\/\/www.ffw-berg.de\/wordpress\/muckturnier2016_26\/\" class=\"wp-image-210132\" srcset=\"https:\/\/www.ffw-berg.de\/wordpress\/wp-content\/uploads\/2016\/03\/muckturnier2016_26-700x485.jpg 700w, https:\/\/www.ffw-berg.de\/wordpress\/wp-content\/uploads\/2016\/03\/muckturnier2016_26-120x83.jpg 120w, https:\/\/www.ffw-berg.de\/wordpress\/wp-content\/uploads\/2016\/03\/muckturnier2016_26-300x208.jpg 300w, https:\/\/www.ffw-berg.de\/wordpress\/wp-content\/uploads\/2016\/03\/muckturnier2016_26-768x532.jpg 768w, https:\/\/www.ffw-berg.de\/wordpress\/wp-content\/uploads\/2016\/03\/muckturnier2016_26-530x367.jpg 530w, https:\/\/www.ffw-berg.de\/wordpress\/wp-content\/uploads\/2016\/03\/muckturnier2016_26.jpg 1200w\" sizes=\"auto, (max-width: 700px) 100vw, 700px\" \/><\/a><figcaption>2. Platz: Thomas Haas und Michael Jahn<\/figcaption><\/figure><\/li><li class=\"blocks-gallery-item\"><figure><a href=\"https:\/\/www.ffw-berg.de\/wordpress\/wp-content\/uploads\/2016\/03\/muckturnier2016_28-700x485.jpg\"><img loading=\"lazy\" decoding=\"async\" width=\"700\" height=\"485\" src=\"https:\/\/www.ffw-berg.de\/wordpress\/wp-content\/uploads\/2016\/03\/muckturnier2016_28-700x485.jpg\" alt=\"muckturnier2016_28\" data-id=\"210133\" data-link=\"https:\/\/www.ffw-berg.de\/wordpress\/muckturnier2016_28\/\" class=\"wp-image-210133\" srcset=\"https:\/\/www.ffw-berg.de\/wordpress\/wp-content\/uploads\/2016\/03\/muckturnier2016_28-700x485.jpg 700w, https:\/\/www.ffw-berg.de\/wordpress\/wp-content\/uploads\/2016\/03\/muckturnier2016_28-120x83.jpg 120w, https:\/\/www.ffw-berg.de\/wordpress\/wp-content\/uploads\/2016\/03\/muckturnier2016_28-300x208.jpg 300w, https:\/\/www.ffw-berg.de\/wordpress\/wp-content\/uploads\/2016\/03\/muckturnier2016_28-768x532.jpg 768w, https:\/\/www.ffw-berg.de\/wordpress\/wp-content\/uploads\/2016\/03\/muckturnier2016_28-530x367.jpg 530w, https:\/\/www.ffw-berg.de\/wordpress\/wp-content\/uploads\/2016\/03\/muckturnier2016_28.jpg 1200w\" sizes=\"auto, (max-width: 700px) 100vw, 700px\" \/><\/a><figcaption>Die Vorjahressieger erk\u00e4mpfen Platz 3: Armin Gebhardt und Roland Rank<\/figcaption><\/figure><\/li><\/ul>\n\n\n\n<p>Wir danken allen Teilnehmern, Helfern und Sponsoren f\u00fcr ihren Einsatz!<br \/><\/p>\n\n\n\n<h3 class=\"wp-block-heading\">\u00dcbersicht \u00fcber die Endplatzierungen 2016<br \/><\/h3>\n\n\n\n<table class=\"wp-block-table is-style-stripes\"><tbody><tr><td><strong>Platz<\/strong><\/td><td><strong>Spieler 1<\/strong><\/td><td><strong>Spieler 2<\/strong><\/td><\/tr><tr><td><span style=\"font-size: 14px; font-family: arial, helvetica, sans-serif;\">&nbsp;<strong>1<\/strong><\/span><\/td><td><span style=\"font-family: arial, helvetica, sans-serif; font-size: 14px;\"><strong>&nbsp;Rita Leupold<\/strong><\/span><\/td><td><span style=\"font-family: arial, helvetica, sans-serif; font-size: 14px;\"><strong>J\u00fcrgen Gebhardt<br \/><\/strong><\/span><\/td><\/tr><tr><td><span style=\"font-size: 14px; font-family: arial, helvetica, sans-serif;\"><strong>&nbsp;2<\/strong><\/span><\/td><td><span style=\"font-family: arial, helvetica, sans-serif; font-size: 14px;\"><strong>&nbsp;Thomas Haas<\/strong><\/span><\/td><td><span style=\"font-family: arial, helvetica, sans-serif; font-size: 14px;\"><strong>Michael Jahn<br \/><\/strong><\/span><\/td><\/tr><tr><td><span style=\"font-size: 14px; font-family: arial, helvetica, sans-serif;\">&nbsp;<strong>3<\/strong><\/span><\/td><td><span style=\"font-family: arial, helvetica, sans-serif; font-size: 14px;\">&nbsp;<strong>Armin Gebhardt<\/strong><br \/><\/span><\/td><td><span style=\"font-family: arial, helvetica, sans-serif; font-size: 14px;\"><strong>Roland Rank<br \/><\/strong><\/span><\/td><\/tr><tr><td><span style=\"font-size: 14px; font-family: arial, helvetica, sans-serif;\">&nbsp;4<\/span><\/td><td><span style=\"font-family: arial, helvetica, sans-serif; font-size: 14px;\">Manfred Lang<br \/><\/span><\/td><td><span style=\"font-size: 14px; font-family: arial, helvetica, sans-serif;\">Thomas Schloth<br \/><\/span><\/td><\/tr><tr><td><span style=\"font-size: 14px; font-family: arial, helvetica, sans-serif;\">&nbsp;5<\/span><\/td><td><span style=\"font-family: arial, helvetica, sans-serif; font-size: 14px;\">Herbert Leupold<br \/><\/span><\/td><td><span style=\"font-size: 14px; font-family: arial, helvetica, sans-serif;\">Dieter Narr<br \/><\/span><\/td><\/tr><tr><td><span style=\"font-size: 14px; font-family: arial, helvetica, sans-serif;\">&nbsp;6<\/span><\/td><td><span style=\"font-family: arial, helvetica, sans-serif; font-size: 14px;\">Ulrich Haug<br \/><\/span><\/td><td><span style=\"font-size: 14px; font-family: arial, helvetica, sans-serif;\">J\u00fcrgen Strunz<br \/><\/span><\/td><\/tr><tr><td><span style=\"font-size: 14px; font-family: arial, helvetica, sans-serif;\">&nbsp;7<\/span><\/td><td><span style=\"font-family: arial, helvetica, sans-serif; font-size: 14px;\">Wolfgang Dick<br \/><\/span><\/td><td><span style=\"font-size: 14px; font-family: arial, helvetica, sans-serif;\">Georg Kolb<br \/><\/span><\/td><\/tr><tr><td><span style=\"font-size: 14px; font-family: arial, helvetica, sans-serif;\">&nbsp;8<\/span><\/td><td><span style=\"font-family: arial, helvetica, sans-serif; font-size: 14px;\">Eberhard Hofmann<br \/><\/span><\/td><td><span style=\"font-size: 14px; font-family: arial, helvetica, sans-serif;\">Roger Unglaub<br \/><\/span><\/td><\/tr><tr><td><span style=\"font-size: 14px; font-family: arial, helvetica, sans-serif;\">&nbsp;9<\/span><\/td><td><span style=\"font-family: arial, helvetica, sans-serif; font-size: 14px;\">Werner Babl<br \/><\/span><\/td><td><span style=\"font-size: 14px; font-family: arial, helvetica, sans-serif;\">Patrick Krause<br \/><\/span><\/td><\/tr><tr><td><span style=\"font-size: 14px; font-family: arial, helvetica, sans-serif;\">&nbsp;10<\/span><\/td><td><span style=\"font-family: arial, helvetica, sans-serif; font-size: 14px;\">Peter Gaffron<br \/><\/span><\/td><td><span style=\"font-size: 14px; font-family: arial, helvetica, sans-serif;\">Thomas Steinh\u00e4user<br \/><\/span><\/td><\/tr><tr><td><span style=\"font-size: 14px; font-family: arial, helvetica, sans-serif;\">&nbsp;11<\/span><\/td><td><span style=\"font-family: arial, helvetica, sans-serif; font-size: 14px;\">Felix Korn<br \/><\/span><\/td><td><span style=\"font-size: 14px; font-family: arial, helvetica, sans-serif;\">J\u00f6rg Schlembach<br \/><\/span><\/td><\/tr><tr><td><span style=\"font-size: 14px; font-family: arial, helvetica, sans-serif;\">&nbsp;12<\/span><\/td><td><span style=\"font-family: arial, helvetica, sans-serif; font-size: 14px;\">Manfred Peetz<br \/><\/span><\/td><td><span style=\"font-family: arial, helvetica, sans-serif; font-size: 14px;\">Andreas Rie\u00df<\/span><\/td><\/tr><\/tbody><\/table>\n\n\n\n<h4 class=\"wp-block-heading\" style=\"text-align:center\">Alle Fotos vom Turnier in unserem Album bei<br \/><\/h4>\n\n\n\n<figure class=\"wp-block-embed is-type-rich is-provider-google-photos\"><div class=\"wp-block-embed__wrapper\">\n<blockquote class=\"embedly-card\" data-card-controls=\"0\" data-card-align=\"center\" data-card-theme=\"light\"><h4><a href=\"https:\/\/goo.gl\/photos\/iFWYa1rHH5uM6dV66\">No Title<\/a><\/h4><p>No Description<\/p><\/blockquote><script async src=\"\/\/cdn.embedly.com\/widgets\/platform.js\" charset=\"UTF-8\"><\/script>\n<\/div><\/figure>\n","protected":false},"excerpt":{"rendered":"<div class=\"mh-excerpt\">Vorjahressieger scheiterten im Halbfinale &#8211; Erste Gewinnerin seit 1999 P\u00fcnktlich fanden sich um 18.00 Uhr wieder alle Teilnehmer ein und es erfolgte die Auslosung der Mannschaften. Die Vorrunde mit 5 <a class=\"mh-excerpt-more\" href=\"https:\/\/www.ffw-berg.de\/wordpress\/muckturnier-2016\/\" title=\"Muckturnier 2016\">[  Mehr &gt;&gt; ]<\/a><\/div>\n","protected":false},"author":2,"featured_media":210130,"comment_status":"closed","ping_status":"open","sticky":false,"template":"","format":"standard","meta":{"footnotes":""},"categories":[21],"tags":[],"class_list":{"0":"post-210104","1":"post","2":"type-post","3":"status-publish","4":"format-standard","5":"has-post-thumbnail","7":"category-mucken"},"_links":{"self":[{"href":"https:\/\/www.ffw-berg.de\/wordpress\/wp-json\/wp\/v2\/posts\/210104","targetHints":{"allow":["GET"]}}],"collection":[{"href":"https:\/\/www.ffw-berg.de\/wordpress\/wp-json\/wp\/v2\/posts"}],"about":[{"href":"https:\/\/www.ffw-berg.de\/wordpress\/wp-json\/wp\/v2\/types\/post"}],"author":[{"embeddable":true,"href":"https:\/\/www.ffw-berg.de\/wordpress\/wp-json\/wp\/v2\/users\/2"}],"replies":[{"embeddable":true,"href":"https:\/\/www.ffw-berg.de\/wordpress\/wp-json\/wp\/v2\/comments?post=210104"}],"version-history":[{"count":0,"href":"https:\/\/www.ffw-berg.de\/wordpress\/wp-json\/wp\/v2\/posts\/210104\/revisions"}],"wp:featuredmedia":[{"embeddable":true,"href":"https:\/\/www.ffw-berg.de\/wordpress\/wp-json\/wp\/v2\/media\/210130"}],"wp:attachment":[{"href":"https:\/\/www.ffw-berg.de\/wordpress\/wp-json\/wp\/v2\/media?parent=210104"}],"wp:term":[{"taxonomy":"category","embeddable":true,"href":"https:\/\/www.ffw-berg.de\/wordpress\/wp-json\/wp\/v2\/categories?post=210104"},{"taxonomy":"post_tag","embeddable":true,"href":"https:\/\/www.ffw-berg.de\/wordpress\/wp-json\/wp\/v2\/tags?post=210104"}],"curies":[{"name":"wp","href":"https:\/\/api.w.org\/{rel}","templated":true}]}}