{"id":210150,"date":"2016-03-18T10:00:19","date_gmt":"2016-03-18T09:00:19","guid":{"rendered":"http:\/\/www.ffw-berg.de\/wordpress\/?p=210150"},"modified":"2018-10-25T13:11:22","modified_gmt":"2018-10-25T11:11:22","slug":"jhv-2016-zwei-neue-bei-der-wehr","status":"publish","type":"post","link":"https:\/\/www.ffw-berg.de\/wordpress\/jhv-2016-zwei-neue-bei-der-wehr\/","title":{"rendered":"JHV 2016 &#8211; Zwei Neue bei der Wehr"},"content":{"rendered":"<p><span style=\"font-family: arial, helvetica, sans-serif; font-size: 10pt; color: #808080;\">Quelle: Amtliche Bekanntmachungen der Gemeinde Berg in &#8222;Wir im Frankenwald&#8220; vom 18.03.16<\/span><\/p>\n<h4 style=\"text-align: justify;\"><span style=\"font-family: arial, helvetica, sans-serif; color: #800000;\">Digitalfunk-Umr\u00fcstung abgeschlossen | 51 Eins\u00e4tze 2015 | Kuppel-Cup 2015 ausgerichtet<\/span><\/h4>\n<p style=\"text-align: justify;\"><span style=\"font-family: arial, helvetica, sans-serif; font-size: 12px;\">Neue Gesichter gibt es im Feuerwehrverein mit stellvertretendem Vorsitzenden Alexander Egelkraut und Felix Korn l\u00f6st Sandra Narr als Schriftf\u00fchrerin ab. Vorsitzender Gerhard Br\u00fchschwein blickte auf 2015 und nannte als besonderes Ereignis das gemeinsame Fest anl\u00e4sslich der 25-j\u00e4hrigen Feuerwehrpartnerschaft mit der Freiwilligen Feuerwehr aus dem th\u00fcringischen Hirschberg mit der \u00dcbergabe der beiden besonderen Erinnerungstafeln. Auch der Dank an das Helferteam, das Funktionspersonal bei Veranstaltungen sowie der Jugendfeuerwehr f\u00fcr ihren Einsatz in der Wehr fand im Bericht Beachtung.<\/span><\/p>\n<figure id=\"attachment_210153\" aria-describedby=\"caption-attachment-210153\" style=\"width: 530px\" class=\"wp-caption aligncenter\"><img loading=\"lazy\" decoding=\"async\" class=\"wp-image-210153 size-large\" src=\"http:\/\/www.ffw-berg.de\/wordpress\/wp-content\/uploads\/2016\/03\/ffberg_jhv_2016-530x398.jpg\" alt=\"ffberg_jhv_2016\" width=\"530\" height=\"398\" srcset=\"https:\/\/www.ffw-berg.de\/wordpress\/wp-content\/uploads\/2016\/03\/ffberg_jhv_2016-530x398.jpg 530w, https:\/\/www.ffw-berg.de\/wordpress\/wp-content\/uploads\/2016\/03\/ffberg_jhv_2016-120x90.jpg 120w, https:\/\/www.ffw-berg.de\/wordpress\/wp-content\/uploads\/2016\/03\/ffberg_jhv_2016-700x525.jpg 700w, https:\/\/www.ffw-berg.de\/wordpress\/wp-content\/uploads\/2016\/03\/ffberg_jhv_2016-678x509.jpg 678w, https:\/\/www.ffw-berg.de\/wordpress\/wp-content\/uploads\/2016\/03\/ffberg_jhv_2016-326x245.jpg 326w, https:\/\/www.ffw-berg.de\/wordpress\/wp-content\/uploads\/2016\/03\/ffberg_jhv_2016-80x60.jpg 80w, https:\/\/www.ffw-berg.de\/wordpress\/wp-content\/uploads\/2016\/03\/ffberg_jhv_2016-300x225.jpg 300w, https:\/\/www.ffw-berg.de\/wordpress\/wp-content\/uploads\/2016\/03\/ffberg_jhv_2016-768x576.jpg 768w, https:\/\/www.ffw-berg.de\/wordpress\/wp-content\/uploads\/2016\/03\/ffberg_jhv_2016.jpg 1200w\" sizes=\"auto, (max-width: 530px) 100vw, 530px\" \/><figcaption id=\"caption-attachment-210153\" class=\"wp-caption-text\"><span style=\"font-family: arial, helvetica, sans-serif;\">Jahreshauptversammlung der FF Berg 2016<\/span><br \/><span style=\"font-family: arial, helvetica, sans-serif;\"> im Gasthaus &#8222;Zur Traube&#8220; in Berg<\/span><\/figcaption><\/figure>\n<p><!--more--><\/p>\n<h4 style=\"text-align: justify;\"><span style=\"font-family: arial, helvetica, sans-serif;\">Bericht des Kommandanten<\/span><\/h4>\n<p style=\"text-align: justify;\"><span style=\"font-family: arial, helvetica, sans-serif; font-size: 12px;\">Kommandant Gunther Schaller zog ein positives Res\u00fcmee f\u00fcr 2015. Er listete die Teilnahme an der Fr\u00fchjahrs- und Herbstkommandantenversammlung auf, erinnerte an die Ausrichtung des Kuppel-Cups 2015 als Highlight zum Beginn des Hallenfestwochenendes. Aber auch beim 150. Jubil\u00e4umswiesenfest der Gemeinde Berg habe die Wehr mitgeholfen und den Historischen Festumzug begleitet. Schaller listete die rund 600 Arbeitsstunden f\u00fcr die Ersatzbeschaffung eines neuen Hil- fel\u00f6schfahrzeuges auf. Die Einsatzstatistik gliedert sich wie folgt: 17 Br\u00e4nde, drei Sicher- heitswachen, sieben Fehlalarme und 24 Technische Hilfeleistungen, unterm Strich 51 Eins\u00e4tze, die 209 Einsatzstunden ergaben. Mit den Einsatzfahrzeugen sind insgesamt 7.434 Kilometer zur\u00fcckgelegt worden. <\/span><\/p>\n<p style=\"text-align: justify;\"><span style=\"font-family: arial, helvetica, sans-serif; font-size: 12px;\">Ein besonderes Augenmerk legte Kommandant Schaller auf die Ausbildungsaktivit\u00e4ten der Wehr sowie die Teilnahme am Bundesleistungsabzeichen in Amberg bei dem man das Abzeichen in Bronze erwarb.<\/span><\/p>\n<p style=\"text-align: justify;\">[one_half]<\/p>\n<figure id=\"attachment_209614\" aria-describedby=\"caption-attachment-209614\" style=\"width: 300px\" class=\"wp-caption alignleft\"><a href=\"http:\/\/www.ffw-berg.de\/wordpress\/jhv-2016-gruppenbild-mit-neugewaehlten-ehrungen-und-befoerderungen\/\" rel=\"attachment wp-att-209614\"><img loading=\"lazy\" decoding=\"async\" class=\"wp-image-209614 size-medium\" title=\"Zur Bildbeschreibung \/ Beitrag\" src=\"http:\/\/www.ffw-berg.de\/wordpress\/wp-content\/uploads\/2016\/02\/ffberg_jhv_2016_2-300x180.jpg\" alt=\"ffberg_jhv_2016_2.jpg\" width=\"300\" height=\"180\" srcset=\"https:\/\/www.ffw-berg.de\/wordpress\/wp-content\/uploads\/2016\/02\/ffberg_jhv_2016_2-300x180.jpg 300w, https:\/\/www.ffw-berg.de\/wordpress\/wp-content\/uploads\/2016\/02\/ffberg_jhv_2016_2-120x72.jpg 120w, https:\/\/www.ffw-berg.de\/wordpress\/wp-content\/uploads\/2016\/02\/ffberg_jhv_2016_2-700x419.jpg 700w, https:\/\/www.ffw-berg.de\/wordpress\/wp-content\/uploads\/2016\/02\/ffberg_jhv_2016_2-768x460.jpg 768w, https:\/\/www.ffw-berg.de\/wordpress\/wp-content\/uploads\/2016\/02\/ffberg_jhv_2016_2-530x318.jpg 530w, https:\/\/www.ffw-berg.de\/wordpress\/wp-content\/uploads\/2016\/02\/ffberg_jhv_2016_2.jpg 1200w\" sizes=\"auto, (max-width: 300px) 100vw, 300px\" \/><\/a><figcaption id=\"caption-attachment-209614\" class=\"wp-caption-text\">Gruppenbild Neugew\u00e4hlte \u00c4mter, Neuzug\u00e4nge, Ehrungen, Bef\u00f6rderungen<\/figcaption><\/figure>\n<p style=\"text-align: justify;\">[\/one_half]<\/p>\n<p style=\"text-align: justify;\">[one_half_last]<\/p>\n<figure id=\"attachment_209615\" aria-describedby=\"caption-attachment-209615\" style=\"width: 300px\" class=\"wp-caption alignleft\"><a href=\"http:\/\/www.ffw-berg.de\/wordpress\/jhv-2016-gruppenbild-neuwahlen-ehrung\/\" rel=\"attachment wp-att-209615\"><img loading=\"lazy\" decoding=\"async\" class=\"wp-image-209615 size-medium\" title=\"Zur Bildbeschreibung \/ Beitrag\" src=\"http:\/\/www.ffw-berg.de\/wordpress\/wp-content\/uploads\/2016\/02\/ffberg_jhv_2016_3-300x195.jpg\" alt=\"ffberg_jhv_2016_3\" width=\"300\" height=\"195\" srcset=\"https:\/\/www.ffw-berg.de\/wordpress\/wp-content\/uploads\/2016\/02\/ffberg_jhv_2016_3-300x195.jpg 300w, https:\/\/www.ffw-berg.de\/wordpress\/wp-content\/uploads\/2016\/02\/ffberg_jhv_2016_3-120x78.jpg 120w, https:\/\/www.ffw-berg.de\/wordpress\/wp-content\/uploads\/2016\/02\/ffberg_jhv_2016_3-700x456.jpg 700w, https:\/\/www.ffw-berg.de\/wordpress\/wp-content\/uploads\/2016\/02\/ffberg_jhv_2016_3-768x500.jpg 768w, https:\/\/www.ffw-berg.de\/wordpress\/wp-content\/uploads\/2016\/02\/ffberg_jhv_2016_3-530x345.jpg 530w, https:\/\/www.ffw-berg.de\/wordpress\/wp-content\/uploads\/2016\/02\/ffberg_jhv_2016_3.jpg 1200w\" sizes=\"auto, (max-width: 300px) 100vw, 300px\" \/><\/a><figcaption id=\"caption-attachment-209615\" class=\"wp-caption-text\">Gruppenbild Ehrungen \/ Neuwahlen<\/figcaption><\/figure>\n<p style=\"text-align: justify;\">[\/one_half_last]<\/p>\n<p style=\"text-align: justify;\"><span style=\"font-family: arial, helvetica, sans-serif; font-size: 10pt;\"><span style=\"font-size: 12px;\">\u201eWichtigste technische Herausforderung im Vorjahr war die Umr\u00fcstung aller Fahrzeuge mit neuen Digitalfunkger\u00e4ten\u201c, bilanzierte Schaller, der den Stellvertretenden Kommandant Marco Kolbinger als federf\u00fchrend benannte. \u201eEr schrieb das Pflichtenheft und koordinierte den Einbau aller Ger\u00e4te der Wehren im Berger Winkel mit der Firma Schulz, die hervorragende Arbeit leistete.\u201c Als wichtigste Termine f\u00fcr 2016 nannte Gunther Schaller die Inspektion im Juni, dem Kuppel-Cup in Gotts- mannsgr\u00fcn sowie die Austragung des Franken-Cups.<\/span> <\/span><\/p>\n<h4 style=\"text-align: justify;\"><span style=\"font-family: arial, helvetica, sans-serif;\">Ereignisreiches Jahr f\u00fcr die Jugendgruppe<\/span><\/h4>\n<p style=\"text-align: justify;\"><span style=\"font-size: 12px;\"><span style=\"font-family: arial, helvetica, sans-serif;\">Jugendwart Holger Wurzbacher sprach von einem ereignisreiches Jahr mit 66 Treffen der Gruppe, die 609 Ar<\/span><span style=\"font-family: arial, helvetica, sans-serif;\">beits- und Ausbildungsstunden absolvierten, aufgeteilt in 40 praktischen \u00dcbungen und vier Arbeitseins\u00e4tzen. Die Gruppe 1 belegte beim Kuppel-Cup 2015 den sechsten Platz und die zweite Gruppe den zehnten Platz. Als besondere Freude nannte der Ju- gendwart die Spende der Firma Liros in H\u00f6he von 1.500 Euro, die f\u00fcr den neuen Jugendraum genutzt werden sollen. Die Jugendgruppe erhielt mit Cosima Rubner und Anna Haas Verst\u00e4rkung, so dass die Gruppe aktuell neun\u00a0Jugendliche z\u00e4hlt. <\/span><\/span><\/p>\n<p style=\"text-align: justify;\"><span style=\"font-family: arial, helvetica, sans-serif; font-size: 12px;\">Ger\u00e4tewart Marco Kolbinger sprach von ei- nem umfangreichen, aber reibungslosen Einbau der neuen Digitalfunkausr\u00fcstung in die Fahrzeuge und die Notwendigkeit zur Beschaffung eines neuen Rettungssatz f\u00fcr das L\u00f6schfahrzeug. <\/span><\/p>\n<p style=\"text-align: justify;\"><span style=\"font-family: arial, helvetica, sans-serif; font-size: 10pt;\"><span style=\"font-size: 12px;\">Kassier Roger Unglaub gab einen positiven Kassenstand bekannt, mit der Auflistung zahlreicher Spenden, den die Kassenpr\u00fcfer J\u00fcrgen M\u00fcller und Marco Kolbinger best\u00e4tigten. Der Mitgliederstand der Berger Wehr gliedert sich in 34 Aktive, neun Feuerwehranw\u00e4rter, 44 Passive und drei Ehrenmitglieder.<\/span> <\/span><\/p>\n<h4 style=\"text-align: justify;\"><span style=\"font-family: arial, helvetica, sans-serif;\">KBI Hornfischer betont Wichtigkeit der Ortswehren<\/span><\/h4>\n<p style=\"text-align: justify;\"><span style=\"font-family: arial, helvetica, sans-serif; font-size: 10pt;\"><span style=\"font-size: 12px;\">Kreisbrandinspektor (KBI) Rolf Hornfischer hob die Leistungen aller Wehren beim Katastrophenalarm Rauschenhammerm\u00fchle hervor und dankte allen Beteiligten f\u00fcr ihren Einsatz. Im Hinblick auf die Zukunft der Freiwilligen Feuerwehren unterstrich er die Aufrechterhaltung der ehrenamtlichen Feuerwehren. Er forderte die Aktiven auf, beim Digitalfunk den Probebetrieb und die Ausbildung zu nutzen, um einem reibungslosen Umstieg zu gew\u00e4hrleisten.<\/span> <\/span><\/p>\n<h4 style=\"text-align: justify;\"><span style=\"font-family: arial, helvetica, sans-serif;\">Ersatzbeschaffung HLF genehmigt<\/span><\/h4>\n<p style=\"text-align: justify;\"><span style=\"font-family: arial, helvetica, sans-serif; font-size: 10pt;\"><span style=\"font-size: 12px;\">B\u00fcrgermeister Peter R\u00f6del dankte KBI Hornfischer f\u00fcr die Unterst\u00fctzung bei der Ersatzbeschaffung. \u201eDas neue Hilfeleis- tungsl\u00f6schfahrzeug ist genehmigt.\u201c Er lobte die Jugendwarte f\u00fcr ihre \u00e4u\u00dferst wichtige Arbeit, da der Nachwuchs f\u00fcr die Zukunft und den Fortbestand der Feuerwehr notwendig ist. Dementsprechend unterst\u00fctzt auch die Gemeinde die Jugendgruppe au- \u00dferordentlich mit der Anschaffung neuer Parkas. F\u00fcr die weiblichen Mitglieder stellte er die M\u00f6glichkeit f\u00fcr eine neue Kopf- bedeckung, M\u00fctze oder Schiffchen, zur Wahl. \u201eDie Planung f\u00fcr den neuen Jugendraum im Ger\u00e4tehaus ist fertig, allerdings wird seitens des Landratsamtes auf eine separate Fluchttreppe bestanden\u201c, informierte das Gemeindeoberhaupt.<\/span><br \/>\n<\/span><\/p>\n<p style=\"text-align: justify;\"><br class=\"none\" \/><span style=\"font-family: arial, helvetica, sans-serif; font-size: 12px;\">(Grundlage f\u00fcr den Bericht: Ausformuliertes Sitzungsprotokoll der FF Berg)<\/span><\/p>\n","protected":false},"excerpt":{"rendered":"<div class=\"mh-excerpt\"><strong><span style=\"font-family: arial, helvetica, sans-serif; font-size: 12px;\">Digitalfunk-Umr\u00fcstung abgeschlossen | 51 Eins\u00e4tze 2015 | Kuppel-Cup 2015 ausgerichtet<\/span><\/strong><\/p>\n<p><span style=\"font-family: arial, helvetica, sans-serif; font-size: 12px;\">Neue Gesichter gibt es im Feuerwehrverein mit stellvertretendem Vorsitzenden Alexander Egelkraut und Felix Korn l\u00f6st Sandra Narr als Schriftf\u00fchrerin ab. Vorsitzender Gerhard Br\u00fchschwein blickte auf 2015 und nannte als besonderes Ereignis das gemeinsame Fest anl\u00e4sslich der 25-j\u00e4hrigen Feuerwehrpartnerschaft mit der Freiwilligen Feuerwehr aus dem th\u00fcringischen Hirschberg mit der \u00dcbergabe der beiden besonderen Erinnerungstafeln.<\/span><\/div>\n<p> <a class=\"mh-excerpt-more\" href=\"https:\/\/www.ffw-berg.de\/wordpress\/jhv-2016-zwei-neue-bei-der-wehr\/\" title=\"JHV 2016 &#8211; Zwei Neue bei der Wehr\">[  Mehr &gt;&gt; ]<\/a><\/p>\n","protected":false},"author":2,"featured_media":210153,"comment_status":"closed","ping_status":"open","sticky":false,"template":"","format":"standard","meta":{"footnotes":""},"categories":[271,47],"tags":[],"class_list":{"0":"post-210150","1":"post","2":"type-post","3":"status-publish","4":"format-standard","5":"has-post-thumbnail","7":"category-jahreshauptversammlung","8":"category-ehrungen"},"_links":{"self":[{"href":"https:\/\/www.ffw-berg.de\/wordpress\/wp-json\/wp\/v2\/posts\/210150","targetHints":{"allow":["GET"]}}],"collection":[{"href":"https:\/\/www.ffw-berg.de\/wordpress\/wp-json\/wp\/v2\/posts"}],"about":[{"href":"https:\/\/www.ffw-berg.de\/wordpress\/wp-json\/wp\/v2\/types\/post"}],"author":[{"embeddable":true,"href":"https:\/\/www.ffw-berg.de\/wordpress\/wp-json\/wp\/v2\/users\/2"}],"replies":[{"embeddable":true,"href":"https:\/\/www.ffw-berg.de\/wordpress\/wp-json\/wp\/v2\/comments?post=210150"}],"version-history":[{"count":0,"href":"https:\/\/www.ffw-berg.de\/wordpress\/wp-json\/wp\/v2\/posts\/210150\/revisions"}],"wp:featuredmedia":[{"embeddable":true,"href":"https:\/\/www.ffw-berg.de\/wordpress\/wp-json\/wp\/v2\/media\/210153"}],"wp:attachment":[{"href":"https:\/\/www.ffw-berg.de\/wordpress\/wp-json\/wp\/v2\/media?parent=210150"}],"wp:term":[{"taxonomy":"category","embeddable":true,"href":"https:\/\/www.ffw-berg.de\/wordpress\/wp-json\/wp\/v2\/categories?post=210150"},{"taxonomy":"post_tag","embeddable":true,"href":"https:\/\/www.ffw-berg.de\/wordpress\/wp-json\/wp\/v2\/tags?post=210150"}],"curies":[{"name":"wp","href":"https:\/\/api.w.org\/{rel}","templated":true}]}}