{"id":210206,"date":"2016-05-05T08:00:03","date_gmt":"2016-05-05T06:00:03","guid":{"rendered":"http:\/\/www.ffw-berg.de\/wordpress\/?page_id=210206"},"modified":"2018-12-29T16:09:03","modified_gmt":"2018-12-29T15:09:03","slug":"unser-himmelfahrtsmarsch-2016","status":"publish","type":"post","link":"https:\/\/www.ffw-berg.de\/wordpress\/unser-himmelfahrtsmarsch-2016\/","title":{"rendered":"Unser Himmelfahrtsmarsch 2016"},"content":{"rendered":"\n<h3 class=\"wp-block-heading\">Bei Kaiserwetter vom 3-Freistaaten-Eck \u00fcber M\u00f6dlareuth, T\u00f6pen und Joditz nach Steinb\u00fchl <span style=\"font-family: arial, helvetica, sans-serif; color: #800000;\"><\/span><\/h3>\n\n\n\n<div class=\"wp-block-image\"><figure class=\"alignright\"><a href=\"http:\/\/www.ffw-berg.de\/wordpress\/wp-content\/uploads\/2016\/05\/FF-Berg-Himmelfahrt-2016-010-e1462786162714.jpg\"><img loading=\"lazy\" decoding=\"async\" width=\"300\" height=\"169\" src=\"http:\/\/www.ffw-berg.de\/wordpress\/wp-content\/uploads\/2016\/05\/FF-Berg-Himmelfahrt-2016-010-e1462786162714-300x169.jpg\" alt=\"FF Berg Himmelfahrt 2016-010\" class=\"wp-image-210197\" srcset=\"https:\/\/www.ffw-berg.de\/wordpress\/wp-content\/uploads\/2016\/05\/FF-Berg-Himmelfahrt-2016-010-e1462786162714-300x169.jpg 300w, https:\/\/www.ffw-berg.de\/wordpress\/wp-content\/uploads\/2016\/05\/FF-Berg-Himmelfahrt-2016-010-e1462786162714-120x68.jpg 120w, https:\/\/www.ffw-berg.de\/wordpress\/wp-content\/uploads\/2016\/05\/FF-Berg-Himmelfahrt-2016-010-e1462786162714-768x432.jpg 768w, https:\/\/www.ffw-berg.de\/wordpress\/wp-content\/uploads\/2016\/05\/FF-Berg-Himmelfahrt-2016-010-e1462786162714-700x394.jpg 700w, https:\/\/www.ffw-berg.de\/wordpress\/wp-content\/uploads\/2016\/05\/FF-Berg-Himmelfahrt-2016-010-e1462786162714-678x381.jpg 678w, https:\/\/www.ffw-berg.de\/wordpress\/wp-content\/uploads\/2016\/05\/FF-Berg-Himmelfahrt-2016-010-e1462786162714.jpg 1600w\" sizes=\"auto, (max-width: 300px) 100vw, 300px\" \/><\/a><figcaption><a href=\"http:\/\/www.ffw-berg.de\/wordpress\/wp-content\/uploads\/2016\/05\/FF-Berg-Himmelfahrt-2016-010-e1462786162714.jpg\"><\/a> <span style=\"font-family: arial, helvetica, sans-serif;\">Unsere Marschgruppe am 3-Freistaaten-Stein <\/span><br \/><span style=\"font-family: arial, helvetica, sans-serif;\">bei M\u00fcnchenreuth.\u00a0<\/span><br \/><span style=\"font-family: arial, helvetica, sans-serif;\">Zur Vergr\u00f6\u00dferung anklicken!<\/span><\/figcaption><\/figure><\/div>\n\n\n\n<p>Nach unserem Treffen am Ger\u00e4tehaus hie\u00df es Aufsitzen zur Fahrt zum Startpunkt unserer diesj\u00e4hrigen Himmelfahrtswanderung. <span style=\"font-family: arial, helvetica, sans-serif; font-size: 14px;\"><\/span><\/p>\n\n\n\n<p>Mit unserem MTW und dem LF 8\/6 fuhren wir nach\u00a0\u00a0M\u00fcnchenreuth, s\u00fcdlich des Drei-Freistaaten-Ecks liegt. Bei einer WKA oberhalb des Freistaatendreiecks hie\u00df es Absitzen. Nach kurzem Fu\u00dfweg erreichten wir unseren Ausgangspunkt, den Drei-Freistaaten-Stein, der das Zusammentreffen der Landesgrenzen von Bayern, Th\u00fcringen und Sachsen markiert.<\/p>\n\n\n\n<p>Nach einem Gruppenfoto (s. Bild) starteten wir unsere Wanderung nach \u00fcber M\u00f6dlareuth, dem einst geteilten Dorf an der ehemaligen Grenze zur DDR. Kurz nach dem Freilichtmuseum auf einem lauschigen Waldweg war erst einmal die obligatorische Brotzeitpause angesagt. Wir bedanken uns hierbei ganz herzlich bei Mike Hensger, der die Verpflegung spendierte. Danach liefen wir weiter nach T\u00f6pen. Durch den Ort ging es weiter zum Badeteich s\u00fcdwestlich von T\u00f6pen f\u00fcr einen gem\u00fctlichen Getr\u00e4nkestopp. Nach einem kurzen Anstieg wanderten wir weiter nach durch Isaar hinter zu einer Zwischenrast oberhalb der Fattigsm\u00fchle\u00a0 <span style=\"font-family: arial, helvetica, sans-serif; font-size: 14px;\"><\/span><\/p>\n\n\n\n<div class=\"wp-block-image\"><figure class=\"aligncenter\"><a href=\"http:\/\/www.ffw-berg.de\/wordpress\/wp-content\/uploads\/2016\/05\/FF-Berg-Himmelfahrt-2016-069-e1462786262753.jpg\"><img loading=\"lazy\" decoding=\"async\" width=\"1600\" height=\"900\" src=\"http:\/\/www.ffw-berg.de\/wordpress\/wp-content\/uploads\/2016\/05\/FF-Berg-Himmelfahrt-2016-069-e1462786262753.jpg\" alt=\"FF Berg Himmelfahrt 2016-069\" class=\"wp-image-210198\" srcset=\"https:\/\/www.ffw-berg.de\/wordpress\/wp-content\/uploads\/2016\/05\/FF-Berg-Himmelfahrt-2016-069-e1462786262753.jpg 1600w, https:\/\/www.ffw-berg.de\/wordpress\/wp-content\/uploads\/2016\/05\/FF-Berg-Himmelfahrt-2016-069-e1462786262753-120x68.jpg 120w, https:\/\/www.ffw-berg.de\/wordpress\/wp-content\/uploads\/2016\/05\/FF-Berg-Himmelfahrt-2016-069-e1462786262753-300x169.jpg 300w, https:\/\/www.ffw-berg.de\/wordpress\/wp-content\/uploads\/2016\/05\/FF-Berg-Himmelfahrt-2016-069-e1462786262753-768x432.jpg 768w, https:\/\/www.ffw-berg.de\/wordpress\/wp-content\/uploads\/2016\/05\/FF-Berg-Himmelfahrt-2016-069-e1462786262753-700x394.jpg 700w, https:\/\/www.ffw-berg.de\/wordpress\/wp-content\/uploads\/2016\/05\/FF-Berg-Himmelfahrt-2016-069-e1462786262753-678x381.jpg 678w\" sizes=\"auto, (max-width: 1600px) 100vw, 1600px\" \/><\/a><figcaption> <span style=\"font-family: arial, helvetica, sans-serif; font-size: 12px;\">Auf dem Weg von Isaac zur Zwischenrast oberhalb der Fattigsm\u00fchl<\/span><\/figcaption><\/figure><\/div>\n\n\n\n<p>Nun f\u00fchrte uns unsere Strecke an der Saale entlang nach Joditz, wo wir\u00a0im Gasthaus Kraus zum Mittagessen einkehrten. Nach ausgiebiger St\u00e4rkung folgte die letzte Etappe hinauf nach Steinb\u00fchl zum dortigen H\u00fcttenfest, wo auch unsere Damengruppe nach deren Wanderung zu uns stie\u00df und wir zusammen unseren Wandertag\u00a0beendeten. <span style=\"font-family: arial, helvetica, sans-serif; font-size: 14px;\"><\/span><\/p>\n\n\n\n<p style=\"text-align:center\">Wir danken allen Helfern und unserem Versorgungsfahrzeug f\u00fcr den reibungslosen Ablauf. <span style=\"font-family: arial, helvetica, sans-serif; font-size: 14px;\"><\/span><\/p>\n\n\n\n<hr class=\"wp-block-separator is-style-wide\"\/>\n\n\n\n<h4 class=\"wp-block-heading\" style=\"text-align:center\">Alle Bilder von der Wanderung in unserem Album bei <span style=\"font-family: arial, helvetica, sans-serif; color: #800000;\"><\/span><\/h4>\n\n\n\n<figure class=\"wp-block-embed is-type-rich is-provider-google-photos\"><div class=\"wp-block-embed__wrapper\">\n<blockquote class=\"embedly-card\" data-card-controls=\"0\" data-card-align=\"center\" data-card-theme=\"light\"><h4><a href=\"https:\/\/goo.gl\/photos\/EAoJyNyYX6G4EzYU7\">No Title<\/a><\/h4><p>No Description<\/p><\/blockquote><script async src=\"\/\/cdn.embedly.com\/widgets\/platform.js\" charset=\"UTF-8\"><\/script>\n<\/div><\/figure>\n","protected":false},"excerpt":{"rendered":"<div class=\"mh-excerpt\">Nach unserem Treffen am Ger\u00e4tehaus hie\u00df es Aufsitzen zur Fahrt zum Startpunkt bei M\u00fcnchenreuth unserer diesj\u00e4hrigen Himmelfahrtswanderung. Bei Kaiserwetter wanderten wir vom 3-Freistaaten-Eck \u00fcber M\u00f6dlareuth, T\u00f6pen und Joditz nach Steinb\u00fchl.<\/div>\n<p> <a class=\"mh-excerpt-more\" href=\"https:\/\/www.ffw-berg.de\/wordpress\/unser-himmelfahrtsmarsch-2016\/\" title=\"Unser Himmelfahrtsmarsch 2016\">[  Mehr &gt;&gt; ]<\/a><\/p>\n","protected":false},"author":2,"featured_media":210213,"comment_status":"closed","ping_status":"open","sticky":false,"template":"","format":"standard","meta":{"footnotes":""},"categories":[18],"tags":[],"class_list":{"0":"post-210206","1":"post","2":"type-post","3":"status-publish","4":"format-standard","5":"has-post-thumbnail","7":"category-himmelfahrt"},"_links":{"self":[{"href":"https:\/\/www.ffw-berg.de\/wordpress\/wp-json\/wp\/v2\/posts\/210206","targetHints":{"allow":["GET"]}}],"collection":[{"href":"https:\/\/www.ffw-berg.de\/wordpress\/wp-json\/wp\/v2\/posts"}],"about":[{"href":"https:\/\/www.ffw-berg.de\/wordpress\/wp-json\/wp\/v2\/types\/post"}],"author":[{"embeddable":true,"href":"https:\/\/www.ffw-berg.de\/wordpress\/wp-json\/wp\/v2\/users\/2"}],"replies":[{"embeddable":true,"href":"https:\/\/www.ffw-berg.de\/wordpress\/wp-json\/wp\/v2\/comments?post=210206"}],"version-history":[{"count":0,"href":"https:\/\/www.ffw-berg.de\/wordpress\/wp-json\/wp\/v2\/posts\/210206\/revisions"}],"wp:featuredmedia":[{"embeddable":true,"href":"https:\/\/www.ffw-berg.de\/wordpress\/wp-json\/wp\/v2\/media\/210213"}],"wp:attachment":[{"href":"https:\/\/www.ffw-berg.de\/wordpress\/wp-json\/wp\/v2\/media?parent=210206"}],"wp:term":[{"taxonomy":"category","embeddable":true,"href":"https:\/\/www.ffw-berg.de\/wordpress\/wp-json\/wp\/v2\/categories?post=210206"},{"taxonomy":"post_tag","embeddable":true,"href":"https:\/\/www.ffw-berg.de\/wordpress\/wp-json\/wp\/v2\/tags?post=210206"}],"curies":[{"name":"wp","href":"https:\/\/api.w.org\/{rel}","templated":true}]}}