{"id":210270,"date":"2016-05-21T16:30:12","date_gmt":"2016-05-21T14:30:12","guid":{"rendered":"http:\/\/www.ffw-berg.de\/wordpress\/?page_id=210270"},"modified":"2019-06-21T17:13:26","modified_gmt":"2019-06-21T15:13:26","slug":"schauuebung-2016","status":"publish","type":"post","link":"https:\/\/www.ffw-berg.de\/wordpress\/schauuebung-2016\/","title":{"rendered":"Schau\u00fcbung 2016"},"content":{"rendered":"\n<h2 class=\"wp-block-heading\">Lage: Brand in Maschinenhalle &#8211; Mehrere Personen vermisst.<\/h2>\n\n\n\n<div class=\"wp-block-image\"><figure class=\"alignright is-resized\"><a href=\"https:\/\/www.ffw-berg.de\/wordpress\/wp-content\/uploads\/2016\/05\/schauuebung_2016-122-e1464677975665.jpg\"><img loading=\"lazy\" decoding=\"async\" src=\"https:\/\/www.ffw-berg.de\/wordpress\/wp-content\/uploads\/2016\/05\/schauuebung_2016-122-e1464677975665.jpg\" alt=\"schauuebung_2016-122\" class=\"wp-image-210309\" width=\"225\" height=\"317\" srcset=\"https:\/\/www.ffw-berg.de\/wordpress\/wp-content\/uploads\/2016\/05\/schauuebung_2016-122-e1464677975665.jpg 900w, https:\/\/www.ffw-berg.de\/wordpress\/wp-content\/uploads\/2016\/05\/schauuebung_2016-122-e1464677975665-85x120.jpg 85w, https:\/\/www.ffw-berg.de\/wordpress\/wp-content\/uploads\/2016\/05\/schauuebung_2016-122-e1464677975665-177x250.jpg 177w, https:\/\/www.ffw-berg.de\/wordpress\/wp-content\/uploads\/2016\/05\/schauuebung_2016-122-e1464677975665-373x525.jpg 373w, https:\/\/www.ffw-berg.de\/wordpress\/wp-content\/uploads\/2016\/05\/schauuebung_2016-122-e1464677975665-768x1082.jpg 768w, https:\/\/www.ffw-berg.de\/wordpress\/wp-content\/uploads\/2016\/05\/schauuebung_2016-122-e1464677975665-213x300.jpg 213w, https:\/\/www.ffw-berg.de\/wordpress\/wp-content\/uploads\/2016\/05\/schauuebung_2016-122-e1464677975665-355x500.jpg 355w\" sizes=\"auto, (max-width: 225px) 100vw, 225px\" \/><\/a><\/figure><\/div>\n\n\n\n<p>Mit diesem Alarmstichwort wurden die Wehren des Berger Winkels und die BRK-Bereitschaft Berg nach Berg zur gro\u00dfangelegten \u00dcbung anl\u00e4sslich des Hallenfestes der Freiwilligen Feuerwehr Berg alamiert. <\/p>\n\n\n\n<p>Angenommen war ein Brand in einer Maschinenhalle im Friedensweg beim Anwesen Ernst in Berg.  <span style=\"font-family: arial, helvetica, sans-serif; font-size: 14px;\"><\/span><\/p>\n\n\n\n<p>Da sich noch 5 Personen im Geb\u00e4ude befinden sollen wurde nach Eintreffen der Feuerwehr Berg sofort mit unserem 42\/1 die Menschenrettung eingeleitet. Unser 20\/1 f\u00fchrte parallel dazu die Brandbek\u00e4mpfung bzw. Abschirmung der Nachbargeb\u00e4ude durch.<span style=\"font-family: arial, helvetica, sans-serif; font-size: 8pt;\"><\/span><\/p>\n\n\n\n<div style=\"height:100px\" aria-hidden=\"true\" class=\"wp-block-spacer\"><\/div>\n\n\n\n<ul class=\"wp-block-gallery columns-3 is-cropped wp-block-gallery-1 is-layout-flex wp-block-gallery-is-layout-flex\"><li class=\"blocks-gallery-item\"><figure><a href=\"https:\/\/www.ffw-berg.de\/wordpress\/wp-content\/uploads\/2016\/05\/schauuebung_2016-32.jpg\"><img loading=\"lazy\" decoding=\"async\" width=\"1600\" height=\"1067\" src=\"https:\/\/www.ffw-berg.de\/wordpress\/wp-content\/uploads\/2016\/05\/schauuebung_2016-32.jpg\" alt=\"schauuebung_2016-32\" data-id=\"210303\" class=\"wp-image-210303\" srcset=\"https:\/\/www.ffw-berg.de\/wordpress\/wp-content\/uploads\/2016\/05\/schauuebung_2016-32.jpg 1600w, https:\/\/www.ffw-berg.de\/wordpress\/wp-content\/uploads\/2016\/05\/schauuebung_2016-32-120x80.jpg 120w, https:\/\/www.ffw-berg.de\/wordpress\/wp-content\/uploads\/2016\/05\/schauuebung_2016-32-700x467.jpg 700w, https:\/\/www.ffw-berg.de\/wordpress\/wp-content\/uploads\/2016\/05\/schauuebung_2016-32-300x200.jpg 300w, https:\/\/www.ffw-berg.de\/wordpress\/wp-content\/uploads\/2016\/05\/schauuebung_2016-32-768x512.jpg 768w, https:\/\/www.ffw-berg.de\/wordpress\/wp-content\/uploads\/2016\/05\/schauuebung_2016-32-530x353.jpg 530w\" sizes=\"auto, (max-width: 1600px) 100vw, 1600px\" \/><\/a><\/figure><\/li><li class=\"blocks-gallery-item\"><figure><a href=\"https:\/\/www.ffw-berg.de\/wordpress\/wp-content\/uploads\/2016\/05\/schauuebung_2016-33.jpg\"><img loading=\"lazy\" decoding=\"async\" width=\"1600\" height=\"1067\" src=\"https:\/\/www.ffw-berg.de\/wordpress\/wp-content\/uploads\/2016\/05\/schauuebung_2016-33.jpg\" alt=\"schauuebung_2016-33\" data-id=\"210304\" class=\"wp-image-210304\" srcset=\"https:\/\/www.ffw-berg.de\/wordpress\/wp-content\/uploads\/2016\/05\/schauuebung_2016-33.jpg 1600w, https:\/\/www.ffw-berg.de\/wordpress\/wp-content\/uploads\/2016\/05\/schauuebung_2016-33-120x80.jpg 120w, https:\/\/www.ffw-berg.de\/wordpress\/wp-content\/uploads\/2016\/05\/schauuebung_2016-33-700x467.jpg 700w, https:\/\/www.ffw-berg.de\/wordpress\/wp-content\/uploads\/2016\/05\/schauuebung_2016-33-300x200.jpg 300w, https:\/\/www.ffw-berg.de\/wordpress\/wp-content\/uploads\/2016\/05\/schauuebung_2016-33-768x512.jpg 768w, https:\/\/www.ffw-berg.de\/wordpress\/wp-content\/uploads\/2016\/05\/schauuebung_2016-33-530x353.jpg 530w\" sizes=\"auto, (max-width: 1600px) 100vw, 1600px\" \/><\/a><\/figure><\/li><li class=\"blocks-gallery-item\"><figure><a href=\"https:\/\/www.ffw-berg.de\/wordpress\/wp-content\/uploads\/2016\/05\/schauuebung_2016-90.jpg\"><img loading=\"lazy\" decoding=\"async\" width=\"1600\" height=\"1067\" src=\"https:\/\/www.ffw-berg.de\/wordpress\/wp-content\/uploads\/2016\/05\/schauuebung_2016-90.jpg\" alt=\"schauuebung_2016-90\" data-id=\"210307\" class=\"wp-image-210307\" srcset=\"https:\/\/www.ffw-berg.de\/wordpress\/wp-content\/uploads\/2016\/05\/schauuebung_2016-90.jpg 1600w, https:\/\/www.ffw-berg.de\/wordpress\/wp-content\/uploads\/2016\/05\/schauuebung_2016-90-120x80.jpg 120w, https:\/\/www.ffw-berg.de\/wordpress\/wp-content\/uploads\/2016\/05\/schauuebung_2016-90-700x467.jpg 700w, https:\/\/www.ffw-berg.de\/wordpress\/wp-content\/uploads\/2016\/05\/schauuebung_2016-90-300x200.jpg 300w, https:\/\/www.ffw-berg.de\/wordpress\/wp-content\/uploads\/2016\/05\/schauuebung_2016-90-768x512.jpg 768w, https:\/\/www.ffw-berg.de\/wordpress\/wp-content\/uploads\/2016\/05\/schauuebung_2016-90-530x353.jpg 530w\" sizes=\"auto, (max-width: 1600px) 100vw, 1600px\" \/><\/a><\/figure><\/li><li class=\"blocks-gallery-item\"><figure><a href=\"https:\/\/www.ffw-berg.de\/wordpress\/wp-content\/uploads\/2016\/05\/schauuebung_2016-66.jpg\"><img loading=\"lazy\" decoding=\"async\" width=\"1600\" height=\"1067\" src=\"https:\/\/www.ffw-berg.de\/wordpress\/wp-content\/uploads\/2016\/05\/schauuebung_2016-66.jpg\" alt=\"schauuebung_2016-66\" data-id=\"210305\" class=\"wp-image-210305\" srcset=\"https:\/\/www.ffw-berg.de\/wordpress\/wp-content\/uploads\/2016\/05\/schauuebung_2016-66.jpg 1600w, https:\/\/www.ffw-berg.de\/wordpress\/wp-content\/uploads\/2016\/05\/schauuebung_2016-66-120x80.jpg 120w, https:\/\/www.ffw-berg.de\/wordpress\/wp-content\/uploads\/2016\/05\/schauuebung_2016-66-700x467.jpg 700w, https:\/\/www.ffw-berg.de\/wordpress\/wp-content\/uploads\/2016\/05\/schauuebung_2016-66-300x200.jpg 300w, https:\/\/www.ffw-berg.de\/wordpress\/wp-content\/uploads\/2016\/05\/schauuebung_2016-66-768x512.jpg 768w, https:\/\/www.ffw-berg.de\/wordpress\/wp-content\/uploads\/2016\/05\/schauuebung_2016-66-530x353.jpg 530w\" sizes=\"auto, (max-width: 1600px) 100vw, 1600px\" \/><\/a><\/figure><\/li><li class=\"blocks-gallery-item\"><figure><a href=\"https:\/\/www.ffw-berg.de\/wordpress\/wp-content\/uploads\/2016\/05\/schauuebung_2016-71.jpg\"><img loading=\"lazy\" decoding=\"async\" width=\"1600\" height=\"1067\" src=\"https:\/\/www.ffw-berg.de\/wordpress\/wp-content\/uploads\/2016\/05\/schauuebung_2016-71.jpg\" alt=\"schauuebung_2016-71\" data-id=\"210306\" class=\"wp-image-210306\" srcset=\"https:\/\/www.ffw-berg.de\/wordpress\/wp-content\/uploads\/2016\/05\/schauuebung_2016-71.jpg 1600w, https:\/\/www.ffw-berg.de\/wordpress\/wp-content\/uploads\/2016\/05\/schauuebung_2016-71-120x80.jpg 120w, https:\/\/www.ffw-berg.de\/wordpress\/wp-content\/uploads\/2016\/05\/schauuebung_2016-71-700x467.jpg 700w, https:\/\/www.ffw-berg.de\/wordpress\/wp-content\/uploads\/2016\/05\/schauuebung_2016-71-300x200.jpg 300w, https:\/\/www.ffw-berg.de\/wordpress\/wp-content\/uploads\/2016\/05\/schauuebung_2016-71-768x512.jpg 768w, https:\/\/www.ffw-berg.de\/wordpress\/wp-content\/uploads\/2016\/05\/schauuebung_2016-71-530x353.jpg 530w\" sizes=\"auto, (max-width: 1600px) 100vw, 1600px\" \/><\/a><\/figure><\/li><li class=\"blocks-gallery-item\"><figure><a href=\"https:\/\/www.ffw-berg.de\/wordpress\/wp-content\/uploads\/2016\/05\/schauuebung_2016-127.jpg\"><img loading=\"lazy\" decoding=\"async\" width=\"1600\" height=\"1067\" src=\"https:\/\/www.ffw-berg.de\/wordpress\/wp-content\/uploads\/2016\/05\/schauuebung_2016-127.jpg\" alt=\"schauuebung_2016-127\" data-id=\"210308\" class=\"wp-image-210308\" srcset=\"https:\/\/www.ffw-berg.de\/wordpress\/wp-content\/uploads\/2016\/05\/schauuebung_2016-127.jpg 1600w, https:\/\/www.ffw-berg.de\/wordpress\/wp-content\/uploads\/2016\/05\/schauuebung_2016-127-120x80.jpg 120w, https:\/\/www.ffw-berg.de\/wordpress\/wp-content\/uploads\/2016\/05\/schauuebung_2016-127-700x467.jpg 700w, https:\/\/www.ffw-berg.de\/wordpress\/wp-content\/uploads\/2016\/05\/schauuebung_2016-127-300x200.jpg 300w, https:\/\/www.ffw-berg.de\/wordpress\/wp-content\/uploads\/2016\/05\/schauuebung_2016-127-768x512.jpg 768w, https:\/\/www.ffw-berg.de\/wordpress\/wp-content\/uploads\/2016\/05\/schauuebung_2016-127-530x353.jpg 530w\" sizes=\"auto, (max-width: 1600px) 100vw, 1600px\" \/><\/a><\/figure><\/li><\/ul>\n\n\n\n<p><span style=\"font-family: arial, helvetica, sans-serif; font-size: 14px;\"><\/span>Da die Wasserversorgung durch das Hydrantennetz nicht ausreichte, mussten 2 F\u00f6rderleitungen zu den L\u00f6schwasserbeh\u00e4ltern aufgebaut werden. Durch die Ortsteilfeuerwehren wurden innerhalb von 30 Minuten 2 F\u00f6rderleitungen von den L\u00f6schwasserbeh\u00e4ltern im Gewerbegebiet und in der Ortsmitte mit einer L\u00e4nge von ca. 900 m verlegt. Dadurch konnte die Wasserversorgung sichergestellt werden. <\/p>\n\n\n\n<p>Die \u00dcbung wurde nach erfolgreicher Menschenrettung und Brandbek\u00e4mpfung nach einer Stunde erfolgreich beendet. Nach Abschluss der Aufr\u00e4umarbeiten traf man sich im Ger\u00e4tehaus zur gemeinsamen \u00dcbungsbesprechung durch Kommandant Martin Wurzbacher und 1. B\u00fcrgermeister Peter R\u00f6del. <span style=\"font-family: arial, helvetica, sans-serif; font-size: 14px;\"><\/span><\/p>\n\n\n\n<p class=\"has-small-font-size\">Kurzbericht zur \u00dcbung: Maximillian Schaller<span style=\"font-family: arial,helvetica,sans-serif; font-size: 8pt;\"><\/span><\/p>\n\n\n\n<h4 class=\"wp-block-heading\" style=\"text-align:center\">Alle Bilder zur \u00dcbung in unserem Album bei:<\/h4>\n\n\n\n<figure class=\"wp-block-embed is-type-rich is-provider-google-photos\"><div class=\"wp-block-embed__wrapper\">\n<blockquote class=\"embedly-card\" data-card-controls=\"0\" data-card-align=\"center\" data-card-theme=\"light\"><h4><a href=\"https:\/\/goo.gl\/photos\/TJE61UAuFQ7miffK7\">No Title<\/a><\/h4><p>No Description<\/p><\/blockquote><script async src=\"\/\/cdn.embedly.com\/widgets\/platform.js\" charset=\"UTF-8\"><\/script>\n<\/div><\/figure>\n","protected":false},"excerpt":{"rendered":"<div class=\"mh-excerpt\">Lage: Brand in Maschinenhalle &#8211; Mehrere Personen vermisst.<br \/>\nMit diesem Alarmstichwort wurden die Wehren des Berger Winkels und die BRK-Bereitschaft Berg alarmiert.<\/div>\n<p> <a class=\"mh-excerpt-more\" href=\"https:\/\/www.ffw-berg.de\/wordpress\/schauuebung-2016\/\" title=\"Schau\u00fcbung 2016\">[  Mehr &gt;&gt; ]<\/a><\/p>\n","protected":false},"author":2,"featured_media":210313,"comment_status":"closed","ping_status":"open","sticky":false,"template":"","format":"standard","meta":{"footnotes":""},"categories":[748],"tags":[],"class_list":{"0":"post-210270","1":"post","2":"type-post","3":"status-publish","4":"format-standard","5":"has-post-thumbnail","7":"category-schauuebung"},"_links":{"self":[{"href":"https:\/\/www.ffw-berg.de\/wordpress\/wp-json\/wp\/v2\/posts\/210270","targetHints":{"allow":["GET"]}}],"collection":[{"href":"https:\/\/www.ffw-berg.de\/wordpress\/wp-json\/wp\/v2\/posts"}],"about":[{"href":"https:\/\/www.ffw-berg.de\/wordpress\/wp-json\/wp\/v2\/types\/post"}],"author":[{"embeddable":true,"href":"https:\/\/www.ffw-berg.de\/wordpress\/wp-json\/wp\/v2\/users\/2"}],"replies":[{"embeddable":true,"href":"https:\/\/www.ffw-berg.de\/wordpress\/wp-json\/wp\/v2\/comments?post=210270"}],"version-history":[{"count":0,"href":"https:\/\/www.ffw-berg.de\/wordpress\/wp-json\/wp\/v2\/posts\/210270\/revisions"}],"wp:featuredmedia":[{"embeddable":true,"href":"https:\/\/www.ffw-berg.de\/wordpress\/wp-json\/wp\/v2\/media\/210313"}],"wp:attachment":[{"href":"https:\/\/www.ffw-berg.de\/wordpress\/wp-json\/wp\/v2\/media?parent=210270"}],"wp:term":[{"taxonomy":"category","embeddable":true,"href":"https:\/\/www.ffw-berg.de\/wordpress\/wp-json\/wp\/v2\/categories?post=210270"},{"taxonomy":"post_tag","embeddable":true,"href":"https:\/\/www.ffw-berg.de\/wordpress\/wp-json\/wp\/v2\/tags?post=210270"}],"curies":[{"name":"wp","href":"https:\/\/api.w.org\/{rel}","templated":true}]}}