{"id":210360,"date":"2016-06-05T15:00:27","date_gmt":"2016-06-05T13:00:27","guid":{"rendered":"http:\/\/www.ffw-berg.de\/wordpress\/?page_id=210360"},"modified":"2019-02-03T17:07:23","modified_gmt":"2019-02-03T16:07:23","slug":"inspektion-mit-leistungspruefung-2016","status":"publish","type":"post","link":"https:\/\/www.ffw-berg.de\/wordpress\/inspektion-mit-leistungspruefung-2016\/","title":{"rendered":"Inspektion mit Leistungspr\u00fcfung Wasser 2016"},"content":{"rendered":"\n<h2 class=\"wp-block-heading\">Sehr gute Leistungspr\u00fcfungen mit 0 Fehlerpunkten | Erfolgreiche Inspektion  <span style=\"font-family: arial, helvetica, sans-serif; color: #ff0000;\"><\/span><\/h2>\n\n\n\n<div class=\"wp-block-image\"><figure class=\"alignright\"><img loading=\"lazy\" decoding=\"async\" width=\"300\" height=\"225\" src=\"https:\/\/www.ffw-berg.de\/wordpress\/wp-content\/uploads\/2016\/06\/ffberg_inspektion_lp_2016-101-300x225.jpg\" alt=\"ffberg_inspektion_lp_2016-101\" class=\"wp-image-210373\" srcset=\"https:\/\/www.ffw-berg.de\/wordpress\/wp-content\/uploads\/2016\/06\/ffberg_inspektion_lp_2016-101-300x225.jpg 300w, https:\/\/www.ffw-berg.de\/wordpress\/wp-content\/uploads\/2016\/06\/ffberg_inspektion_lp_2016-101-120x90.jpg 120w, https:\/\/www.ffw-berg.de\/wordpress\/wp-content\/uploads\/2016\/06\/ffberg_inspektion_lp_2016-101-700x525.jpg 700w, https:\/\/www.ffw-berg.de\/wordpress\/wp-content\/uploads\/2016\/06\/ffberg_inspektion_lp_2016-101-678x509.jpg 678w, https:\/\/www.ffw-berg.de\/wordpress\/wp-content\/uploads\/2016\/06\/ffberg_inspektion_lp_2016-101-326x245.jpg 326w, https:\/\/www.ffw-berg.de\/wordpress\/wp-content\/uploads\/2016\/06\/ffberg_inspektion_lp_2016-101-80x60.jpg 80w, https:\/\/www.ffw-berg.de\/wordpress\/wp-content\/uploads\/2016\/06\/ffberg_inspektion_lp_2016-101-768x577.jpg 768w, https:\/\/www.ffw-berg.de\/wordpress\/wp-content\/uploads\/2016\/06\/ffberg_inspektion_lp_2016-101-530x398.jpg 530w, https:\/\/www.ffw-berg.de\/wordpress\/wp-content\/uploads\/2016\/06\/ffberg_inspektion_lp_2016-101.jpg 1600w\" sizes=\"auto, (max-width: 300px) 100vw, 300px\" \/><\/figure><\/div>\n\n\n\n<p>Am Sonntag den 05.06.16 fand die turnusm\u00e4\u00dfig, alle 3 Jahre vorgeschriebene Inspektion statt. Von Kreisbrandinspektor Rolf Hornfischer und Kreisbrandmeister Hans M\u00fcnzer wurden der Zustand des Feuerwehrhauses, der Feuerwehrfahrzeuge, der Ger\u00e4tschaften sowie die Mannschaftsst\u00e4rke und der Ausbildungsstand der Mannschaft \u00fcberpr\u00fcft. <span style=\"font-family: arial, helvetica, sans-serif; font-size: 14px;\"><\/span><\/p>\n\n\n\n<p>Anl\u00e4sslich der Inspektion legte eine Gruppe die Leistungspr\u00fcfung Wasser ab. Unter den wachsamen Augen der Schiedsrichter zeigte die Gruppe ihren hohen Ausbildungsstand und legte mit einer sehr guten Leistungspr\u00fcfung mit &nbsp;Null &nbsp;Fehlerpunkten folgende Stufen ab: <span style=\"font-family: arial, helvetica, sans-serif; font-size: 14px;\"><\/span><\/p>\n\n\n\n<ul class=\"wp-block-list\"><li><span style=\"font-family: arial, helvetica, sans-serif; font-size: 14px;\"><strong>Stufe 1 (Bronze):<\/strong> Linda Eibisch, Felix Korn, Paul R\u00f6del<\/span><\/li><li><span style=\"font-family: arial, helvetica, sans-serif; font-size: 14px;\"><strong>Stufe 4 (Gold-Blau):<\/strong> Florian Hofmann, Thomas Reichstein, Maximilian Schaller<\/span><\/li><li><span style=\"font-family: arial, helvetica, sans-serif; font-size: 14px;\"><strong>Stufe 5 (Gold-Gr\u00fcn):<\/strong> Sandra Narr<\/span><\/li><li><span style=\"font-family: arial, helvetica, sans-serif; font-size: 14px;\"><strong>Stufe 6 (Gold-Rot):<\/strong> Patrick Krause, Stefan N\u00e4gele<\/span><\/li><\/ul>\n\n\n\n<div id='gallery-1' class='gallery galleryid-210360 gallery-columns-3 gallery-size-mh-magazine-content'><figure class='gallery-item'>\n\t\t\t<div class='gallery-icon landscape'>\n\t\t\t\t<a href='https:\/\/www.ffw-berg.de\/wordpress\/wp-content\/uploads\/2016\/06\/ffberg_inspektion_lp_2016-007.jpg'><img loading=\"lazy\" decoding=\"async\" width=\"678\" height=\"381\" src=\"https:\/\/www.ffw-berg.de\/wordpress\/wp-content\/uploads\/2016\/06\/ffberg_inspektion_lp_2016-007-678x381.jpg\" class=\"attachment-mh-magazine-content size-mh-magazine-content\" alt=\"ffberg_inspektion_lp_2016-007\" \/><\/a>\n\t\t\t<\/div><\/figure><figure class='gallery-item'>\n\t\t\t<div class='gallery-icon landscape'>\n\t\t\t\t<a href='https:\/\/www.ffw-berg.de\/wordpress\/wp-content\/uploads\/2016\/06\/ffberg_inspektion_lp_2016-017.jpg'><img loading=\"lazy\" decoding=\"async\" width=\"678\" height=\"381\" src=\"https:\/\/www.ffw-berg.de\/wordpress\/wp-content\/uploads\/2016\/06\/ffberg_inspektion_lp_2016-017-678x381.jpg\" class=\"attachment-mh-magazine-content size-mh-magazine-content\" alt=\"ffberg_inspektion_lp_2016-017\" \/><\/a>\n\t\t\t<\/div><\/figure><figure class='gallery-item'>\n\t\t\t<div class='gallery-icon landscape'>\n\t\t\t\t<a href='https:\/\/www.ffw-berg.de\/wordpress\/wp-content\/uploads\/2016\/06\/ffberg_inspektion_lp_2016-047.jpg'><img loading=\"lazy\" decoding=\"async\" width=\"678\" height=\"381\" src=\"https:\/\/www.ffw-berg.de\/wordpress\/wp-content\/uploads\/2016\/06\/ffberg_inspektion_lp_2016-047-678x381.jpg\" class=\"attachment-mh-magazine-content size-mh-magazine-content\" alt=\"ffberg_inspektion_lp_2016-047\" \/><\/a>\n\t\t\t<\/div><\/figure><figure class='gallery-item'>\n\t\t\t<div class='gallery-icon landscape'>\n\t\t\t\t<a href='https:\/\/www.ffw-berg.de\/wordpress\/wp-content\/uploads\/2016\/06\/ffberg_inspektion_lp_2016-076.jpg'><img loading=\"lazy\" decoding=\"async\" width=\"678\" height=\"381\" src=\"https:\/\/www.ffw-berg.de\/wordpress\/wp-content\/uploads\/2016\/06\/ffberg_inspektion_lp_2016-076-678x381.jpg\" class=\"attachment-mh-magazine-content size-mh-magazine-content\" alt=\"ffberg_inspektion_lp_2016-076\" \/><\/a>\n\t\t\t<\/div><\/figure><figure class='gallery-item'>\n\t\t\t<div class='gallery-icon landscape'>\n\t\t\t\t<a href='https:\/\/www.ffw-berg.de\/wordpress\/wp-content\/uploads\/2016\/06\/ffberg_inspektion_lp_2016-063.jpg'><img loading=\"lazy\" decoding=\"async\" width=\"678\" height=\"381\" src=\"https:\/\/www.ffw-berg.de\/wordpress\/wp-content\/uploads\/2016\/06\/ffberg_inspektion_lp_2016-063-678x381.jpg\" class=\"attachment-mh-magazine-content size-mh-magazine-content\" alt=\"ffberg_inspektion_lp_2016-063\" \/><\/a>\n\t\t\t<\/div><\/figure><figure class='gallery-item'>\n\t\t\t<div class='gallery-icon landscape'>\n\t\t\t\t<a href='https:\/\/www.ffw-berg.de\/wordpress\/wp-content\/uploads\/2016\/06\/ffberg_inspektion_lp_2016-091.jpg'><img loading=\"lazy\" decoding=\"async\" width=\"678\" height=\"381\" src=\"https:\/\/www.ffw-berg.de\/wordpress\/wp-content\/uploads\/2016\/06\/ffberg_inspektion_lp_2016-091-678x381.jpg\" class=\"attachment-mh-magazine-content size-mh-magazine-content\" alt=\"ffberg_inspektion_lp_2016-091\" \/><\/a>\n\t\t\t<\/div><\/figure>\n\t\t<\/div>\n\n\n\n\n<p>Nach Beendigung der Leistungspr\u00fcfung fand die erfolgte die Verleihung der Abzeichen zusammen mit den restlichen Kameraden am Ger\u00e4tehaus statt.<\/p>\n\n\n\n<div class=\"wp-block-image\"><figure class=\"aligncenter\"><a href=\"http:\/\/www.ffw-berg.de\/wordpress\/wp-content\/uploads\/2016\/06\/ffberg_inspektion_lp_2016-106.jpg\"><img loading=\"lazy\" decoding=\"async\" width=\"1600\" height=\"716\" src=\"http:\/\/www.ffw-berg.de\/wordpress\/wp-content\/uploads\/2016\/06\/ffberg_inspektion_lp_2016-106.jpg\" alt=\"fberg_inspektion_lp_2016-106\" class=\"wp-image-210374\" srcset=\"https:\/\/www.ffw-berg.de\/wordpress\/wp-content\/uploads\/2016\/06\/ffberg_inspektion_lp_2016-106.jpg 1600w, https:\/\/www.ffw-berg.de\/wordpress\/wp-content\/uploads\/2016\/06\/ffberg_inspektion_lp_2016-106-120x54.jpg 120w, https:\/\/www.ffw-berg.de\/wordpress\/wp-content\/uploads\/2016\/06\/ffberg_inspektion_lp_2016-106-700x313.jpg 700w, https:\/\/www.ffw-berg.de\/wordpress\/wp-content\/uploads\/2016\/06\/ffberg_inspektion_lp_2016-106-300x134.jpg 300w, https:\/\/www.ffw-berg.de\/wordpress\/wp-content\/uploads\/2016\/06\/ffberg_inspektion_lp_2016-106-768x344.jpg 768w, https:\/\/www.ffw-berg.de\/wordpress\/wp-content\/uploads\/2016\/06\/ffberg_inspektion_lp_2016-106-530x237.jpg 530w\" sizes=\"auto, (max-width: 1600px) 100vw, 1600px\" \/><\/a><figcaption><span style=\"font-family: arial, helvetica, sans-serif; font-size: 12px;\"> Gruppenbild der aktiven Wehr 2016<br \/> Zur Vergr\u00f6\u00dferung anklicken! <\/span><\/figcaption><\/figure><\/div>\n\n\n\n<p>Anschlie\u00dfend erfolgte durch KBI Hornfischer und KBM M\u00fcnzer die Auswertung der Inspektion, bei der <strong>keinerlei schwere M\u00e4ngel<\/strong> feststellbar waren. B\u00fcrgermeister Peter R\u00f6del begl\u00fcckw\u00fcnschte die Teilnehmer der Leistungspr\u00fcfung und bedankte sich stellvertretend f\u00fcr alle B\u00fcrger in Berg f\u00fcr die geleistete Arbeit bei der gesamten Wehr und vor allem, dass man sich sicher f\u00fchlen k\u00f6nne. <span style=\"font-family: arial, helvetica, sans-serif; font-size: 14px;\"><\/span><\/p>\n\n\n\n<p style=\"font-size:11px\">Kurzbericht: Maximillian Schaller <span style=\"font-size: 14px;\"><span style=\"font-family: arial, helvetica, sans-serif;\"><br \/><\/span><\/span><\/p>\n\n\n\n<h4 class=\"wp-block-heading\" style=\"text-align:center\">Alle Bilder von der Inspektion mit Leistungspr\u00fcfung in unserem Album bei <span style=\"font-family: arial, helvetica, sans-serif; color: #800000;\"><\/span><\/h4>\n\n\n\n<figure class=\"wp-block-embed is-type-rich is-provider-google-photos\"><div class=\"wp-block-embed__wrapper\">\n<blockquote class=\"embedly-card\" data-card-controls=\"0\" data-card-align=\"center\" data-card-theme=\"light\"><h4><a href=\"https:\/\/goo.gl\/photos\/XQXHkiKoHpcaeSyNA\">No Title<\/a><\/h4><p>No Description<\/p><\/blockquote><script async src=\"\/\/cdn.embedly.com\/widgets\/platform.js\" charset=\"UTF-8\"><\/script>\n<\/div><\/figure>\n","protected":false},"excerpt":{"rendered":"<div class=\"mh-excerpt\">Sehr gute Leistungspr\u00fcfungen mit 0 Fehlerpunkten | Erfolgreiche Inspektion.<br \/>\nAm 05.06.16 &#8211; anl\u00e4sslich der Inspektion &#8211; legte eine Gruppe die Leistungspr\u00fcfung Wasser ab. Unter den wachsamen Augen der Schiedsrichter zeigte die Gruppe ihren hohen Ausbildungsstand.<\/div>\n<p> <a class=\"mh-excerpt-more\" href=\"https:\/\/www.ffw-berg.de\/wordpress\/inspektion-mit-leistungspruefung-2016\/\" title=\"Inspektion mit Leistungspr\u00fcfung Wasser 2016\">[  Mehr &gt;&gt; ]<\/a><\/p>\n","protected":false},"author":2,"featured_media":210387,"comment_status":"closed","ping_status":"open","sticky":false,"template":"","format":"standard","meta":{"footnotes":""},"categories":[749],"tags":[],"class_list":{"0":"post-210360","1":"post","2":"type-post","3":"status-publish","4":"format-standard","5":"has-post-thumbnail","7":"category-leistungspruefung"},"_links":{"self":[{"href":"https:\/\/www.ffw-berg.de\/wordpress\/wp-json\/wp\/v2\/posts\/210360","targetHints":{"allow":["GET"]}}],"collection":[{"href":"https:\/\/www.ffw-berg.de\/wordpress\/wp-json\/wp\/v2\/posts"}],"about":[{"href":"https:\/\/www.ffw-berg.de\/wordpress\/wp-json\/wp\/v2\/types\/post"}],"author":[{"embeddable":true,"href":"https:\/\/www.ffw-berg.de\/wordpress\/wp-json\/wp\/v2\/users\/2"}],"replies":[{"embeddable":true,"href":"https:\/\/www.ffw-berg.de\/wordpress\/wp-json\/wp\/v2\/comments?post=210360"}],"version-history":[{"count":0,"href":"https:\/\/www.ffw-berg.de\/wordpress\/wp-json\/wp\/v2\/posts\/210360\/revisions"}],"wp:featuredmedia":[{"embeddable":true,"href":"https:\/\/www.ffw-berg.de\/wordpress\/wp-json\/wp\/v2\/media\/210387"}],"wp:attachment":[{"href":"https:\/\/www.ffw-berg.de\/wordpress\/wp-json\/wp\/v2\/media?parent=210360"}],"wp:term":[{"taxonomy":"category","embeddable":true,"href":"https:\/\/www.ffw-berg.de\/wordpress\/wp-json\/wp\/v2\/categories?post=210360"},{"taxonomy":"post_tag","embeddable":true,"href":"https:\/\/www.ffw-berg.de\/wordpress\/wp-json\/wp\/v2\/tags?post=210360"}],"curies":[{"name":"wp","href":"https:\/\/api.w.org\/{rel}","templated":true}]}}