{"id":210556,"date":"2016-09-24T18:00:59","date_gmt":"2016-09-24T16:00:59","guid":{"rendered":"http:\/\/www.ffw-berg.de\/wordpress\/?page_id=210556"},"modified":"2019-06-21T17:22:11","modified_gmt":"2019-06-21T15:22:11","slug":"leistungspruefung-thl-2016","status":"publish","type":"post","link":"https:\/\/www.ffw-berg.de\/wordpress\/leistungspruefung-thl-2016\/","title":{"rendered":"Leistungspr\u00fcfung THL 2016"},"content":{"rendered":"\n<h2 class=\"wp-block-heading\">Leistungspr\u00fcfung THL erfolgreich abgelegt  <span style=\"color: #800000; font-family: arial, helvetica, sans-serif;\"><\/span><\/h2>\n\n\n\n<p>Am Samstag den 24.09.16 stellte sich eine Gruppe der Freiwilligen Feuerwehr Berg der Leistungspr\u00fcfung \u201cDie Gruppe im Hilfeleistungseinsatz\u201c.  <span style=\"font-family: arial, helvetica, sans-serif; font-size: 10pt;\"><\/span><\/p>\n\n\n\n<p> Unter den strengen Augen der Schiedsrichter Hans M\u00fcnzer, Andreas Bittermann, Marco Kolbinger und einiger Zuschauer, stellten die Teilnehmer ihre Kenntnisse im Bereich Technische Hilfeleistung unter Beweis. Zun\u00e4chst mussten die Teilnehmer verschiedene Ger\u00e4tschaften zur technischen Hilfeleistung vorf\u00fchren und n\u00e4her erl\u00e4utern. <span style=\"font-family: arial, helvetica, sans-serif; font-size: 14px;\"><\/span><\/p>\n\n\n\n<div class=\"wp-block-image\"><figure class=\"aligncenter\"><a href=\"http:\/\/www.ffw-berg.de\/wordpress\/wp-content\/uploads\/2016\/10\/LP-THL2016-007.jpg\"><img loading=\"lazy\" decoding=\"async\" width=\"1600\" height=\"1202\" src=\"http:\/\/www.ffw-berg.de\/wordpress\/wp-content\/uploads\/2016\/10\/LP-THL2016-007.jpg\" alt=\"lp-thl2016-011\" class=\"wp-image-210546\" srcset=\"https:\/\/www.ffw-berg.de\/wordpress\/wp-content\/uploads\/2016\/10\/LP-THL2016-007.jpg 1600w, https:\/\/www.ffw-berg.de\/wordpress\/wp-content\/uploads\/2016\/10\/LP-THL2016-007-120x90.jpg 120w, https:\/\/www.ffw-berg.de\/wordpress\/wp-content\/uploads\/2016\/10\/LP-THL2016-007-700x525.jpg 700w, https:\/\/www.ffw-berg.de\/wordpress\/wp-content\/uploads\/2016\/10\/LP-THL2016-007-678x509.jpg 678w, https:\/\/www.ffw-berg.de\/wordpress\/wp-content\/uploads\/2016\/10\/LP-THL2016-007-326x245.jpg 326w, https:\/\/www.ffw-berg.de\/wordpress\/wp-content\/uploads\/2016\/10\/LP-THL2016-007-80x60.jpg 80w, https:\/\/www.ffw-berg.de\/wordpress\/wp-content\/uploads\/2016\/10\/LP-THL2016-007-300x225.jpg 300w, https:\/\/www.ffw-berg.de\/wordpress\/wp-content\/uploads\/2016\/10\/LP-THL2016-007-768x577.jpg 768w, https:\/\/www.ffw-berg.de\/wordpress\/wp-content\/uploads\/2016\/10\/LP-THL2016-007-530x398.jpg 530w\" sizes=\"auto, (max-width: 1600px) 100vw, 1600px\" \/><\/a><\/figure><\/div>\n\n\n\n<p>Anschlie\u00dfend fand die Einsatz\u00fcbung statt in der ein Verkehrsunfall mit eingeklemmter Person angenommen wurde. Hier musste wie auch in der Realit\u00e4t eine Verkehrsabsicherung mit Einsatzstellenbeleuchtung aufgebaut und der Brandschutz sichergestellt werden, bevor schlie\u00dflich mit dem Kombispreizger\u00e4t die Person befreit werden konnte. Dabei arbeiteten die Teilnehmer sehr sauber und legten so die Leistungspr\u00fcfung ohne Fehler ab. <span style=\"font-family: arial, helvetica, sans-serif; font-size: 14px;\"><\/span><\/p>\n\n\n\n<ul class=\"wp-block-gallery columns-2 is-cropped wp-block-gallery-1 is-layout-flex wp-block-gallery-is-layout-flex\"><li class=\"blocks-gallery-item\"><figure><a href=\"https:\/\/www.ffw-berg.de\/wordpress\/wp-content\/uploads\/2016\/10\/LP-THL2016-037.jpg\"><img loading=\"lazy\" decoding=\"async\" width=\"1600\" height=\"1200\" src=\"https:\/\/www.ffw-berg.de\/wordpress\/wp-content\/uploads\/2016\/10\/LP-THL2016-037.jpg\" alt=\"lp-thl2016-037\" data-id=\"210554\" class=\"wp-image-210554\" srcset=\"https:\/\/www.ffw-berg.de\/wordpress\/wp-content\/uploads\/2016\/10\/LP-THL2016-037.jpg 1600w, https:\/\/www.ffw-berg.de\/wordpress\/wp-content\/uploads\/2016\/10\/LP-THL2016-037-120x90.jpg 120w, https:\/\/www.ffw-berg.de\/wordpress\/wp-content\/uploads\/2016\/10\/LP-THL2016-037-700x525.jpg 700w, https:\/\/www.ffw-berg.de\/wordpress\/wp-content\/uploads\/2016\/10\/LP-THL2016-037-678x509.jpg 678w, https:\/\/www.ffw-berg.de\/wordpress\/wp-content\/uploads\/2016\/10\/LP-THL2016-037-326x245.jpg 326w, https:\/\/www.ffw-berg.de\/wordpress\/wp-content\/uploads\/2016\/10\/LP-THL2016-037-80x60.jpg 80w, https:\/\/www.ffw-berg.de\/wordpress\/wp-content\/uploads\/2016\/10\/LP-THL2016-037-300x225.jpg 300w, https:\/\/www.ffw-berg.de\/wordpress\/wp-content\/uploads\/2016\/10\/LP-THL2016-037-768x576.jpg 768w, https:\/\/www.ffw-berg.de\/wordpress\/wp-content\/uploads\/2016\/10\/LP-THL2016-037-530x398.jpg 530w\" sizes=\"auto, (max-width: 1600px) 100vw, 1600px\" \/><\/a><\/figure><\/li><li class=\"blocks-gallery-item\"><figure><a href=\"https:\/\/www.ffw-berg.de\/wordpress\/wp-content\/uploads\/2016\/10\/LP-THL2016-036.jpg\"><img loading=\"lazy\" decoding=\"async\" width=\"1600\" height=\"1200\" src=\"https:\/\/www.ffw-berg.de\/wordpress\/wp-content\/uploads\/2016\/10\/LP-THL2016-036.jpg\" alt=\"lp-thl2016-036\" data-id=\"210553\" class=\"wp-image-210553\" srcset=\"https:\/\/www.ffw-berg.de\/wordpress\/wp-content\/uploads\/2016\/10\/LP-THL2016-036.jpg 1600w, https:\/\/www.ffw-berg.de\/wordpress\/wp-content\/uploads\/2016\/10\/LP-THL2016-036-120x90.jpg 120w, https:\/\/www.ffw-berg.de\/wordpress\/wp-content\/uploads\/2016\/10\/LP-THL2016-036-700x525.jpg 700w, https:\/\/www.ffw-berg.de\/wordpress\/wp-content\/uploads\/2016\/10\/LP-THL2016-036-678x509.jpg 678w, https:\/\/www.ffw-berg.de\/wordpress\/wp-content\/uploads\/2016\/10\/LP-THL2016-036-326x245.jpg 326w, https:\/\/www.ffw-berg.de\/wordpress\/wp-content\/uploads\/2016\/10\/LP-THL2016-036-80x60.jpg 80w, https:\/\/www.ffw-berg.de\/wordpress\/wp-content\/uploads\/2016\/10\/LP-THL2016-036-300x225.jpg 300w, https:\/\/www.ffw-berg.de\/wordpress\/wp-content\/uploads\/2016\/10\/LP-THL2016-036-768x576.jpg 768w, https:\/\/www.ffw-berg.de\/wordpress\/wp-content\/uploads\/2016\/10\/LP-THL2016-036-530x398.jpg 530w\" sizes=\"auto, (max-width: 1600px) 100vw, 1600px\" \/><\/a><\/figure><\/li><li class=\"blocks-gallery-item\"><figure><a href=\"https:\/\/www.ffw-berg.de\/wordpress\/wp-content\/uploads\/2016\/10\/LP-THL2016-017.jpg\"><img loading=\"lazy\" decoding=\"async\" width=\"1600\" height=\"1197\" src=\"https:\/\/www.ffw-berg.de\/wordpress\/wp-content\/uploads\/2016\/10\/LP-THL2016-017.jpg\" alt=\"lp-thl2016-024\" data-id=\"210551\" class=\"wp-image-210551\" srcset=\"https:\/\/www.ffw-berg.de\/wordpress\/wp-content\/uploads\/2016\/10\/LP-THL2016-017.jpg 1600w, https:\/\/www.ffw-berg.de\/wordpress\/wp-content\/uploads\/2016\/10\/LP-THL2016-017-120x90.jpg 120w, https:\/\/www.ffw-berg.de\/wordpress\/wp-content\/uploads\/2016\/10\/LP-THL2016-017-700x525.jpg 700w, https:\/\/www.ffw-berg.de\/wordpress\/wp-content\/uploads\/2016\/10\/LP-THL2016-017-326x245.jpg 326w, https:\/\/www.ffw-berg.de\/wordpress\/wp-content\/uploads\/2016\/10\/LP-THL2016-017-80x60.jpg 80w, https:\/\/www.ffw-berg.de\/wordpress\/wp-content\/uploads\/2016\/10\/LP-THL2016-017-300x224.jpg 300w, https:\/\/www.ffw-berg.de\/wordpress\/wp-content\/uploads\/2016\/10\/LP-THL2016-017-768x575.jpg 768w, https:\/\/www.ffw-berg.de\/wordpress\/wp-content\/uploads\/2016\/10\/LP-THL2016-017-530x397.jpg 530w\" sizes=\"auto, (max-width: 1600px) 100vw, 1600px\" \/><\/a><\/figure><\/li><li class=\"blocks-gallery-item\"><figure><a href=\"https:\/\/www.ffw-berg.de\/wordpress\/wp-content\/uploads\/2016\/10\/LP-THL2016-038.jpg\"><img loading=\"lazy\" decoding=\"async\" width=\"1600\" height=\"1200\" src=\"https:\/\/www.ffw-berg.de\/wordpress\/wp-content\/uploads\/2016\/10\/LP-THL2016-038.jpg\" alt=\"lp-thl2016-038\" data-id=\"210555\" class=\"wp-image-210555\" srcset=\"https:\/\/www.ffw-berg.de\/wordpress\/wp-content\/uploads\/2016\/10\/LP-THL2016-038.jpg 1600w, https:\/\/www.ffw-berg.de\/wordpress\/wp-content\/uploads\/2016\/10\/LP-THL2016-038-120x90.jpg 120w, https:\/\/www.ffw-berg.de\/wordpress\/wp-content\/uploads\/2016\/10\/LP-THL2016-038-700x525.jpg 700w, https:\/\/www.ffw-berg.de\/wordpress\/wp-content\/uploads\/2016\/10\/LP-THL2016-038-678x509.jpg 678w, https:\/\/www.ffw-berg.de\/wordpress\/wp-content\/uploads\/2016\/10\/LP-THL2016-038-326x245.jpg 326w, https:\/\/www.ffw-berg.de\/wordpress\/wp-content\/uploads\/2016\/10\/LP-THL2016-038-80x60.jpg 80w, https:\/\/www.ffw-berg.de\/wordpress\/wp-content\/uploads\/2016\/10\/LP-THL2016-038-300x225.jpg 300w, https:\/\/www.ffw-berg.de\/wordpress\/wp-content\/uploads\/2016\/10\/LP-THL2016-038-768x576.jpg 768w, https:\/\/www.ffw-berg.de\/wordpress\/wp-content\/uploads\/2016\/10\/LP-THL2016-038-530x398.jpg 530w\" sizes=\"auto, (max-width: 1600px) 100vw, 1600px\" \/><\/a><\/figure><\/li><\/ul>\n\n\n\n<p>Nach der Vergabe der Abzeichen lobte KBM M\u00fcnzer alle Beteiligten f\u00fcr ihre Bereitschaft zur Ausbildung und ihr sehr sauberes und diszipliniertes Arbeiten. B\u00fcrgermeister Peter R\u00f6del, der ebenfalls die Leistungspr\u00fcfung genauestens beobachtete, gratulierte allen zur bestandenen Leistungspr\u00fcfung und freute sich vor allem \u00fcber das Weiterbildungsbestreben im Bereich Technische Hilfeleistung, welches f\u00fcr das Feuerwehrkonzept in den n\u00e4chsten Jahren sehr wichtig sei. Nach den Gru\u00dfworten fand noch ein gemeinsames Abendessen zusammen mit den Schiedsrichtern im Gasthof zum Gupfen statt. <span style=\"font-family: arial, helvetica, sans-serif; font-size: 14px;\"><\/span><\/p>\n\n\n\n<div class=\"wp-block-image\"><figure class=\"aligncenter\"><a href=\"http:\/\/www.ffw-berg.de\/wordpress\/wp-content\/uploads\/2016\/09\/LP2016-e1474820399746.png\"><img loading=\"lazy\" decoding=\"async\" width=\"800\" height=\"496\" src=\"http:\/\/www.ffw-berg.de\/wordpress\/wp-content\/uploads\/2016\/09\/LP2016-e1474820399746.png\" alt=\"lp2016\" class=\"wp-image-210538\" srcset=\"https:\/\/www.ffw-berg.de\/wordpress\/wp-content\/uploads\/2016\/09\/LP2016-e1474820399746.png 800w, https:\/\/www.ffw-berg.de\/wordpress\/wp-content\/uploads\/2016\/09\/LP2016-e1474820399746-120x74.png 120w, https:\/\/www.ffw-berg.de\/wordpress\/wp-content\/uploads\/2016\/09\/LP2016-e1474820399746-300x186.png 300w, https:\/\/www.ffw-berg.de\/wordpress\/wp-content\/uploads\/2016\/09\/LP2016-e1474820399746-768x476.png 768w, https:\/\/www.ffw-berg.de\/wordpress\/wp-content\/uploads\/2016\/09\/LP2016-e1474820399746-700x434.png 700w\" sizes=\"auto, (max-width: 800px) 100vw, 800px\" \/><\/a><\/figure><\/div>\n\n\n\n<p style=\"color:#800000\" class=\"has-text-color\"><strong>Folgende Stufen wurden abgelegt: <\/strong><\/p>\n\n\n\n<p class=\"has-background has-cyan-bluish-gray-background-color\"><strong>Stufe 1:<\/strong> Christian Ebert, Felix Korn, Christoph Schlegel <\/p>\n\n\n\n<p class=\"has-background has-cyan-bluish-gray-background-color\"><strong>Stufe 2:<\/strong> Carolin M\u00fcller (FF Schnarchenreuth), Stefan N\u00e4gele <\/p>\n\n\n\n<p class=\"has-background has-cyan-bluish-gray-background-color\"><strong>Stufe 3:<\/strong> Florian Hofmann, Thomas Reichstein, Maximilian Schaller <\/p>\n\n\n\n<p>Auff\u00fcller: Alexander Egelkraut<\/p>\n\n\n\n<h4 class=\"wp-block-heading\" style=\"text-align:center\">Alle Fotos von der Leistungspr\u00fcfung in unserem Album bei: <span style=\"color: #800000; font-family: arial, helvetica, sans-serif;\"><\/span><\/h4>\n\n\n\n<figure class=\"wp-block-embed is-type-rich is-provider-google-photos\"><div class=\"wp-block-embed__wrapper\">\n<blockquote class=\"embedly-card\" data-card-controls=\"0\" data-card-align=\"center\" data-card-theme=\"light\"><h4><a href=\"https:\/\/goo.gl\/photos\/3wbxD8t4SC9unYLy7\">No Title<\/a><\/h4><p>No Description<\/p><\/blockquote><script async src=\"\/\/cdn.embedly.com\/widgets\/platform.js\" charset=\"UTF-8\"><\/script>\n<\/div><\/figure>\n","protected":false},"excerpt":{"rendered":"<div class=\"mh-excerpt\">KBM M\u00fcnzer lobte alle Beteiligten f\u00fcr ihre Bereitschaft zur Ausbildung und die erfolgreiche Absolvierung durch sehr sauberes und diszipliniertes Arbeiten.<\/div>\n<p> <a class=\"mh-excerpt-more\" href=\"https:\/\/www.ffw-berg.de\/wordpress\/leistungspruefung-thl-2016\/\" title=\"Leistungspr\u00fcfung THL 2016\">[  Mehr &gt;&gt; ]<\/a><\/p>\n","protected":false},"author":2,"featured_media":210554,"comment_status":"closed","ping_status":"open","sticky":false,"template":"","format":"standard","meta":{"footnotes":""},"categories":[749],"tags":[],"class_list":{"0":"post-210556","1":"post","2":"type-post","3":"status-publish","4":"format-standard","5":"has-post-thumbnail","7":"category-leistungspruefung"},"_links":{"self":[{"href":"https:\/\/www.ffw-berg.de\/wordpress\/wp-json\/wp\/v2\/posts\/210556","targetHints":{"allow":["GET"]}}],"collection":[{"href":"https:\/\/www.ffw-berg.de\/wordpress\/wp-json\/wp\/v2\/posts"}],"about":[{"href":"https:\/\/www.ffw-berg.de\/wordpress\/wp-json\/wp\/v2\/types\/post"}],"author":[{"embeddable":true,"href":"https:\/\/www.ffw-berg.de\/wordpress\/wp-json\/wp\/v2\/users\/2"}],"replies":[{"embeddable":true,"href":"https:\/\/www.ffw-berg.de\/wordpress\/wp-json\/wp\/v2\/comments?post=210556"}],"version-history":[{"count":0,"href":"https:\/\/www.ffw-berg.de\/wordpress\/wp-json\/wp\/v2\/posts\/210556\/revisions"}],"wp:featuredmedia":[{"embeddable":true,"href":"https:\/\/www.ffw-berg.de\/wordpress\/wp-json\/wp\/v2\/media\/210554"}],"wp:attachment":[{"href":"https:\/\/www.ffw-berg.de\/wordpress\/wp-json\/wp\/v2\/media?parent=210556"}],"wp:term":[{"taxonomy":"category","embeddable":true,"href":"https:\/\/www.ffw-berg.de\/wordpress\/wp-json\/wp\/v2\/categories?post=210556"},{"taxonomy":"post_tag","embeddable":true,"href":"https:\/\/www.ffw-berg.de\/wordpress\/wp-json\/wp\/v2\/tags?post=210556"}],"curies":[{"name":"wp","href":"https:\/\/api.w.org\/{rel}","templated":true}]}}