{"id":210561,"date":"2016-09-17T18:00:17","date_gmt":"2016-09-17T16:00:17","guid":{"rendered":"http:\/\/www.ffw-berg.de\/wordpress\/?p=210561"},"modified":"2019-01-11T12:21:14","modified_gmt":"2019-01-11T11:21:14","slug":"jugendleistungsmarsch-in-zedtwitz-2016","status":"publish","type":"post","link":"https:\/\/www.ffw-berg.de\/wordpress\/jugendleistungsmarsch-in-zedtwitz-2016\/","title":{"rendered":"Jugendleistungsmarsch in Zedtwitz 2016"},"content":{"rendered":"\n<h2 class=\"wp-block-heading\" id=\"mce_22\">Jugendfeuerwehr beweist erneut ihren hohen Ausbildungsstand <\/h2>\n\n\n\n<div class=\"wp-block-image\"><figure class=\"alignright\"><a href=\"https:\/\/www.ffw-berg.de\/wordpress\/wp-content\/uploads\/2016\/09\/jlm2016-013.jpg\"><img loading=\"lazy\" decoding=\"async\" width=\"167\" height=\"250\" src=\"https:\/\/www.ffw-berg.de\/wordpress\/wp-content\/uploads\/2016\/09\/jlm2016-013-167x250.jpg\" alt=\"jlm2016-013\" class=\"wp-image-210545\" srcset=\"https:\/\/www.ffw-berg.de\/wordpress\/wp-content\/uploads\/2016\/09\/jlm2016-013-167x250.jpg 167w, https:\/\/www.ffw-berg.de\/wordpress\/wp-content\/uploads\/2016\/09\/jlm2016-013-80x120.jpg 80w, https:\/\/www.ffw-berg.de\/wordpress\/wp-content\/uploads\/2016\/09\/jlm2016-013-350x525.jpg 350w, https:\/\/www.ffw-berg.de\/wordpress\/wp-content\/uploads\/2016\/09\/jlm2016-013-768x1152.jpg 768w, https:\/\/www.ffw-berg.de\/wordpress\/wp-content\/uploads\/2016\/09\/jlm2016-013-200x300.jpg 200w, https:\/\/www.ffw-berg.de\/wordpress\/wp-content\/uploads\/2016\/09\/jlm2016-013-333x500.jpg 333w, https:\/\/www.ffw-berg.de\/wordpress\/wp-content\/uploads\/2016\/09\/jlm2016-013.jpg 1067w\" sizes=\"auto, (max-width: 167px) 100vw, 167px\" \/><\/a><\/figure><\/div>\n\n\n\n<p>Am 17.09.16 nahm unsere Jugendgruppe mit 2 Gruppen am <strong>29. Kreisjugendfeuerwehrtag mit Jugendleistungsmarsch<\/strong> in Zedtwitz teil.  <span style=\"font-family: arial, helvetica, sans-serif; font-size: 14px;\"><\/span><\/p>\n\n\n\n<p>Aufgrund des starken Dauerregens konnten die Stationen nicht wie \u00fcblich entlang einer Marschstrecke verteilt werden, sondern mussten in mehrere \u00fcberdachte Hallen und R\u00e4umlichkeiten verteilt werden. Nichtsdestotrotz zeigten die Jugendlichen ihren hohen Ausbildungsstand an verschiedenen Stationen, welche die Grundt\u00e4tigkeiten in der Feuerwehrausbildung wiederspiegeln sollen.  <span style=\"font-family: arial, helvetica, sans-serif; font-size: 14px;\"><\/span><\/p>\n\n\n\n<p><strong>Beide Gruppen zeigten eine sehr gute Leistung und so belegten die Marschgruppe Berg 2 den 9. Platz und die Marschgruppe Berg 1 den 11. Platz von insgesamt 38 Gruppen.<\/strong> <span style=\"font-size: 14px;\"><strong><span style=\"font-family: arial, helvetica, sans-serif;\"><\/span><\/strong><\/span><\/p>\n\n\n\n<div style=\"height:30px\" aria-hidden=\"true\" class=\"wp-block-spacer\"><\/div>\n\n\n\n<ul class=\"wp-block-gallery columns-3 is-cropped wp-block-gallery-1 is-layout-flex wp-block-gallery-is-layout-flex\"><li class=\"blocks-gallery-item\"><figure><a href=\"https:\/\/www.ffw-berg.de\/wordpress\/wp-content\/uploads\/2016\/09\/jlm2016-002.jpg\"><img loading=\"lazy\" decoding=\"async\" width=\"1600\" height=\"1067\" src=\"https:\/\/www.ffw-berg.de\/wordpress\/wp-content\/uploads\/2016\/09\/jlm2016-002.jpg\" alt=\"jlm2016-002\" data-id=\"210542\" class=\"wp-image-210542\" srcset=\"https:\/\/www.ffw-berg.de\/wordpress\/wp-content\/uploads\/2016\/09\/jlm2016-002.jpg 1600w, https:\/\/www.ffw-berg.de\/wordpress\/wp-content\/uploads\/2016\/09\/jlm2016-002-120x80.jpg 120w, https:\/\/www.ffw-berg.de\/wordpress\/wp-content\/uploads\/2016\/09\/jlm2016-002-700x467.jpg 700w, https:\/\/www.ffw-berg.de\/wordpress\/wp-content\/uploads\/2016\/09\/jlm2016-002-300x200.jpg 300w, https:\/\/www.ffw-berg.de\/wordpress\/wp-content\/uploads\/2016\/09\/jlm2016-002-768x512.jpg 768w, https:\/\/www.ffw-berg.de\/wordpress\/wp-content\/uploads\/2016\/09\/jlm2016-002-530x353.jpg 530w\" sizes=\"auto, (max-width: 1600px) 100vw, 1600px\" \/><\/a><\/figure><\/li><li class=\"blocks-gallery-item\"><figure><a href=\"https:\/\/www.ffw-berg.de\/wordpress\/wp-content\/uploads\/2016\/09\/jlm2016-006.jpg\"><img loading=\"lazy\" decoding=\"async\" width=\"1600\" height=\"1202\" src=\"https:\/\/www.ffw-berg.de\/wordpress\/wp-content\/uploads\/2016\/09\/jlm2016-006.jpg\" alt=\"jlm2016-006\" data-id=\"210544\" class=\"wp-image-210544\" srcset=\"https:\/\/www.ffw-berg.de\/wordpress\/wp-content\/uploads\/2016\/09\/jlm2016-006.jpg 1600w, https:\/\/www.ffw-berg.de\/wordpress\/wp-content\/uploads\/2016\/09\/jlm2016-006-120x90.jpg 120w, https:\/\/www.ffw-berg.de\/wordpress\/wp-content\/uploads\/2016\/09\/jlm2016-006-700x525.jpg 700w, https:\/\/www.ffw-berg.de\/wordpress\/wp-content\/uploads\/2016\/09\/jlm2016-006-678x509.jpg 678w, https:\/\/www.ffw-berg.de\/wordpress\/wp-content\/uploads\/2016\/09\/jlm2016-006-326x245.jpg 326w, https:\/\/www.ffw-berg.de\/wordpress\/wp-content\/uploads\/2016\/09\/jlm2016-006-80x60.jpg 80w, https:\/\/www.ffw-berg.de\/wordpress\/wp-content\/uploads\/2016\/09\/jlm2016-006-300x225.jpg 300w, https:\/\/www.ffw-berg.de\/wordpress\/wp-content\/uploads\/2016\/09\/jlm2016-006-768x577.jpg 768w, https:\/\/www.ffw-berg.de\/wordpress\/wp-content\/uploads\/2016\/09\/jlm2016-006-530x398.jpg 530w\" sizes=\"auto, (max-width: 1600px) 100vw, 1600px\" \/><\/a><\/figure><\/li><li class=\"blocks-gallery-item\"><figure><a href=\"https:\/\/www.ffw-berg.de\/wordpress\/wp-content\/uploads\/2016\/09\/jlm2016-003.jpg\"><img loading=\"lazy\" decoding=\"async\" width=\"1600\" height=\"902\" src=\"https:\/\/www.ffw-berg.de\/wordpress\/wp-content\/uploads\/2016\/09\/jlm2016-003.jpg\" alt=\"jlm2016-003\" data-id=\"210543\" class=\"wp-image-210543\" srcset=\"https:\/\/www.ffw-berg.de\/wordpress\/wp-content\/uploads\/2016\/09\/jlm2016-003.jpg 1600w, https:\/\/www.ffw-berg.de\/wordpress\/wp-content\/uploads\/2016\/09\/jlm2016-003-120x68.jpg 120w, https:\/\/www.ffw-berg.de\/wordpress\/wp-content\/uploads\/2016\/09\/jlm2016-003-700x395.jpg 700w, https:\/\/www.ffw-berg.de\/wordpress\/wp-content\/uploads\/2016\/09\/jlm2016-003-678x381.jpg 678w, https:\/\/www.ffw-berg.de\/wordpress\/wp-content\/uploads\/2016\/09\/jlm2016-003-300x169.jpg 300w, https:\/\/www.ffw-berg.de\/wordpress\/wp-content\/uploads\/2016\/09\/jlm2016-003-768x433.jpg 768w, https:\/\/www.ffw-berg.de\/wordpress\/wp-content\/uploads\/2016\/09\/jlm2016-003-530x299.jpg 530w\" sizes=\"auto, (max-width: 1600px) 100vw, 1600px\" \/><\/a><\/figure><\/li><\/ul>\n\n\n\n<hr class=\"wp-block-separator is-style-wide\"\/>\n\n\n\n<h4 class=\"wp-block-heading\" style=\"text-align:center\">Alle Bilder vom BJLM in unserem Album bei <span style=\"font-family: arial, helvetica, sans-serif; color: #800000;\"><\/span><\/h4>\n\n\n\n<figure class=\"wp-block-embed is-type-rich is-provider-google-photos\"><div class=\"wp-block-embed__wrapper\">\n<blockquote class=\"embedly-card\" data-card-controls=\"0\" data-card-align=\"center\" data-card-theme=\"light\"><h4><a href=\"https:\/\/goo.gl\/photos\/RSF9JmciHYde8D5Z8\">No Title<\/a><\/h4><p>No Description<\/p><\/blockquote><script async src=\"\/\/cdn.embedly.com\/widgets\/platform.js\" charset=\"UTF-8\"><\/script>\n<\/div><\/figure>\n","protected":false},"excerpt":{"rendered":"<div class=\"mh-excerpt\">Am 17.09.16 nahm unsere Jugendgruppe mit 2 Gruppen am\u00a029. Kreisjugendfeuerwehrtag mit Jugendleistungsmarsch\u00a0in Zedtwitz teil.<br \/>\nBeide Gruppen zeigten eine sehr gute Leistung.<\/div>\n<p> <a class=\"mh-excerpt-more\" href=\"https:\/\/www.ffw-berg.de\/wordpress\/jugendleistungsmarsch-in-zedtwitz-2016\/\" title=\"Jugendleistungsmarsch in Zedtwitz 2016\">[  Mehr &gt;&gt; ]<\/a><\/p>\n","protected":false},"author":2,"featured_media":210544,"comment_status":"closed","ping_status":"open","sticky":false,"template":"","format":"standard","meta":{"footnotes":""},"categories":[28,31],"tags":[],"class_list":{"0":"post-210561","1":"post","2":"type-post","3":"status-publish","4":"format-standard","5":"has-post-thumbnail","7":"category-jf-jlm","8":"category-jf-kjft"},"_links":{"self":[{"href":"https:\/\/www.ffw-berg.de\/wordpress\/wp-json\/wp\/v2\/posts\/210561","targetHints":{"allow":["GET"]}}],"collection":[{"href":"https:\/\/www.ffw-berg.de\/wordpress\/wp-json\/wp\/v2\/posts"}],"about":[{"href":"https:\/\/www.ffw-berg.de\/wordpress\/wp-json\/wp\/v2\/types\/post"}],"author":[{"embeddable":true,"href":"https:\/\/www.ffw-berg.de\/wordpress\/wp-json\/wp\/v2\/users\/2"}],"replies":[{"embeddable":true,"href":"https:\/\/www.ffw-berg.de\/wordpress\/wp-json\/wp\/v2\/comments?post=210561"}],"version-history":[{"count":0,"href":"https:\/\/www.ffw-berg.de\/wordpress\/wp-json\/wp\/v2\/posts\/210561\/revisions"}],"wp:featuredmedia":[{"embeddable":true,"href":"https:\/\/www.ffw-berg.de\/wordpress\/wp-json\/wp\/v2\/media\/210544"}],"wp:attachment":[{"href":"https:\/\/www.ffw-berg.de\/wordpress\/wp-json\/wp\/v2\/media?parent=210561"}],"wp:term":[{"taxonomy":"category","embeddable":true,"href":"https:\/\/www.ffw-berg.de\/wordpress\/wp-json\/wp\/v2\/categories?post=210561"},{"taxonomy":"post_tag","embeddable":true,"href":"https:\/\/www.ffw-berg.de\/wordpress\/wp-json\/wp\/v2\/tags?post=210561"}],"curies":[{"name":"wp","href":"https:\/\/api.w.org\/{rel}","templated":true}]}}