{"id":211092,"date":"2017-05-20T20:00:38","date_gmt":"2017-05-20T18:00:38","guid":{"rendered":"http:\/\/www.ffw-berg.de\/wordpress\/?p=211092"},"modified":"2019-01-15T15:12:23","modified_gmt":"2019-01-15T14:12:23","slug":"modulare-truppausbildung-und-atemschutzlehrgang","status":"publish","type":"post","link":"https:\/\/www.ffw-berg.de\/wordpress\/modulare-truppausbildung-und-atemschutzlehrgang\/","title":{"rendered":"Modulare Truppausbildung und Atemschutzlehrgang"},"content":{"rendered":"\n<p>Gestern durften wir 6 Kameradinnen und Kameraden aus dem Berger Winkel zum bestandenen Basismodul Modulare Truppausbildung gratulieren. Das Basismodul vermittelt den Teilnehmern die <strong>grundlegenden T\u00e4tigkeiten eines Trupps in einer taktischen Einheit bei L\u00f6sch- und Hilfeleistungseins\u00e4tzen<\/strong>. Hiermit m\u00f6chten wir den Kameraden Lukas Berger, Emma Eibisch, Anna Haas, Fabian Korn, Cosima Rubner und Lukas Weitermann nochmals recht herzlich gratulieren! <span style=\"font-family: arial,helvetica,sans-serif; font-size: 14px;\"><\/span><\/p>\n\n\n\n<p>Neben der MTA durften wir uns gestern au\u00dferdem \u00fcber 3 neue Atemschutzger\u00e4tetr\u00e4ger im Berger Winkel freuen.  <span style=\"font-family: arial,helvetica,sans-serif; font-size: 14px;\"><\/span><\/p>\n\n\n\n<p>Unsere Kameraden Dietmar Burger, Michael Kemnitzer und Felix Korn nahmen in den vergangenen drei Wochen erfolgreich am Atemschutzlehrgang in M\u00fcnchberg teil. Ab sofort unterst\u00fctzen sie unsere Wehr als Atemschutzger\u00e4tetr\u00e4ger mit den <strong>Zusatzausbildungen W\u00e4rmeschutzkleidung, W\u00e4rmebildkamera und \u00dcberdruckbel\u00fcftung<\/strong>. Gl\u00fcckwunsch auch hier nochmals an alle zum bestanden Lehrgang. <span style=\"font-family: arial,helvetica,sans-serif; font-size: 14px;\"><\/span><\/p>\n\n\n\n<p>Abschlie\u00dfend bleibt uns nur noch <strong><em>DANKE<\/em><\/strong> an alle Teilnehmer zu sagen, denn nur durch engagierte Feuerwehrdienstleistende kann weiterhin die Einsatzbereitschaft im gesamten Berger Winkel aufrecht erhalten werden. <span style=\"font-family: arial,helvetica,sans-serif; font-size: 14px;\"><\/span><\/p>\n\n\n\n<div class=\"wp-block-image\"><figure class=\"aligncenter\"><a href=\"http:\/\/www.ffw-berg.de\/wordpress\/wp-content\/uploads\/2017\/05\/MTA_2017-1.jpg\"><img loading=\"lazy\" decoding=\"async\" width=\"540\" height=\"525\" src=\"https:\/\/www.ffw-berg.de\/wordpress\/wp-content\/uploads\/2017\/05\/MTA_2017-1-540x525.jpg\" alt=\"MTA_2017-1\" class=\"wp-image-211080\" srcset=\"https:\/\/www.ffw-berg.de\/wordpress\/wp-content\/uploads\/2017\/05\/MTA_2017-1-540x525.jpg 540w, https:\/\/www.ffw-berg.de\/wordpress\/wp-content\/uploads\/2017\/05\/MTA_2017-1-120x117.jpg 120w, https:\/\/www.ffw-berg.de\/wordpress\/wp-content\/uploads\/2017\/05\/MTA_2017-1-257x250.jpg 257w, https:\/\/www.ffw-berg.de\/wordpress\/wp-content\/uploads\/2017\/05\/MTA_2017-1-768x746.jpg 768w, https:\/\/www.ffw-berg.de\/wordpress\/wp-content\/uploads\/2017\/05\/MTA_2017-1.jpg 1600w\" sizes=\"auto, (max-width: 540px) 100vw, 540px\" \/><\/a><figcaption><span style=\"font-family: arial,helvetica,sans-serif; font-size: 12px;\"> Von links: Felix Korn, Cosima Rubner, Lukas Berger, Emma Eibisch, Lukas Weitermann, Anna Haas, Fabian Korn<br \/> (es fehlen Dietmar Burger und Michael Kemnitzer) <\/span><\/figcaption><\/figure><\/div>\n\n\n\n<p><span style=\"font-family: arial,helvetica,sans-serif; font-size: 12px;\">Bericht: Maximillian Schaller<\/span><\/p>\n","protected":false},"excerpt":{"rendered":"<div class=\"mh-excerpt\">Neben der MTA f\u00fcr 6 Kameradinnen und Kameraden, durften wir uns au\u00dferdem \u00fcber 3 neue Atemschutzger\u00e4tetr\u00e4ger im Berger Winkel freuen.<\/div>\n<p> <a class=\"mh-excerpt-more\" href=\"https:\/\/www.ffw-berg.de\/wordpress\/modulare-truppausbildung-und-atemschutzlehrgang\/\" title=\"Modulare Truppausbildung und Atemschutzlehrgang\">[  Mehr &gt;&gt; ]<\/a><\/p>\n","protected":false},"author":2,"featured_media":211080,"comment_status":"closed","ping_status":"open","sticky":false,"template":"","format":"standard","meta":{"footnotes":""},"categories":[6,29],"tags":[172,235,529,649,651,652,661,662,663,776],"class_list":{"0":"post-211092","1":"post","2":"type-post","3":"status-publish","4":"format-standard","5":"has-post-thumbnail","7":"category-jugend","8":"category-jf-activities","9":"tag-waermebildkamera","10":"tag-muenchberg","11":"tag-modulare-truppausbildung","12":"tag-atemschutzlehrgang","13":"tag-waermeschutzbekleidung","14":"tag-ueberdruckbelueftung","15":"tag-taktische-einheit","16":"tag-loescheinsaetze","17":"tag-hilfeleistungseinsaetze","18":"tag-mta2017"},"_links":{"self":[{"href":"https:\/\/www.ffw-berg.de\/wordpress\/wp-json\/wp\/v2\/posts\/211092","targetHints":{"allow":["GET"]}}],"collection":[{"href":"https:\/\/www.ffw-berg.de\/wordpress\/wp-json\/wp\/v2\/posts"}],"about":[{"href":"https:\/\/www.ffw-berg.de\/wordpress\/wp-json\/wp\/v2\/types\/post"}],"author":[{"embeddable":true,"href":"https:\/\/www.ffw-berg.de\/wordpress\/wp-json\/wp\/v2\/users\/2"}],"replies":[{"embeddable":true,"href":"https:\/\/www.ffw-berg.de\/wordpress\/wp-json\/wp\/v2\/comments?post=211092"}],"version-history":[{"count":0,"href":"https:\/\/www.ffw-berg.de\/wordpress\/wp-json\/wp\/v2\/posts\/211092\/revisions"}],"wp:featuredmedia":[{"embeddable":true,"href":"https:\/\/www.ffw-berg.de\/wordpress\/wp-json\/wp\/v2\/media\/211080"}],"wp:attachment":[{"href":"https:\/\/www.ffw-berg.de\/wordpress\/wp-json\/wp\/v2\/media?parent=211092"}],"wp:term":[{"taxonomy":"category","embeddable":true,"href":"https:\/\/www.ffw-berg.de\/wordpress\/wp-json\/wp\/v2\/categories?post=211092"},{"taxonomy":"post_tag","embeddable":true,"href":"https:\/\/www.ffw-berg.de\/wordpress\/wp-json\/wp\/v2\/tags?post=211092"}],"curies":[{"name":"wp","href":"https:\/\/api.w.org\/{rel}","templated":true}]}}