{"id":211394,"date":"2017-07-30T22:00:42","date_gmt":"2017-07-30T20:00:42","guid":{"rendered":"http:\/\/www.ffw-berg.de\/wordpress\/?p=211394"},"modified":"2019-01-15T15:20:22","modified_gmt":"2019-01-15T14:20:22","slug":"31-kreisjugendfeuerwehrtag-2017-mit-zeltlager-in-koeditz","status":"publish","type":"post","link":"https:\/\/www.ffw-berg.de\/wordpress\/31-kreisjugendfeuerwehrtag-2017-mit-zeltlager-in-koeditz\/","title":{"rendered":"31. Kreisjugendfeuerwehrtag 2017 mit Zeltlager in K\u00f6ditz"},"content":{"rendered":"\n<h2 class=\"wp-block-heading\">Aufregendes Wochenende in K\u00f6ditz begeistert unsere Jugendlichen <span style=\"color: #800000; font-family: arial, helvetica, sans-serif; font-size: 16px;\"><\/span><\/h2>\n\n\n\n<p>Am Wochenende des 28.07. \u2013 30.07. fand der 31. Kreisjugendfeuerwehrtag des Landkreises Hof mit Zeltlager in K\u00f6ditz statt.  <span style=\"font-family: arial,helvetica,sans-serif; font-size: 14px;\"><\/span><\/p>\n\n\n\n<p>Auch in diesem Jahr nahm die Jugendgruppe der Freiwilligen Feuerwehr Berg wieder an dem Zeltlager teil. Nach der Anreise am Freitag und dem Aufbau der Unterk\u00fcnfte f\u00fcr das Wochenende, ging es am Abend mit der offiziellen Er\u00f6ffnung durch Landrat Dr. Oliver B\u00e4r, Kreisbrandrat Reiner Hoffmann und Kreisjugendwart Florian Strobel los. <span style=\"font-family: arial,helvetica,sans-serif; font-size: 14px;\"><\/span><\/p>\n\n\n\n<ul class=\"wp-block-gallery columns-3 is-cropped wp-block-gallery-1 is-layout-flex wp-block-gallery-is-layout-flex\"><li class=\"blocks-gallery-item\"><figure><a href=\"https:\/\/www.ffw-berg.de\/wordpress\/wp-content\/uploads\/2017\/08\/kreisjugendzeltlager_2017-001.jpg\"><img loading=\"lazy\" decoding=\"async\" width=\"1600\" height=\"903\" src=\"https:\/\/www.ffw-berg.de\/wordpress\/wp-content\/uploads\/2017\/08\/kreisjugendzeltlager_2017-001.jpg\" alt=\"kreisjugendzeltlager_2017-001\" data-id=\"211399\" class=\"wp-image-211399\" srcset=\"https:\/\/www.ffw-berg.de\/wordpress\/wp-content\/uploads\/2017\/08\/kreisjugendzeltlager_2017-001.jpg 1600w, https:\/\/www.ffw-berg.de\/wordpress\/wp-content\/uploads\/2017\/08\/kreisjugendzeltlager_2017-001-120x68.jpg 120w, https:\/\/www.ffw-berg.de\/wordpress\/wp-content\/uploads\/2017\/08\/kreisjugendzeltlager_2017-001-300x169.jpg 300w, https:\/\/www.ffw-berg.de\/wordpress\/wp-content\/uploads\/2017\/08\/kreisjugendzeltlager_2017-001-768x433.jpg 768w, https:\/\/www.ffw-berg.de\/wordpress\/wp-content\/uploads\/2017\/08\/kreisjugendzeltlager_2017-001-700x395.jpg 700w\" sizes=\"auto, (max-width: 1600px) 100vw, 1600px\" \/><\/a><\/figure><\/li><li class=\"blocks-gallery-item\"><figure><a href=\"https:\/\/www.ffw-berg.de\/wordpress\/wp-content\/uploads\/2017\/08\/kreisjugendzeltlager_2017-002.jpg\"><img loading=\"lazy\" decoding=\"async\" width=\"1600\" height=\"903\" src=\"https:\/\/www.ffw-berg.de\/wordpress\/wp-content\/uploads\/2017\/08\/kreisjugendzeltlager_2017-002.jpg\" alt=\"kreisjugendzeltlager_2017-002\" data-id=\"211400\" class=\"wp-image-211400\" srcset=\"https:\/\/www.ffw-berg.de\/wordpress\/wp-content\/uploads\/2017\/08\/kreisjugendzeltlager_2017-002.jpg 1600w, https:\/\/www.ffw-berg.de\/wordpress\/wp-content\/uploads\/2017\/08\/kreisjugendzeltlager_2017-002-120x68.jpg 120w, https:\/\/www.ffw-berg.de\/wordpress\/wp-content\/uploads\/2017\/08\/kreisjugendzeltlager_2017-002-300x169.jpg 300w, https:\/\/www.ffw-berg.de\/wordpress\/wp-content\/uploads\/2017\/08\/kreisjugendzeltlager_2017-002-768x433.jpg 768w, https:\/\/www.ffw-berg.de\/wordpress\/wp-content\/uploads\/2017\/08\/kreisjugendzeltlager_2017-002-700x395.jpg 700w\" sizes=\"auto, (max-width: 1600px) 100vw, 1600px\" \/><\/a><\/figure><\/li><li class=\"blocks-gallery-item\"><figure><a href=\"https:\/\/www.ffw-berg.de\/wordpress\/wp-content\/uploads\/2017\/08\/kreisjugendzeltlager_2017-003.jpg\"><img loading=\"lazy\" decoding=\"async\" width=\"1600\" height=\"903\" src=\"https:\/\/www.ffw-berg.de\/wordpress\/wp-content\/uploads\/2017\/08\/kreisjugendzeltlager_2017-003.jpg\" alt=\"kreisjugendzeltlager_2017-003\" data-id=\"211401\" class=\"wp-image-211401\" srcset=\"https:\/\/www.ffw-berg.de\/wordpress\/wp-content\/uploads\/2017\/08\/kreisjugendzeltlager_2017-003.jpg 1600w, https:\/\/www.ffw-berg.de\/wordpress\/wp-content\/uploads\/2017\/08\/kreisjugendzeltlager_2017-003-120x68.jpg 120w, https:\/\/www.ffw-berg.de\/wordpress\/wp-content\/uploads\/2017\/08\/kreisjugendzeltlager_2017-003-300x169.jpg 300w, https:\/\/www.ffw-berg.de\/wordpress\/wp-content\/uploads\/2017\/08\/kreisjugendzeltlager_2017-003-768x433.jpg 768w, https:\/\/www.ffw-berg.de\/wordpress\/wp-content\/uploads\/2017\/08\/kreisjugendzeltlager_2017-003-700x395.jpg 700w\" sizes=\"auto, (max-width: 1600px) 100vw, 1600px\" \/><\/a><\/figure><\/li><\/ul>\n\n\n\n<p>Am Samstagmorgen hatten die Jugendlichen nach dem Fr\u00fchst\u00fcck die M\u00f6glichkeit verschiedene Betriebe und Einrichtungen zu besichtigen oder an Vorf\u00fchrungen teilzunehmen. Neben den Besichtigungen der Firma Macher und Westfalengas AG konnte auch die Autobahnbr\u00fccke in Saalenstein besichtigt werden. Au\u00dferdem hatten die Feuerwehranw\u00e4rter die M\u00f6glichkeit an Vorf\u00fchrungen der Tauchergruppe der Feuerwehr Hof, dem THW Naila oder einer THL-\u00dcbung mit der Feuerwehr Feilitzsch teilzunehmen. <span style=\"font-family: arial,helvetica,sans-serif; font-size: 14px;\"><\/span><\/p>\n\n\n\n<ul class=\"wp-block-gallery columns-3 is-cropped wp-block-gallery-2 is-layout-flex wp-block-gallery-is-layout-flex\"><li class=\"blocks-gallery-item\"><figure><a href=\"https:\/\/www.ffw-berg.de\/wordpress\/wp-content\/uploads\/2017\/08\/kreisjugendzeltlager_2017-029.jpg\"><img loading=\"lazy\" decoding=\"async\" width=\"1600\" height=\"901\" src=\"https:\/\/www.ffw-berg.de\/wordpress\/wp-content\/uploads\/2017\/08\/kreisjugendzeltlager_2017-029.jpg\" alt=\"kreisjugendzeltlager_2017-029\" data-id=\"211405\" class=\"wp-image-211405\" srcset=\"https:\/\/www.ffw-berg.de\/wordpress\/wp-content\/uploads\/2017\/08\/kreisjugendzeltlager_2017-029.jpg 1600w, https:\/\/www.ffw-berg.de\/wordpress\/wp-content\/uploads\/2017\/08\/kreisjugendzeltlager_2017-029-120x68.jpg 120w, https:\/\/www.ffw-berg.de\/wordpress\/wp-content\/uploads\/2017\/08\/kreisjugendzeltlager_2017-029-678x381.jpg 678w, https:\/\/www.ffw-berg.de\/wordpress\/wp-content\/uploads\/2017\/08\/kreisjugendzeltlager_2017-029-300x169.jpg 300w, https:\/\/www.ffw-berg.de\/wordpress\/wp-content\/uploads\/2017\/08\/kreisjugendzeltlager_2017-029-768x432.jpg 768w, https:\/\/www.ffw-berg.de\/wordpress\/wp-content\/uploads\/2017\/08\/kreisjugendzeltlager_2017-029-700x394.jpg 700w\" sizes=\"auto, (max-width: 1600px) 100vw, 1600px\" \/><\/a><\/figure><\/li><li class=\"blocks-gallery-item\"><figure><a href=\"https:\/\/www.ffw-berg.de\/wordpress\/wp-content\/uploads\/2017\/08\/kreisjugendzeltlager_2017-017.jpg\"><img loading=\"lazy\" decoding=\"async\" width=\"1600\" height=\"900\" src=\"https:\/\/www.ffw-berg.de\/wordpress\/wp-content\/uploads\/2017\/08\/kreisjugendzeltlager_2017-017.jpg\" alt=\"kreisjugendzeltlager_2017-017\" data-id=\"211403\" class=\"wp-image-211403\" srcset=\"https:\/\/www.ffw-berg.de\/wordpress\/wp-content\/uploads\/2017\/08\/kreisjugendzeltlager_2017-017.jpg 1600w, https:\/\/www.ffw-berg.de\/wordpress\/wp-content\/uploads\/2017\/08\/kreisjugendzeltlager_2017-017-120x68.jpg 120w, https:\/\/www.ffw-berg.de\/wordpress\/wp-content\/uploads\/2017\/08\/kreisjugendzeltlager_2017-017-678x381.jpg 678w, https:\/\/www.ffw-berg.de\/wordpress\/wp-content\/uploads\/2017\/08\/kreisjugendzeltlager_2017-017-300x169.jpg 300w, https:\/\/www.ffw-berg.de\/wordpress\/wp-content\/uploads\/2017\/08\/kreisjugendzeltlager_2017-017-768x432.jpg 768w, https:\/\/www.ffw-berg.de\/wordpress\/wp-content\/uploads\/2017\/08\/kreisjugendzeltlager_2017-017-700x394.jpg 700w\" sizes=\"auto, (max-width: 1600px) 100vw, 1600px\" \/><\/a><\/figure><\/li><li class=\"blocks-gallery-item\"><figure><a href=\"https:\/\/www.ffw-berg.de\/wordpress\/wp-content\/uploads\/2017\/08\/kreisjugendzeltlager_2017-022.jpg\"><img loading=\"lazy\" decoding=\"async\" width=\"1600\" height=\"902\" src=\"https:\/\/www.ffw-berg.de\/wordpress\/wp-content\/uploads\/2017\/08\/kreisjugendzeltlager_2017-022.jpg\" alt=\"kreisjugendzeltlager_2017-022\" data-id=\"211404\" class=\"wp-image-211404\" srcset=\"https:\/\/www.ffw-berg.de\/wordpress\/wp-content\/uploads\/2017\/08\/kreisjugendzeltlager_2017-022.jpg 1600w, https:\/\/www.ffw-berg.de\/wordpress\/wp-content\/uploads\/2017\/08\/kreisjugendzeltlager_2017-022-120x68.jpg 120w, https:\/\/www.ffw-berg.de\/wordpress\/wp-content\/uploads\/2017\/08\/kreisjugendzeltlager_2017-022-678x381.jpg 678w, https:\/\/www.ffw-berg.de\/wordpress\/wp-content\/uploads\/2017\/08\/kreisjugendzeltlager_2017-022-300x169.jpg 300w, https:\/\/www.ffw-berg.de\/wordpress\/wp-content\/uploads\/2017\/08\/kreisjugendzeltlager_2017-022-768x433.jpg 768w, https:\/\/www.ffw-berg.de\/wordpress\/wp-content\/uploads\/2017\/08\/kreisjugendzeltlager_2017-022-700x395.jpg 700w\" sizes=\"auto, (max-width: 1600px) 100vw, 1600px\" \/><\/a><\/figure><\/li><\/ul>\n\n\n\n<p>Am Nachmittag mussten dann die Jugendlichen ihr Wissen bei der Ausbildungs- und Informationswanderung unter Beweis stellen. Hierf\u00fcr wurden die Jugendlichen in Gruppen zu je 4 Jugendlichen aus verschiedenen Feuerwehren aufgeteilt. Auf der 4 Kilometer langen Strecke mussten verschiedene feuerwehrtechnische \u00dcbungen abgelegt werden, wie z.B. das Anlegen eines Mastwurfes an einem Saugkorb oder das Zuordnen von verschiedenen Ausr\u00fcstungsgegenst\u00e4nden. <span style=\"font-family: arial,helvetica,sans-serif; font-size: 14px;\"><\/span><\/p>\n\n\n\n<ul class=\"wp-block-gallery columns-2 is-cropped wp-block-gallery-3 is-layout-flex wp-block-gallery-is-layout-flex\"><li class=\"blocks-gallery-item\"><figure><a href=\"https:\/\/www.ffw-berg.de\/wordpress\/wp-content\/uploads\/2017\/08\/kreisjugendzeltlager_2017-039.jpg\"><img loading=\"lazy\" decoding=\"async\" width=\"1600\" height=\"901\" src=\"https:\/\/www.ffw-berg.de\/wordpress\/wp-content\/uploads\/2017\/08\/kreisjugendzeltlager_2017-039.jpg\" alt=\"kreisjugendzeltlager_2017-039\" data-id=\"211406\" class=\"wp-image-211406\" srcset=\"https:\/\/www.ffw-berg.de\/wordpress\/wp-content\/uploads\/2017\/08\/kreisjugendzeltlager_2017-039.jpg 1600w, https:\/\/www.ffw-berg.de\/wordpress\/wp-content\/uploads\/2017\/08\/kreisjugendzeltlager_2017-039-120x68.jpg 120w, https:\/\/www.ffw-berg.de\/wordpress\/wp-content\/uploads\/2017\/08\/kreisjugendzeltlager_2017-039-678x381.jpg 678w, https:\/\/www.ffw-berg.de\/wordpress\/wp-content\/uploads\/2017\/08\/kreisjugendzeltlager_2017-039-300x169.jpg 300w, https:\/\/www.ffw-berg.de\/wordpress\/wp-content\/uploads\/2017\/08\/kreisjugendzeltlager_2017-039-768x432.jpg 768w, https:\/\/www.ffw-berg.de\/wordpress\/wp-content\/uploads\/2017\/08\/kreisjugendzeltlager_2017-039-700x394.jpg 700w\" sizes=\"auto, (max-width: 1600px) 100vw, 1600px\" \/><\/a><\/figure><\/li><li class=\"blocks-gallery-item\"><figure><a href=\"https:\/\/www.ffw-berg.de\/wordpress\/wp-content\/uploads\/2017\/08\/kreisjugendzeltlager_2017-060.jpg\"><img loading=\"lazy\" decoding=\"async\" width=\"1600\" height=\"903\" src=\"https:\/\/www.ffw-berg.de\/wordpress\/wp-content\/uploads\/2017\/08\/kreisjugendzeltlager_2017-060.jpg\" alt=\"kreisjugendzeltlager_2017-060\" data-id=\"211409\" class=\"wp-image-211409\" srcset=\"https:\/\/www.ffw-berg.de\/wordpress\/wp-content\/uploads\/2017\/08\/kreisjugendzeltlager_2017-060.jpg 1600w, https:\/\/www.ffw-berg.de\/wordpress\/wp-content\/uploads\/2017\/08\/kreisjugendzeltlager_2017-060-120x68.jpg 120w, https:\/\/www.ffw-berg.de\/wordpress\/wp-content\/uploads\/2017\/08\/kreisjugendzeltlager_2017-060-300x169.jpg 300w, https:\/\/www.ffw-berg.de\/wordpress\/wp-content\/uploads\/2017\/08\/kreisjugendzeltlager_2017-060-768x433.jpg 768w, https:\/\/www.ffw-berg.de\/wordpress\/wp-content\/uploads\/2017\/08\/kreisjugendzeltlager_2017-060-700x395.jpg 700w\" sizes=\"auto, (max-width: 1600px) 100vw, 1600px\" \/><\/a><\/figure><\/li><li class=\"blocks-gallery-item\"><figure><a href=\"https:\/\/www.ffw-berg.de\/wordpress\/wp-content\/uploads\/2017\/08\/kreisjugendzeltlager_2017-053.jpg\"><img loading=\"lazy\" decoding=\"async\" width=\"1600\" height=\"899\" src=\"https:\/\/www.ffw-berg.de\/wordpress\/wp-content\/uploads\/2017\/08\/kreisjugendzeltlager_2017-053.jpg\" alt=\"kreisjugendzeltlager_2017-053\" data-id=\"211408\" class=\"wp-image-211408\" srcset=\"https:\/\/www.ffw-berg.de\/wordpress\/wp-content\/uploads\/2017\/08\/kreisjugendzeltlager_2017-053.jpg 1600w, https:\/\/www.ffw-berg.de\/wordpress\/wp-content\/uploads\/2017\/08\/kreisjugendzeltlager_2017-053-120x67.jpg 120w, https:\/\/www.ffw-berg.de\/wordpress\/wp-content\/uploads\/2017\/08\/kreisjugendzeltlager_2017-053-678x381.jpg 678w, https:\/\/www.ffw-berg.de\/wordpress\/wp-content\/uploads\/2017\/08\/kreisjugendzeltlager_2017-053-300x169.jpg 300w, https:\/\/www.ffw-berg.de\/wordpress\/wp-content\/uploads\/2017\/08\/kreisjugendzeltlager_2017-053-768x432.jpg 768w, https:\/\/www.ffw-berg.de\/wordpress\/wp-content\/uploads\/2017\/08\/kreisjugendzeltlager_2017-053-700x393.jpg 700w\" sizes=\"auto, (max-width: 1600px) 100vw, 1600px\" \/><\/a><\/figure><\/li><li class=\"blocks-gallery-item\"><figure><a href=\"https:\/\/www.ffw-berg.de\/wordpress\/wp-content\/uploads\/2017\/08\/kreisjugendzeltlager_2017-045.jpg\"><img loading=\"lazy\" decoding=\"async\" width=\"1600\" height=\"902\" src=\"https:\/\/www.ffw-berg.de\/wordpress\/wp-content\/uploads\/2017\/08\/kreisjugendzeltlager_2017-045.jpg\" alt=\"kreisjugendzeltlager_2017-045\" data-id=\"211407\" class=\"wp-image-211407\" srcset=\"https:\/\/www.ffw-berg.de\/wordpress\/wp-content\/uploads\/2017\/08\/kreisjugendzeltlager_2017-045.jpg 1600w, https:\/\/www.ffw-berg.de\/wordpress\/wp-content\/uploads\/2017\/08\/kreisjugendzeltlager_2017-045-120x68.jpg 120w, https:\/\/www.ffw-berg.de\/wordpress\/wp-content\/uploads\/2017\/08\/kreisjugendzeltlager_2017-045-678x381.jpg 678w, https:\/\/www.ffw-berg.de\/wordpress\/wp-content\/uploads\/2017\/08\/kreisjugendzeltlager_2017-045-300x169.jpg 300w, https:\/\/www.ffw-berg.de\/wordpress\/wp-content\/uploads\/2017\/08\/kreisjugendzeltlager_2017-045-768x433.jpg 768w, https:\/\/www.ffw-berg.de\/wordpress\/wp-content\/uploads\/2017\/08\/kreisjugendzeltlager_2017-045-700x395.jpg 700w\" sizes=\"auto, (max-width: 1600px) 100vw, 1600px\" \/><\/a><\/figure><\/li><\/ul>\n\n\n\n<p>Aber auch verschiedene Gaudi-Stationen waren Teil der Strecke. Anschlie\u00dfend wurde der Tag mit einem gemeinsamen Grillabend, Lagerfeuer und Live-Musik direkt auf dem Zeltplatz ausgeklungen. <span style=\"font-family: arial,helvetica,sans-serif; font-size: 14px;\"><\/span><\/p>\n\n\n\n<ul class=\"wp-block-gallery columns-2 is-cropped wp-block-gallery-4 is-layout-flex wp-block-gallery-is-layout-flex\"><li class=\"blocks-gallery-item\"><figure><a href=\"https:\/\/www.ffw-berg.de\/wordpress\/wp-content\/uploads\/2017\/08\/kreisjugendzeltlager_2017-074.jpg\"><img loading=\"lazy\" decoding=\"async\" width=\"1600\" height=\"900\" src=\"https:\/\/www.ffw-berg.de\/wordpress\/wp-content\/uploads\/2017\/08\/kreisjugendzeltlager_2017-074.jpg\" alt=\"kreisjugendzeltlager_2017-074\" data-id=\"211410\" class=\"wp-image-211410\" srcset=\"https:\/\/www.ffw-berg.de\/wordpress\/wp-content\/uploads\/2017\/08\/kreisjugendzeltlager_2017-074.jpg 1600w, https:\/\/www.ffw-berg.de\/wordpress\/wp-content\/uploads\/2017\/08\/kreisjugendzeltlager_2017-074-120x68.jpg 120w, https:\/\/www.ffw-berg.de\/wordpress\/wp-content\/uploads\/2017\/08\/kreisjugendzeltlager_2017-074-678x381.jpg 678w, https:\/\/www.ffw-berg.de\/wordpress\/wp-content\/uploads\/2017\/08\/kreisjugendzeltlager_2017-074-300x169.jpg 300w, https:\/\/www.ffw-berg.de\/wordpress\/wp-content\/uploads\/2017\/08\/kreisjugendzeltlager_2017-074-768x432.jpg 768w, https:\/\/www.ffw-berg.de\/wordpress\/wp-content\/uploads\/2017\/08\/kreisjugendzeltlager_2017-074-700x394.jpg 700w\" sizes=\"auto, (max-width: 1600px) 100vw, 1600px\" \/><\/a><\/figure><\/li><li class=\"blocks-gallery-item\"><figure><a href=\"https:\/\/www.ffw-berg.de\/wordpress\/wp-content\/uploads\/2017\/08\/kreisjugendzeltlager_2017-091.jpg\"><img loading=\"lazy\" decoding=\"async\" width=\"1600\" height=\"902\" src=\"https:\/\/www.ffw-berg.de\/wordpress\/wp-content\/uploads\/2017\/08\/kreisjugendzeltlager_2017-091.jpg\" alt=\"kreisjugendzeltlager_2017-091\" data-id=\"211411\" class=\"wp-image-211411\" srcset=\"https:\/\/www.ffw-berg.de\/wordpress\/wp-content\/uploads\/2017\/08\/kreisjugendzeltlager_2017-091.jpg 1600w, https:\/\/www.ffw-berg.de\/wordpress\/wp-content\/uploads\/2017\/08\/kreisjugendzeltlager_2017-091-120x68.jpg 120w, https:\/\/www.ffw-berg.de\/wordpress\/wp-content\/uploads\/2017\/08\/kreisjugendzeltlager_2017-091-678x381.jpg 678w, https:\/\/www.ffw-berg.de\/wordpress\/wp-content\/uploads\/2017\/08\/kreisjugendzeltlager_2017-091-300x169.jpg 300w, https:\/\/www.ffw-berg.de\/wordpress\/wp-content\/uploads\/2017\/08\/kreisjugendzeltlager_2017-091-768x433.jpg 768w, https:\/\/www.ffw-berg.de\/wordpress\/wp-content\/uploads\/2017\/08\/kreisjugendzeltlager_2017-091-700x395.jpg 700w\" sizes=\"auto, (max-width: 1600px) 100vw, 1600px\" \/><\/a><\/figure><\/li><li class=\"blocks-gallery-item\"><figure><a href=\"https:\/\/www.ffw-berg.de\/wordpress\/wp-content\/uploads\/2017\/08\/kreisjugendzeltlager_2017-101.jpg\"><img loading=\"lazy\" decoding=\"async\" width=\"1600\" height=\"902\" src=\"https:\/\/www.ffw-berg.de\/wordpress\/wp-content\/uploads\/2017\/08\/kreisjugendzeltlager_2017-101.jpg\" alt=\"kreisjugendzeltlager_2017-101\" data-id=\"211412\" class=\"wp-image-211412\" srcset=\"https:\/\/www.ffw-berg.de\/wordpress\/wp-content\/uploads\/2017\/08\/kreisjugendzeltlager_2017-101.jpg 1600w, https:\/\/www.ffw-berg.de\/wordpress\/wp-content\/uploads\/2017\/08\/kreisjugendzeltlager_2017-101-120x68.jpg 120w, https:\/\/www.ffw-berg.de\/wordpress\/wp-content\/uploads\/2017\/08\/kreisjugendzeltlager_2017-101-678x381.jpg 678w, https:\/\/www.ffw-berg.de\/wordpress\/wp-content\/uploads\/2017\/08\/kreisjugendzeltlager_2017-101-300x169.jpg 300w, https:\/\/www.ffw-berg.de\/wordpress\/wp-content\/uploads\/2017\/08\/kreisjugendzeltlager_2017-101-768x433.jpg 768w, https:\/\/www.ffw-berg.de\/wordpress\/wp-content\/uploads\/2017\/08\/kreisjugendzeltlager_2017-101-700x395.jpg 700w\" sizes=\"auto, (max-width: 1600px) 100vw, 1600px\" \/><\/a><\/figure><\/li><li class=\"blocks-gallery-item\"><figure><a href=\"https:\/\/www.ffw-berg.de\/wordpress\/wp-content\/uploads\/2017\/08\/kreisjugendzeltlager_2017-108.jpg\"><img loading=\"lazy\" decoding=\"async\" width=\"1600\" height=\"904\" src=\"https:\/\/www.ffw-berg.de\/wordpress\/wp-content\/uploads\/2017\/08\/kreisjugendzeltlager_2017-108.jpg\" alt=\"kreisjugendzeltlager_2017-108\" data-id=\"211413\" class=\"wp-image-211413\" srcset=\"https:\/\/www.ffw-berg.de\/wordpress\/wp-content\/uploads\/2017\/08\/kreisjugendzeltlager_2017-108.jpg 1600w, https:\/\/www.ffw-berg.de\/wordpress\/wp-content\/uploads\/2017\/08\/kreisjugendzeltlager_2017-108-120x68.jpg 120w, https:\/\/www.ffw-berg.de\/wordpress\/wp-content\/uploads\/2017\/08\/kreisjugendzeltlager_2017-108-300x170.jpg 300w, https:\/\/www.ffw-berg.de\/wordpress\/wp-content\/uploads\/2017\/08\/kreisjugendzeltlager_2017-108-768x434.jpg 768w, https:\/\/www.ffw-berg.de\/wordpress\/wp-content\/uploads\/2017\/08\/kreisjugendzeltlager_2017-108-700x396.jpg 700w\" sizes=\"auto, (max-width: 1600px) 100vw, 1600px\" \/><\/a><\/figure><\/li><\/ul>\n\n\n\n<p>Der Morgen des letzten Tages begann mit einem \u00f6kumenischen Gottesdienst. Danach fand ein kleiner R\u00fcckblick auf 25 Jahre Jugendfeuerwehr K\u00f6ditz statt. Den Abschluss bildete die Siegerehrung der Ausbildungswanderung vom Vortag. Hierbei ist besonders zu erw\u00e4hnen, dass sich <strong>in den Marschgruppen der ersten drei Platzierungen, jeweils ein Jugendlicher der Feuerwehr Berg befand.<\/strong> <span style=\"font-family: arial,helvetica,sans-serif; font-size: 14px;\"><\/span><\/p>\n\n\n\n<ul class=\"wp-block-gallery columns-1 is-cropped wp-block-gallery-5 is-layout-flex wp-block-gallery-is-layout-flex\"><li class=\"blocks-gallery-item\"><figure><a href=\"https:\/\/www.ffw-berg.de\/wordpress\/wp-content\/uploads\/2017\/08\/kreisjugendzeltlager_2017-114.jpg\"><img loading=\"lazy\" decoding=\"async\" width=\"1600\" height=\"792\" src=\"https:\/\/www.ffw-berg.de\/wordpress\/wp-content\/uploads\/2017\/08\/kreisjugendzeltlager_2017-114.jpg\" alt=\"kreisjugendzeltlager_2017-114\" data-id=\"211414\" class=\"wp-image-211414\" srcset=\"https:\/\/www.ffw-berg.de\/wordpress\/wp-content\/uploads\/2017\/08\/kreisjugendzeltlager_2017-114.jpg 1600w, https:\/\/www.ffw-berg.de\/wordpress\/wp-content\/uploads\/2017\/08\/kreisjugendzeltlager_2017-114-120x59.jpg 120w, https:\/\/www.ffw-berg.de\/wordpress\/wp-content\/uploads\/2017\/08\/kreisjugendzeltlager_2017-114-300x149.jpg 300w, https:\/\/www.ffw-berg.de\/wordpress\/wp-content\/uploads\/2017\/08\/kreisjugendzeltlager_2017-114-768x380.jpg 768w, https:\/\/www.ffw-berg.de\/wordpress\/wp-content\/uploads\/2017\/08\/kreisjugendzeltlager_2017-114-700x347.jpg 700w, https:\/\/www.ffw-berg.de\/wordpress\/wp-content\/uploads\/2017\/08\/kreisjugendzeltlager_2017-114-355x177.jpg 355w\" sizes=\"auto, (max-width: 1600px) 100vw, 1600px\" \/><\/a><\/figure><\/li><li class=\"blocks-gallery-item\"><figure><a href=\"https:\/\/www.ffw-berg.de\/wordpress\/wp-content\/uploads\/2017\/08\/kreisjugendzeltlager_2017-115.jpg\"><img loading=\"lazy\" decoding=\"async\" width=\"1600\" height=\"902\" src=\"https:\/\/www.ffw-berg.de\/wordpress\/wp-content\/uploads\/2017\/08\/kreisjugendzeltlager_2017-115.jpg\" alt=\"kreisjugendzeltlager_2017-115\" data-id=\"211415\" class=\"wp-image-211415\" srcset=\"https:\/\/www.ffw-berg.de\/wordpress\/wp-content\/uploads\/2017\/08\/kreisjugendzeltlager_2017-115.jpg 1600w, https:\/\/www.ffw-berg.de\/wordpress\/wp-content\/uploads\/2017\/08\/kreisjugendzeltlager_2017-115-120x68.jpg 120w, https:\/\/www.ffw-berg.de\/wordpress\/wp-content\/uploads\/2017\/08\/kreisjugendzeltlager_2017-115-678x381.jpg 678w, https:\/\/www.ffw-berg.de\/wordpress\/wp-content\/uploads\/2017\/08\/kreisjugendzeltlager_2017-115-300x169.jpg 300w, https:\/\/www.ffw-berg.de\/wordpress\/wp-content\/uploads\/2017\/08\/kreisjugendzeltlager_2017-115-768x433.jpg 768w, https:\/\/www.ffw-berg.de\/wordpress\/wp-content\/uploads\/2017\/08\/kreisjugendzeltlager_2017-115-700x395.jpg 700w\" sizes=\"auto, (max-width: 1600px) 100vw, 1600px\" \/><\/a><\/figure><\/li><\/ul>\n\n\n\n<p>Nach dem letzten gemeinsamen Mittagessen traten die sichtbar ersch\u00f6pften, aber begeisterten Jugendlichen die Heimreise an. Somit ging f\u00fcr sie ein aufregendes Wochenende, an dem sie viele neue Bekanntschaften gemacht haben, zu Ende. <span style=\"font-family: arial,helvetica,sans-serif; font-size: 14px;\"><\/span><\/p>\n\n\n\n<p><strong>Mehr Bilder gibt es bei <a rel=\"noreferrer noopener\" href=\"http:\/\/www.facebook.com\/FFWBerg\" target=\"_blank\">www.facebook.com\/FFWBerg<\/a><\/strong><span style=\"font-family: arial,helvetica,sans-serif; font-size: 14px;\"><\/span><\/p>\n\n\n\n<p class=\"has-small-font-size\">Bericht: Maximillian Schaller <span style=\"font-family: arial,helvetica,sans-serif; font-size: 12px;\"><\/span><\/p>\n\n\n\n<h4 class=\"wp-block-heading\" style=\"text-align:center\">Alle Bilder in unserem Album bei<span style=\"font-family: arial, helvetica, sans-serif; color: #800000;\"><\/span><\/h4>\n\n\n\n<figure class=\"wp-block-embed is-type-rich is-provider-google-photos\"><div class=\"wp-block-embed__wrapper\">\n<blockquote class=\"embedly-card\" data-card-controls=\"0\" data-card-align=\"center\" data-card-theme=\"light\"><h4><a href=\"https:\/\/goo.gl\/photos\/WaN51kDg5zffjF8U9\">No Title<\/a><\/h4><p>No Description<\/p><\/blockquote><script async src=\"\/\/cdn.embedly.com\/widgets\/platform.js\" charset=\"UTF-8\"><\/script>\n<\/div><\/figure>\n","protected":false},"excerpt":{"rendered":"<div class=\"mh-excerpt\">Aufregendes Wochenende mit Besichtigungen, \u00dcbungen und Veranstaltungen begeisterte unsere Jugendlichen beim 31. Kreisjugendfeuerwehrtag des Landkreises Hof mit Zeltlager in K\u00f6ditz.<\/div>\n<p> <a class=\"mh-excerpt-more\" href=\"https:\/\/www.ffw-berg.de\/wordpress\/31-kreisjugendfeuerwehrtag-2017-mit-zeltlager-in-koeditz\/\" title=\"31. Kreisjugendfeuerwehrtag 2017 mit Zeltlager in K\u00f6ditz\">[  Mehr &gt;&gt; ]<\/a><\/p>\n","protected":false},"author":2,"featured_media":211414,"comment_status":"closed","ping_status":"open","sticky":false,"template":"","format":"standard","meta":{"footnotes":""},"categories":[6,31,29],"tags":[772,101,103,340,341,443,534,597,691,692,693,694,695,696,697],"class_list":{"0":"post-211394","1":"post","2":"type-post","3":"status-publish","4":"format-standard","5":"has-post-thumbnail","7":"category-jugend","8":"category-jf-kjft","9":"category-jf-activities","10":"tag-31kjft","11":"tag-jugendgruppe","12":"tag-uebungen","13":"tag-kreisjugendfeuerwehrtag","14":"tag-zeltlager","15":"tag-kbr","16":"tag-landrat-dr-oliver-baer","17":"tag-ff-koeditz","18":"tag-koeditz","19":"tag-firmenbesichtigungen","20":"tag-ausbildungswanderung","21":"tag-siegerehrung","22":"tag-kreisjugendwart","23":"tag-grillabend","24":"tag-live-musik"},"_links":{"self":[{"href":"https:\/\/www.ffw-berg.de\/wordpress\/wp-json\/wp\/v2\/posts\/211394","targetHints":{"allow":["GET"]}}],"collection":[{"href":"https:\/\/www.ffw-berg.de\/wordpress\/wp-json\/wp\/v2\/posts"}],"about":[{"href":"https:\/\/www.ffw-berg.de\/wordpress\/wp-json\/wp\/v2\/types\/post"}],"author":[{"embeddable":true,"href":"https:\/\/www.ffw-berg.de\/wordpress\/wp-json\/wp\/v2\/users\/2"}],"replies":[{"embeddable":true,"href":"https:\/\/www.ffw-berg.de\/wordpress\/wp-json\/wp\/v2\/comments?post=211394"}],"version-history":[{"count":0,"href":"https:\/\/www.ffw-berg.de\/wordpress\/wp-json\/wp\/v2\/posts\/211394\/revisions"}],"wp:featuredmedia":[{"embeddable":true,"href":"https:\/\/www.ffw-berg.de\/wordpress\/wp-json\/wp\/v2\/media\/211414"}],"wp:attachment":[{"href":"https:\/\/www.ffw-berg.de\/wordpress\/wp-json\/wp\/v2\/media?parent=211394"}],"wp:term":[{"taxonomy":"category","embeddable":true,"href":"https:\/\/www.ffw-berg.de\/wordpress\/wp-json\/wp\/v2\/categories?post=211394"},{"taxonomy":"post_tag","embeddable":true,"href":"https:\/\/www.ffw-berg.de\/wordpress\/wp-json\/wp\/v2\/tags?post=211394"}],"curies":[{"name":"wp","href":"https:\/\/api.w.org\/{rel}","templated":true}]}}