{"id":211418,"date":"2017-07-16T09:00:10","date_gmt":"2017-07-16T07:00:10","guid":{"rendered":"http:\/\/www.ffw-berg.de\/wordpress\/?p=211418"},"modified":"2019-01-15T14:06:59","modified_gmt":"2019-01-15T13:06:59","slug":"berufsfeuerwehrtag-2017","status":"publish","type":"post","link":"https:\/\/www.ffw-berg.de\/wordpress\/berufsfeuerwehrtag-2017\/","title":{"rendered":"Berufsfeuerwehrtag 2017"},"content":{"rendered":"\n<h2 class=\"wp-block-heading\">Einsatzreicher Samstag f\u00fcr Jugendgruppe der Berger Feuerwehr  <span style=\"font-family: arial, helvetica, sans-serif; color: #ff0000;\"><\/span><\/h2>\n\n\n\n<p>Unsere 11 Jugendlichen verbrachten 24 Stunden im Ger\u00e4tehaus wie bei einem realen Einsatzdienst der Berufsfeuerwehr. Es galt verschiedene Ausbildungseinheiten, Sportaktivit\u00e4ten und nat\u00fcrlich auch Eins\u00e4tze zu absolvieren. Einige aktive Kameraden unterst\u00fctzten hierbei um die Jugendlichen fachgerecht ausbilden zu k\u00f6nnen. <span style=\"font-size: 14px; font-family: arial, helvetica, sans-serif;\"><\/span><\/p>\n\n\n\n<div class=\"wp-block-image\"><figure class=\"alignright\"><img loading=\"lazy\" decoding=\"async\" width=\"300\" height=\"170\" src=\"https:\/\/www.ffw-berg.de\/wordpress\/wp-content\/uploads\/2017\/07\/bf_2017-000-300x170.jpg\" alt=\"\" class=\"wp-image-211446\" srcset=\"https:\/\/www.ffw-berg.de\/wordpress\/wp-content\/uploads\/2017\/07\/bf_2017-000-300x170.jpg 300w, https:\/\/www.ffw-berg.de\/wordpress\/wp-content\/uploads\/2017\/07\/bf_2017-000-120x68.jpg 120w, https:\/\/www.ffw-berg.de\/wordpress\/wp-content\/uploads\/2017\/07\/bf_2017-000-678x381.jpg 678w, https:\/\/www.ffw-berg.de\/wordpress\/wp-content\/uploads\/2017\/07\/bf_2017-000-768x434.jpg 768w, https:\/\/www.ffw-berg.de\/wordpress\/wp-content\/uploads\/2017\/07\/bf_2017-000-700x396.jpg 700w, https:\/\/www.ffw-berg.de\/wordpress\/wp-content\/uploads\/2017\/07\/bf_2017-000.jpg 1600w\" sizes=\"auto, (max-width: 300px) 100vw, 300px\" \/><\/figure><\/div>\n\n\n\n<p>Am 15.07. konnte man im Berger Gemeindegebiet immer wieder Martinshorn h\u00f6ren. Die Feuerwehr musste immer wieder zu verschiedenen Eins\u00e4tzen im Gemeindegebiet ausr\u00fccken, gl\u00fccklicherweise handelte es sich hier nur um den Berufsfeuerwehrtag der Jugendgruppe der Freiwilligen Feuerwehr Berg. <span style=\"font-size: 14px; font-family: arial, helvetica, sans-serif;\"><\/span><\/p>\n\n\n\n<div class=\"wp-block-image wp-image-211433 size-full\"><figure class=\"aligncenter\"><img loading=\"lazy\" decoding=\"async\" width=\"1600\" height=\"902\" src=\"http:\/\/www.ffw-berg.de\/wordpress\/wp-content\/uploads\/2017\/08\/bf_2017-001.jpg\" alt=\"bf_2017-001\" class=\"wp-image-211433\" srcset=\"https:\/\/www.ffw-berg.de\/wordpress\/wp-content\/uploads\/2017\/08\/bf_2017-001.jpg 1600w, https:\/\/www.ffw-berg.de\/wordpress\/wp-content\/uploads\/2017\/08\/bf_2017-001-120x68.jpg 120w, https:\/\/www.ffw-berg.de\/wordpress\/wp-content\/uploads\/2017\/08\/bf_2017-001-678x381.jpg 678w, https:\/\/www.ffw-berg.de\/wordpress\/wp-content\/uploads\/2017\/08\/bf_2017-001-300x169.jpg 300w, https:\/\/www.ffw-berg.de\/wordpress\/wp-content\/uploads\/2017\/08\/bf_2017-001-768x433.jpg 768w, https:\/\/www.ffw-berg.de\/wordpress\/wp-content\/uploads\/2017\/08\/bf_2017-001-700x395.jpg 700w\" sizes=\"auto, (max-width: 1600px) 100vw, 1600px\" \/><figcaption><span style=\"font-family: arial, helvetica, sans-serif; font-size: 12px;\">Teilnehmende Jugendliche und Funktionspersonal<\/span><\/figcaption><\/figure><\/div>\n\n\n\n<p>Bis Sonntag um 08:00 Uhr mussten zehn fiktive Eins\u00e4tze von den Feuerwehranw\u00e4rtern bew\u00e4ltigt werden. So musste beispielsweise ein <strong>Kellerbrand im INA Geb\u00e4ude<\/strong> gel\u00f6scht oder eine <strong>abgest\u00fcrzte Person gerettet<\/strong> werden. Am Samstagvormittag fand als erste Ausbildungseinheit ein praktischer <strong>Unterricht zum Thema Erste Hilfe<\/strong> unter der Leitung der EH-Ausbilderin Lisa Peetz statt. Hier wurden die Kenntnisse der Jugendlichen in den Bereichen Wundversorgung und Auffinden bewusstloser Personen wieder aufgefrischt. Zus\u00e4tzlich wurde das <strong>Anlegen eines Stifnecks und das Retten von Verletzten mittels Spineboard<\/strong> trainiert. Das erlernte Wissen mussten die Jugendlichen direkt in den darauffolgenden Eins\u00e4tzen unter Beweis stellen. <span style=\"font-family: arial, helvetica, sans-serif; font-size: 14px;\"><\/span><\/p>\n\n\n\n<ul class=\"wp-block-gallery columns-3 is-cropped wp-block-gallery-1 is-layout-flex wp-block-gallery-is-layout-flex\"><li class=\"blocks-gallery-item\"><figure><a href=\"https:\/\/www.ffw-berg.de\/wordpress\/wp-content\/uploads\/2017\/08\/bf_2017-009.jpg\"><img loading=\"lazy\" decoding=\"async\" width=\"1600\" height=\"898\" src=\"https:\/\/www.ffw-berg.de\/wordpress\/wp-content\/uploads\/2017\/08\/bf_2017-009.jpg\" alt=\"bf_2017-009\" data-id=\"211434\" class=\"wp-image-211434\" srcset=\"https:\/\/www.ffw-berg.de\/wordpress\/wp-content\/uploads\/2017\/08\/bf_2017-009.jpg 1600w, https:\/\/www.ffw-berg.de\/wordpress\/wp-content\/uploads\/2017\/08\/bf_2017-009-120x67.jpg 120w, https:\/\/www.ffw-berg.de\/wordpress\/wp-content\/uploads\/2017\/08\/bf_2017-009-678x381.jpg 678w, https:\/\/www.ffw-berg.de\/wordpress\/wp-content\/uploads\/2017\/08\/bf_2017-009-300x168.jpg 300w, https:\/\/www.ffw-berg.de\/wordpress\/wp-content\/uploads\/2017\/08\/bf_2017-009-768x431.jpg 768w, https:\/\/www.ffw-berg.de\/wordpress\/wp-content\/uploads\/2017\/08\/bf_2017-009-700x393.jpg 700w\" sizes=\"auto, (max-width: 1600px) 100vw, 1600px\" \/><\/a><\/figure><\/li><li class=\"blocks-gallery-item\"><figure><a href=\"https:\/\/www.ffw-berg.de\/wordpress\/wp-content\/uploads\/2017\/08\/bf_2017-013.jpg\"><img loading=\"lazy\" decoding=\"async\" width=\"1600\" height=\"902\" src=\"https:\/\/www.ffw-berg.de\/wordpress\/wp-content\/uploads\/2017\/08\/bf_2017-013.jpg\" alt=\"bf_2017-013\" data-id=\"211435\" class=\"wp-image-211435\" srcset=\"https:\/\/www.ffw-berg.de\/wordpress\/wp-content\/uploads\/2017\/08\/bf_2017-013.jpg 1600w, https:\/\/www.ffw-berg.de\/wordpress\/wp-content\/uploads\/2017\/08\/bf_2017-013-120x68.jpg 120w, https:\/\/www.ffw-berg.de\/wordpress\/wp-content\/uploads\/2017\/08\/bf_2017-013-678x381.jpg 678w, https:\/\/www.ffw-berg.de\/wordpress\/wp-content\/uploads\/2017\/08\/bf_2017-013-300x169.jpg 300w, https:\/\/www.ffw-berg.de\/wordpress\/wp-content\/uploads\/2017\/08\/bf_2017-013-768x433.jpg 768w, https:\/\/www.ffw-berg.de\/wordpress\/wp-content\/uploads\/2017\/08\/bf_2017-013-700x395.jpg 700w\" sizes=\"auto, (max-width: 1600px) 100vw, 1600px\" \/><\/a><\/figure><\/li><li class=\"blocks-gallery-item\"><figure><a href=\"https:\/\/www.ffw-berg.de\/wordpress\/wp-content\/uploads\/2017\/08\/bf_2017-035.jpg\"><img loading=\"lazy\" decoding=\"async\" width=\"1600\" height=\"901\" src=\"https:\/\/www.ffw-berg.de\/wordpress\/wp-content\/uploads\/2017\/08\/bf_2017-035.jpg\" alt=\"bf_2017-035\" data-id=\"211436\" class=\"wp-image-211436\" srcset=\"https:\/\/www.ffw-berg.de\/wordpress\/wp-content\/uploads\/2017\/08\/bf_2017-035.jpg 1600w, https:\/\/www.ffw-berg.de\/wordpress\/wp-content\/uploads\/2017\/08\/bf_2017-035-120x68.jpg 120w, https:\/\/www.ffw-berg.de\/wordpress\/wp-content\/uploads\/2017\/08\/bf_2017-035-678x381.jpg 678w, https:\/\/www.ffw-berg.de\/wordpress\/wp-content\/uploads\/2017\/08\/bf_2017-035-300x169.jpg 300w, https:\/\/www.ffw-berg.de\/wordpress\/wp-content\/uploads\/2017\/08\/bf_2017-035-768x432.jpg 768w, https:\/\/www.ffw-berg.de\/wordpress\/wp-content\/uploads\/2017\/08\/bf_2017-035-700x394.jpg 700w\" sizes=\"auto, (max-width: 1600px) 100vw, 1600px\" \/><\/a><\/figure><\/li><li class=\"blocks-gallery-item\"><figure><a href=\"https:\/\/www.ffw-berg.de\/wordpress\/wp-content\/uploads\/2017\/08\/bf_2017-037.jpg\"><img loading=\"lazy\" decoding=\"async\" width=\"1600\" height=\"901\" src=\"https:\/\/www.ffw-berg.de\/wordpress\/wp-content\/uploads\/2017\/08\/bf_2017-037.jpg\" alt=\"bf_2017-037\" data-id=\"211437\" class=\"wp-image-211437\" srcset=\"https:\/\/www.ffw-berg.de\/wordpress\/wp-content\/uploads\/2017\/08\/bf_2017-037.jpg 1600w, https:\/\/www.ffw-berg.de\/wordpress\/wp-content\/uploads\/2017\/08\/bf_2017-037-120x68.jpg 120w, https:\/\/www.ffw-berg.de\/wordpress\/wp-content\/uploads\/2017\/08\/bf_2017-037-678x381.jpg 678w, https:\/\/www.ffw-berg.de\/wordpress\/wp-content\/uploads\/2017\/08\/bf_2017-037-300x169.jpg 300w, https:\/\/www.ffw-berg.de\/wordpress\/wp-content\/uploads\/2017\/08\/bf_2017-037-768x432.jpg 768w, https:\/\/www.ffw-berg.de\/wordpress\/wp-content\/uploads\/2017\/08\/bf_2017-037-700x394.jpg 700w\" sizes=\"auto, (max-width: 1600px) 100vw, 1600px\" \/><\/a><\/figure><\/li><li class=\"blocks-gallery-item\"><figure><a href=\"https:\/\/www.ffw-berg.de\/wordpress\/wp-content\/uploads\/2017\/08\/bf_2017-054.jpg\"><img loading=\"lazy\" decoding=\"async\" width=\"1600\" height=\"903\" src=\"https:\/\/www.ffw-berg.de\/wordpress\/wp-content\/uploads\/2017\/08\/bf_2017-054.jpg\" alt=\"bf_2017-054\" data-id=\"211440\" class=\"wp-image-211440\" srcset=\"https:\/\/www.ffw-berg.de\/wordpress\/wp-content\/uploads\/2017\/08\/bf_2017-054.jpg 1600w, https:\/\/www.ffw-berg.de\/wordpress\/wp-content\/uploads\/2017\/08\/bf_2017-054-120x68.jpg 120w, https:\/\/www.ffw-berg.de\/wordpress\/wp-content\/uploads\/2017\/08\/bf_2017-054-300x169.jpg 300w, https:\/\/www.ffw-berg.de\/wordpress\/wp-content\/uploads\/2017\/08\/bf_2017-054-768x433.jpg 768w, https:\/\/www.ffw-berg.de\/wordpress\/wp-content\/uploads\/2017\/08\/bf_2017-054-700x395.jpg 700w\" sizes=\"auto, (max-width: 1600px) 100vw, 1600px\" \/><\/a><\/figure><\/li><li class=\"blocks-gallery-item\"><figure><a href=\"https:\/\/www.ffw-berg.de\/wordpress\/wp-content\/uploads\/2017\/08\/bf_2017-083.jpg\"><img loading=\"lazy\" decoding=\"async\" width=\"1600\" height=\"903\" src=\"https:\/\/www.ffw-berg.de\/wordpress\/wp-content\/uploads\/2017\/08\/bf_2017-083.jpg\" alt=\"bf_2017-083\" data-id=\"211438\" class=\"wp-image-211438\" srcset=\"https:\/\/www.ffw-berg.de\/wordpress\/wp-content\/uploads\/2017\/08\/bf_2017-083.jpg 1600w, https:\/\/www.ffw-berg.de\/wordpress\/wp-content\/uploads\/2017\/08\/bf_2017-083-120x68.jpg 120w, https:\/\/www.ffw-berg.de\/wordpress\/wp-content\/uploads\/2017\/08\/bf_2017-083-300x169.jpg 300w, https:\/\/www.ffw-berg.de\/wordpress\/wp-content\/uploads\/2017\/08\/bf_2017-083-768x433.jpg 768w, https:\/\/www.ffw-berg.de\/wordpress\/wp-content\/uploads\/2017\/08\/bf_2017-083-700x395.jpg 700w\" sizes=\"auto, (max-width: 1600px) 100vw, 1600px\" \/><\/a><\/figure><\/li><li class=\"blocks-gallery-item\"><figure><a href=\"https:\/\/www.ffw-berg.de\/wordpress\/wp-content\/uploads\/2017\/08\/bf_2017-082.jpg\"><img loading=\"lazy\" decoding=\"async\" width=\"1600\" height=\"901\" src=\"https:\/\/www.ffw-berg.de\/wordpress\/wp-content\/uploads\/2017\/08\/bf_2017-082.jpg\" alt=\"bf_2017-082\" data-id=\"211445\" class=\"wp-image-211445\" srcset=\"https:\/\/www.ffw-berg.de\/wordpress\/wp-content\/uploads\/2017\/08\/bf_2017-082.jpg 1600w, https:\/\/www.ffw-berg.de\/wordpress\/wp-content\/uploads\/2017\/08\/bf_2017-082-120x68.jpg 120w, https:\/\/www.ffw-berg.de\/wordpress\/wp-content\/uploads\/2017\/08\/bf_2017-082-678x381.jpg 678w, https:\/\/www.ffw-berg.de\/wordpress\/wp-content\/uploads\/2017\/08\/bf_2017-082-300x169.jpg 300w, https:\/\/www.ffw-berg.de\/wordpress\/wp-content\/uploads\/2017\/08\/bf_2017-082-768x432.jpg 768w, https:\/\/www.ffw-berg.de\/wordpress\/wp-content\/uploads\/2017\/08\/bf_2017-082-700x394.jpg 700w\" sizes=\"auto, (max-width: 1600px) 100vw, 1600px\" \/><\/a><\/figure><\/li><li class=\"blocks-gallery-item\"><figure><a href=\"https:\/\/www.ffw-berg.de\/wordpress\/wp-content\/uploads\/2017\/08\/bf_2017-087.jpg\"><img loading=\"lazy\" decoding=\"async\" width=\"1600\" height=\"901\" src=\"https:\/\/www.ffw-berg.de\/wordpress\/wp-content\/uploads\/2017\/08\/bf_2017-087.jpg\" alt=\"bf_2017-087\" data-id=\"211439\" class=\"wp-image-211439\" srcset=\"https:\/\/www.ffw-berg.de\/wordpress\/wp-content\/uploads\/2017\/08\/bf_2017-087.jpg 1600w, https:\/\/www.ffw-berg.de\/wordpress\/wp-content\/uploads\/2017\/08\/bf_2017-087-120x68.jpg 120w, https:\/\/www.ffw-berg.de\/wordpress\/wp-content\/uploads\/2017\/08\/bf_2017-087-678x381.jpg 678w, https:\/\/www.ffw-berg.de\/wordpress\/wp-content\/uploads\/2017\/08\/bf_2017-087-300x169.jpg 300w, https:\/\/www.ffw-berg.de\/wordpress\/wp-content\/uploads\/2017\/08\/bf_2017-087-768x432.jpg 768w, https:\/\/www.ffw-berg.de\/wordpress\/wp-content\/uploads\/2017\/08\/bf_2017-087-700x394.jpg 700w\" sizes=\"auto, (max-width: 1600px) 100vw, 1600px\" \/><\/a><\/figure><\/li><li class=\"blocks-gallery-item\"><figure><a href=\"https:\/\/www.ffw-berg.de\/wordpress\/wp-content\/uploads\/2017\/08\/bf_2017-069.jpg\"><img loading=\"lazy\" decoding=\"async\" width=\"1600\" height=\"902\" src=\"https:\/\/www.ffw-berg.de\/wordpress\/wp-content\/uploads\/2017\/08\/bf_2017-069.jpg\" alt=\"bf_2017-069\" data-id=\"211444\" class=\"wp-image-211444\" srcset=\"https:\/\/www.ffw-berg.de\/wordpress\/wp-content\/uploads\/2017\/08\/bf_2017-069.jpg 1600w, https:\/\/www.ffw-berg.de\/wordpress\/wp-content\/uploads\/2017\/08\/bf_2017-069-120x68.jpg 120w, https:\/\/www.ffw-berg.de\/wordpress\/wp-content\/uploads\/2017\/08\/bf_2017-069-678x381.jpg 678w, https:\/\/www.ffw-berg.de\/wordpress\/wp-content\/uploads\/2017\/08\/bf_2017-069-300x169.jpg 300w, https:\/\/www.ffw-berg.de\/wordpress\/wp-content\/uploads\/2017\/08\/bf_2017-069-768x433.jpg 768w, https:\/\/www.ffw-berg.de\/wordpress\/wp-content\/uploads\/2017\/08\/bf_2017-069-700x395.jpg 700w\" sizes=\"auto, (max-width: 1600px) 100vw, 1600px\" \/><\/a><\/figure><\/li><li class=\"blocks-gallery-item\"><figure><a href=\"https:\/\/www.ffw-berg.de\/wordpress\/wp-content\/uploads\/2017\/08\/bf_2017-072.jpg\"><img loading=\"lazy\" decoding=\"async\" width=\"1600\" height=\"902\" src=\"https:\/\/www.ffw-berg.de\/wordpress\/wp-content\/uploads\/2017\/08\/bf_2017-072.jpg\" alt=\"bf_2017-072\" data-id=\"211441\" class=\"wp-image-211441\" srcset=\"https:\/\/www.ffw-berg.de\/wordpress\/wp-content\/uploads\/2017\/08\/bf_2017-072.jpg 1600w, https:\/\/www.ffw-berg.de\/wordpress\/wp-content\/uploads\/2017\/08\/bf_2017-072-120x68.jpg 120w, https:\/\/www.ffw-berg.de\/wordpress\/wp-content\/uploads\/2017\/08\/bf_2017-072-678x381.jpg 678w, https:\/\/www.ffw-berg.de\/wordpress\/wp-content\/uploads\/2017\/08\/bf_2017-072-300x169.jpg 300w, https:\/\/www.ffw-berg.de\/wordpress\/wp-content\/uploads\/2017\/08\/bf_2017-072-768x433.jpg 768w, https:\/\/www.ffw-berg.de\/wordpress\/wp-content\/uploads\/2017\/08\/bf_2017-072-700x395.jpg 700w\" sizes=\"auto, (max-width: 1600px) 100vw, 1600px\" \/><\/a><\/figure><\/li><li class=\"blocks-gallery-item\"><figure><a href=\"https:\/\/www.ffw-berg.de\/wordpress\/wp-content\/uploads\/2017\/08\/bf_2017-094.jpg\"><img loading=\"lazy\" decoding=\"async\" width=\"1600\" height=\"901\" src=\"https:\/\/www.ffw-berg.de\/wordpress\/wp-content\/uploads\/2017\/08\/bf_2017-094.jpg\" alt=\"bf_2017-094\" data-id=\"211442\" class=\"wp-image-211442\" srcset=\"https:\/\/www.ffw-berg.de\/wordpress\/wp-content\/uploads\/2017\/08\/bf_2017-094.jpg 1600w, https:\/\/www.ffw-berg.de\/wordpress\/wp-content\/uploads\/2017\/08\/bf_2017-094-120x68.jpg 120w, https:\/\/www.ffw-berg.de\/wordpress\/wp-content\/uploads\/2017\/08\/bf_2017-094-678x381.jpg 678w, https:\/\/www.ffw-berg.de\/wordpress\/wp-content\/uploads\/2017\/08\/bf_2017-094-300x169.jpg 300w, https:\/\/www.ffw-berg.de\/wordpress\/wp-content\/uploads\/2017\/08\/bf_2017-094-768x432.jpg 768w, https:\/\/www.ffw-berg.de\/wordpress\/wp-content\/uploads\/2017\/08\/bf_2017-094-700x394.jpg 700w\" sizes=\"auto, (max-width: 1600px) 100vw, 1600px\" \/><\/a><\/figure><\/li><li class=\"blocks-gallery-item\"><figure><a href=\"https:\/\/www.ffw-berg.de\/wordpress\/wp-content\/uploads\/2017\/08\/bf_2017-098.jpg\"><img loading=\"lazy\" decoding=\"async\" width=\"1600\" height=\"903\" src=\"https:\/\/www.ffw-berg.de\/wordpress\/wp-content\/uploads\/2017\/08\/bf_2017-098.jpg\" alt=\"bf_2017-098\" data-id=\"211443\" class=\"wp-image-211443\" srcset=\"https:\/\/www.ffw-berg.de\/wordpress\/wp-content\/uploads\/2017\/08\/bf_2017-098.jpg 1600w, https:\/\/www.ffw-berg.de\/wordpress\/wp-content\/uploads\/2017\/08\/bf_2017-098-120x68.jpg 120w, https:\/\/www.ffw-berg.de\/wordpress\/wp-content\/uploads\/2017\/08\/bf_2017-098-300x169.jpg 300w, https:\/\/www.ffw-berg.de\/wordpress\/wp-content\/uploads\/2017\/08\/bf_2017-098-768x433.jpg 768w, https:\/\/www.ffw-berg.de\/wordpress\/wp-content\/uploads\/2017\/08\/bf_2017-098-700x395.jpg 700w\" sizes=\"auto, (max-width: 1600px) 100vw, 1600px\" \/><\/a><\/figure><\/li><\/ul>\n\n\n\n<p>Doch nicht nur zu Eins\u00e4tzen musste die Mannschaft antreten, sondern auch wie in der Berufsfeuerwehr \u00fcblich, zum <strong>Dienstsport<\/strong>. Nach 24 Stunden getaner Arbeit reinigten die Jugendlichen die Fahrzeuge sowie die gebrauchten Schl\u00e4uche um die Einsatzbereitschaft wieder herzustelllen.  <span style=\"font-size: 14px; font-family: arial, helvetica, sans-serif;\"><\/span><\/p>\n\n\n\n<p>Nach diesem letzten Dienst als \u201cBerufsfeuerwehrmann und -frau\u201c bedankten sich die Jugendwarte ganz herzlich bei allen Mitwirkenden und Helfern die diesen BF-Tag zu einem unvergesslichen Ereignis machten, wobei unsere Jugendlichen neben neugewonnenen Erkenntnissen auch ausreichende Erfahrungen in derer Anwendung sammeln durften. <span style=\"font-size: 14px; font-family: arial, helvetica, sans-serif;\"><\/span><\/p>\n\n\n\n<p>Nat\u00fcrlich kam neben der gesamten Arbeit und Anstrengung an diesem gelungenen Ausbildungstag der Spa\u00df w\u00e4hrend der Freizeit, beim gemeinsamen Grillen oder unserem Abschlussfr\u00fchst\u00fcck nicht zu kurz. <span style=\"font-size: 14px; font-family: arial, helvetica, sans-serif;\"><\/span><\/p>\n\n\n\n<p class=\"has-small-font-size\">Bericht: Maximilian Schaller, Jugendwart&nbsp; <span style=\"font-size: 12px;\"><span style=\"font-family: arial, helvetica, sans-serif;\"><\/span><\/span><\/p>\n\n\n\n<h4 class=\"wp-block-heading\" style=\"text-align:center\">Alle Bilder findet Ihr auch in unserem Album bei <span style=\"color: #800000; font-family: arial, helvetica, sans-serif;\"><\/span><\/h4>\n\n\n\n<figure class=\"wp-block-embed\"><div class=\"wp-block-embed__wrapper\">\n<blockquote class=\"embedly-card\" data-card-controls=\"0\" data-card-align=\"center\" data-card-theme=\"light\"><h4><a href=\"https:\/\/goo.gl\/photos\/MWFkEedYvgXN2Hkd9\">No Title<\/a><\/h4><p>No Description<\/p><\/blockquote><script async src=\"\/\/cdn.embedly.com\/widgets\/platform.js\" charset=\"UTF-8\"><\/script>\n<\/div><\/figure>\n","protected":false},"excerpt":{"rendered":"<div class=\"mh-excerpt\">Am 15.07. konnte man im Berger Gemeindegebiet immer wieder Martinshorn h\u00f6ren. Die Feuerwehr musste immer wieder zu verschiedenen Eins\u00e4tzen im Gemeindegebiet ausr\u00fccken, gl\u00fccklicherweise handelte es sich hier nur um den Berufsfeuerwehrtag der Jugendgruppe der Freiwilligen Feuerwehr Berg.<\/div>\n<p> <a class=\"mh-excerpt-more\" href=\"https:\/\/www.ffw-berg.de\/wordpress\/berufsfeuerwehrtag-2017\/\" title=\"Berufsfeuerwehrtag 2017\">[  Mehr &gt;&gt; ]<\/a><\/p>\n","protected":false},"author":2,"featured_media":211438,"comment_status":"closed","ping_status":"open","sticky":false,"template":"","format":"standard","meta":{"footnotes":""},"categories":[6,30,29],"tags":[773],"class_list":{"0":"post-211418","1":"post","2":"type-post","3":"status-publish","4":"format-standard","5":"has-post-thumbnail","7":"category-jugend","8":"category-jf-24h","9":"category-jf-activities","10":"tag-bft2017"},"_links":{"self":[{"href":"https:\/\/www.ffw-berg.de\/wordpress\/wp-json\/wp\/v2\/posts\/211418","targetHints":{"allow":["GET"]}}],"collection":[{"href":"https:\/\/www.ffw-berg.de\/wordpress\/wp-json\/wp\/v2\/posts"}],"about":[{"href":"https:\/\/www.ffw-berg.de\/wordpress\/wp-json\/wp\/v2\/types\/post"}],"author":[{"embeddable":true,"href":"https:\/\/www.ffw-berg.de\/wordpress\/wp-json\/wp\/v2\/users\/2"}],"replies":[{"embeddable":true,"href":"https:\/\/www.ffw-berg.de\/wordpress\/wp-json\/wp\/v2\/comments?post=211418"}],"version-history":[{"count":0,"href":"https:\/\/www.ffw-berg.de\/wordpress\/wp-json\/wp\/v2\/posts\/211418\/revisions"}],"wp:featuredmedia":[{"embeddable":true,"href":"https:\/\/www.ffw-berg.de\/wordpress\/wp-json\/wp\/v2\/media\/211438"}],"wp:attachment":[{"href":"https:\/\/www.ffw-berg.de\/wordpress\/wp-json\/wp\/v2\/media?parent=211418"}],"wp:term":[{"taxonomy":"category","embeddable":true,"href":"https:\/\/www.ffw-berg.de\/wordpress\/wp-json\/wp\/v2\/categories?post=211418"},{"taxonomy":"post_tag","embeddable":true,"href":"https:\/\/www.ffw-berg.de\/wordpress\/wp-json\/wp\/v2\/tags?post=211418"}],"curies":[{"name":"wp","href":"https:\/\/api.w.org\/{rel}","templated":true}]}}