{"id":211671,"date":"2017-12-22T22:00:28","date_gmt":"2017-12-22T21:00:28","guid":{"rendered":"http:\/\/www.ffw-berg.de\/wordpress\/?page_id=211671"},"modified":"2018-01-25T11:41:13","modified_gmt":"2018-01-25T10:41:13","slug":"hlf20","status":"publish","type":"post","link":"https:\/\/www.ffw-berg.de\/wordpress\/hlf20\/","title":{"rendered":"Hilfeleistungsl\u00f6schgruppenfahrzeug HLF 20"},"content":{"rendered":"<h4><span style=\"font-family: arial, helvetica, sans-serif;\">Hier stellen wir unser Hilfeleistungsl\u00f6schgruppenfahrzeug HLF20 vor.<a href=\"http:\/\/www.ffw-berg.de\/wordpress\/wp-content\/uploads\/2018\/01\/hlf20_19.jpg\"><img loading=\"lazy\" decoding=\"async\" class=\"alignright wp-image-211691 size-medium\" title=\"Zum Vergr\u00f6\u00dfern anklicken\" src=\"http:\/\/www.ffw-berg.de\/wordpress\/wp-content\/uploads\/2018\/01\/hlf20_19-300x169.jpg\" alt=\"hlf20_19\" width=\"300\" height=\"169\" srcset=\"https:\/\/www.ffw-berg.de\/wordpress\/wp-content\/uploads\/2018\/01\/hlf20_19-300x169.jpg 300w, https:\/\/www.ffw-berg.de\/wordpress\/wp-content\/uploads\/2018\/01\/hlf20_19-120x68.jpg 120w, https:\/\/www.ffw-berg.de\/wordpress\/wp-content\/uploads\/2018\/01\/hlf20_19-678x381.jpg 678w, https:\/\/www.ffw-berg.de\/wordpress\/wp-content\/uploads\/2018\/01\/hlf20_19-768x432.jpg 768w, https:\/\/www.ffw-berg.de\/wordpress\/wp-content\/uploads\/2018\/01\/hlf20_19-700x394.jpg 700w, https:\/\/www.ffw-berg.de\/wordpress\/wp-content\/uploads\/2018\/01\/hlf20_19.jpg 1920w\" sizes=\"auto, (max-width: 300px) 100vw, 300px\" \/><\/a><\/span><\/h4>\n<p style=\"text-align: justify;\"><span style=\"font-size: 14px; font-family: arial, helvetica, sans-serif;\">Als Ersatzbeschaffung f\u00fcr ein \u00fcber 28 Jahre altes TLF 16\/25 konnte die Freiwillige Feuerwehr Berg im November ein neues HLF 20 in Dienst stellen. Nach mehrj\u00e4hriger Planungsphase baute die Firma Lentner das Hilfeleistungsl\u00f6schgruppenfahrzeug 20 auf einem Scania P 360 CB 4&#215;4 HZ auf. Wie sein Vorg\u00e4nger r\u00fcckt das Fahrzeug als Ersteinsatzfahrzeug zur Brandbek\u00e4mpfung und Technischen Hilfeleistung aus. Das Einsatzgebiet der Wehr reicht \u00fcber die Grenzen des Berger Winkels hinaus bis hin zur stark befahrenen Bundesautobahn 9, die das Gemeindegebiet durchquert.<\/span><\/p>\n<h4><\/h4>\n<h4><span style=\"color: #800000; font-family: arial, helvetica, sans-serif;\">Technische Daten zu Fahrgestell, Aufbau und Ausr\u00fcstung:<\/span><\/h4>\n<h5><span style=\"font-family: arial, helvetica, sans-serif;\"><strong>Technische Daten Fahrgestell:<\/strong><\/span><\/h5>\n<p><span style=\"font-size: 14px; font-family: arial, helvetica, sans-serif;\"><span style=\"text-decoration: underline;\"><strong>Hersteller:<\/strong><\/span> Scania P 360 CB 4&#215;4 HHA<\/span><\/p>\n<p><span style=\"font-size: 14px; font-family: arial, helvetica, sans-serif;\"><span style=\"text-decoration: underline;\"><strong>Motorleistung:<\/strong><\/span> 265 kW (360 PS) \u00a0bei 1.900 1\/min (6-Zylinder Diesel Euro-5)<\/span><\/p>\n<p><span style=\"font-size: 14px; font-family: arial, helvetica, sans-serif;\"><span style=\"text-decoration: underline;\"><strong>Hubraum:<\/strong> <\/span>12.742 cm\u00b3<\/span><\/p>\n<p><span style=\"font-size: 14px; font-family: arial, helvetica, sans-serif;\"><span style=\"text-decoration: underline;\"><strong>Getriebe:<\/strong> <\/span>12-Gang automatisch gesteuertes Schaltgetriebe<\/span><\/p>\n<p><span style=\"font-size: 14px; font-family: arial, helvetica, sans-serif;\"><span style=\"text-decoration: underline;\"><strong>L\u00e4nge:<\/strong><\/span> 8.600 mm<\/span><\/p>\n<p><span style=\"font-size: 14px; font-family: arial, helvetica, sans-serif;\"><span style=\"text-decoration: underline;\"><strong>Breite:<\/strong><\/span> 2.500 mm<\/span><\/p>\n<p><span style=\"font-size: 14px; font-family: arial, helvetica, sans-serif;\"><span style=\"text-decoration: underline;\"><strong>H\u00f6he:<\/strong> <\/span>3.300 mm<\/span><\/p>\n<p><span style=\"font-size: 14px; font-family: arial, helvetica, sans-serif;\"><span style=\"text-decoration: underline;\"><strong>Radstand:<\/strong><\/span> 4.300 mm<\/span><\/p>\n<p><span style=\"font-size: 14px; font-family: arial, helvetica, sans-serif;\"><span style=\"text-decoration: underline;\"><strong>Zul\u00e4ssiges Gesamtgewicht:<\/strong><\/span> 16.000 kg<\/span><\/p>\n<p><span style=\"font-size: 14px; font-family: arial, helvetica, sans-serif;\"><span style=\"text-decoration: underline;\"><strong>H\u00f6chstgeschwindigkeit:<\/strong><\/span> 100 km\/h<\/span><\/p>\n<h5><img loading=\"lazy\" decoding=\"async\" class=\"aligncenter wp-image-211702 size-large\" src=\"http:\/\/www.ffw-berg.de\/wordpress\/wp-content\/uploads\/2018\/01\/hlf20_uebergabe150-e1515245163411-700x328.jpg\" alt=\"hlf20_uebergabe150\" width=\"700\" height=\"328\" srcset=\"https:\/\/www.ffw-berg.de\/wordpress\/wp-content\/uploads\/2018\/01\/hlf20_uebergabe150-e1515245163411-700x328.jpg 700w, https:\/\/www.ffw-berg.de\/wordpress\/wp-content\/uploads\/2018\/01\/hlf20_uebergabe150-e1515245163411-120x56.jpg 120w, https:\/\/www.ffw-berg.de\/wordpress\/wp-content\/uploads\/2018\/01\/hlf20_uebergabe150-e1515245163411-300x140.jpg 300w, https:\/\/www.ffw-berg.de\/wordpress\/wp-content\/uploads\/2018\/01\/hlf20_uebergabe150-e1515245163411-768x359.jpg 768w, https:\/\/www.ffw-berg.de\/wordpress\/wp-content\/uploads\/2018\/01\/hlf20_uebergabe150-e1515245163411.jpg 1876w\" sizes=\"auto, (max-width: 700px) 100vw, 700px\" \/><\/h5>\n<h5><strong><span style=\"font-family: arial, helvetica, sans-serif;\">Aufbau:<\/span><\/strong><\/h5>\n<p style=\"text-align: justify;\"><span style=\"font-size: 14px; font-family: arial, helvetica, sans-serif;\">Den Aufbau fertigte die Firma Lentner GmbH aus Hohenlinden in Aluminiumbauweise mit integrierten Mannschaftsraum und sieben Ger\u00e4ter\u00e4umen. Im Mannschaftsraum befinden sich insgesamt vier Atemschutzger\u00e4te, somit k\u00f6nnen sich w\u00e4hrend der Fahrt gleichzeitig zwei Trupps mit Atemschutz ausr\u00fcsten. Hinter der vorderen Sitzbank ist ein Lichtmast mit LED-Technik (2 Fern- und 4-Nahstrahler) der Firma Teklite verbaut, die R\u00fcckenlehne des Melderplatzes kann umgeklappt werden und zu einem Tisch umfunktioniert werden. F\u00fcr Amputate befindet sich eine K\u00fchlbox im Mannschaftsraum. Als Sondersignalanlage wurde die Lentner Sondersignal-Dachkonsole mit integriertem Astabweiser verbaut, am Fahrzeugheck befindet sich au\u00dferdem eine Verkehrswarneinrichtung.<\/span><\/p>\n<p style=\"text-align: justify;\"><span style=\"font-size: 14px; font-family: arial, helvetica, sans-serif;\">Im Aufbau befindet sich neben dem 2000 l Wassertank auch ein 120 l fassender Schaummitteltank, welcher mit Class-A Schaummittel gef\u00fcllt ist. Da das L\u00f6schfahrzeug im Vergleich zu seinem Vorg\u00e4nger 500 l weniger Tankvolumen besitzt, entschied man sich f\u00fcr das Druckzumischsystem \u201cArchimDOS\u201c von Lentner, um vor allem Br\u00e4nden auf der BAB 9 schnell und effizient mit dem Einsatz von Schaum oder Netzmittel bek\u00e4mpfen zu k\u00f6nnen.<\/span><\/p>\n<p style=\"text-align: justify;\"><span style=\"font-size: 14px; font-family: arial, helvetica, sans-serif;\">Als Feuerl\u00f6schkreiselpumpe ist eine FPN 10-3000 mit einer Leistung von 3000 l\/min bei 10 bar verbaut. Vom Tankl\u00f6schfahrzeug wurde au\u00dferdem der tragbarer Wasserwerfer mit \u00fcbernehmen, dieser kann direkt auf dem Fahrzeugdach aufgebaut werden und als Dachmonitor verwendet werden. \u00a0Dieser wird mit einer fest verbauten Leitung gespeist, mittels einer Fernbedienung kann die Pumpe auch vom Dach aus gesteuert werden.<\/span><\/p>\n<p style=\"text-align: justify;\"><span style=\"font-size: 14px; font-family: arial, helvetica, sans-serif;\">Bei der Farbgebung des HLF lag das Hauptaugenmerk auf der Sichtbarkeit und Warnwirkung des Fahrzeugs. Deshalb entschied man sich daf\u00fcr das L\u00f6schfahrzeug im auff\u00e4lligen verkehrsrot &#8211; RAL 3020 zu lackieren, die Sto\u00dfstange ist in reinwei\u00df \u2013 RAL 9010 lackiert. Beklebt ist das Fahrzeug im neuen Fahrzeugdesign der Berger Wehr, zus\u00e4tzlich wurde am Fahrzeugheck ein Heckwarnmarkierungssatz angebracht.<\/span><\/p>\n<p><img loading=\"lazy\" decoding=\"async\" class=\"aligncenter wp-image-211687 size-full\" src=\"http:\/\/www.ffw-berg.de\/wordpress\/wp-content\/uploads\/2018\/01\/hlf20_5.jpg\" alt=\"hlf20_5\" width=\"1920\" height=\"1080\" srcset=\"https:\/\/www.ffw-berg.de\/wordpress\/wp-content\/uploads\/2018\/01\/hlf20_5.jpg 1920w, https:\/\/www.ffw-berg.de\/wordpress\/wp-content\/uploads\/2018\/01\/hlf20_5-120x68.jpg 120w, https:\/\/www.ffw-berg.de\/wordpress\/wp-content\/uploads\/2018\/01\/hlf20_5-678x381.jpg 678w, https:\/\/www.ffw-berg.de\/wordpress\/wp-content\/uploads\/2018\/01\/hlf20_5-300x169.jpg 300w, https:\/\/www.ffw-berg.de\/wordpress\/wp-content\/uploads\/2018\/01\/hlf20_5-768x432.jpg 768w, https:\/\/www.ffw-berg.de\/wordpress\/wp-content\/uploads\/2018\/01\/hlf20_5-700x394.jpg 700w\" sizes=\"auto, (max-width: 1920px) 100vw, 1920px\" \/><\/p>\n<p><span style=\"font-size: 14px;\"><strong><span style=\"font-family: arial, helvetica, sans-serif;\">Neben der Normbeladung (DIN 14530-27 Mindestausr\u00fcstung HLF 20) konnte auch Zusatzbeladung auf dem HLF verlastet werden.<\/span> <\/strong><\/span><\/p>\n<h5><strong><span style=\"font-family: arial, helvetica, sans-serif;\">Hier ein kleiner Auszug aus der Beladungsliste:<img loading=\"lazy\" decoding=\"async\" class=\"alignright wp-image-211692 size-large\" src=\"http:\/\/www.ffw-berg.de\/wordpress\/wp-content\/uploads\/2018\/01\/hlf20_20-350x525.jpg\" alt=\"hlf20_20\" width=\"350\" height=\"525\" srcset=\"https:\/\/www.ffw-berg.de\/wordpress\/wp-content\/uploads\/2018\/01\/hlf20_20-350x525.jpg 350w, https:\/\/www.ffw-berg.de\/wordpress\/wp-content\/uploads\/2018\/01\/hlf20_20-80x120.jpg 80w, https:\/\/www.ffw-berg.de\/wordpress\/wp-content\/uploads\/2018\/01\/hlf20_20-167x250.jpg 167w, https:\/\/www.ffw-berg.de\/wordpress\/wp-content\/uploads\/2018\/01\/hlf20_20-768x1152.jpg 768w\" sizes=\"auto, (max-width: 350px) 100vw, 350px\" \/><\/span><\/strong><\/h5>\n<ul>\n<li><span style=\"font-size: 14px; font-family: arial, helvetica, sans-serif;\">Tablet mit Einsatzpl\u00e4nen, Hydrantenpl\u00e4nen, Gefahrgutunterlagen, etc.<\/span><\/li>\n<li><span style=\"font-size: 14px; font-family: arial, helvetica, sans-serif;\">Mehrgaswarnger\u00e4t Ventis MX4 mit Zubeh\u00f6r<\/span><\/li>\n<li><span style=\"font-size: 14px; font-family: arial, helvetica, sans-serif;\">Vetter Hebekissensatz mit Zubeh\u00f6r<\/span><\/li>\n<li><span style=\"font-size: 14px; font-family: arial, helvetica, sans-serif;\">Akkuschrauber Bosch GSR 14<\/span><\/li>\n<li><span style=\"font-size: 14px; font-family: arial, helvetica, sans-serif;\">S\u00e4bels\u00e4ge Bosch GSA 1300<\/span><\/li>\n<li><span style=\"font-size: 14px; font-family: arial, helvetica, sans-serif;\">Mehrzweckzug MZ 16<\/span><\/li>\n<li><span style=\"font-size: 14px; font-family: arial, helvetica, sans-serif;\">Holmatro Rettungssatz<\/span><\/li>\n<li><span style=\"font-size: 14px; font-family: arial, helvetica, sans-serif;\">Stabilisierungssatz Holmatro V-Strut<\/span><\/li>\n<li><span style=\"font-size: 14px; font-family: arial, helvetica, sans-serif;\">Rettungsplattform G\u00fcnzburger Steigtechnik<\/span><\/li>\n<li><span style=\"font-size: 14px; font-family: arial, helvetica, sans-serif;\">Vetter Dichtkissensatz mit Zubeh\u00f6r<\/span><\/li>\n<li><span style=\"font-size: 14px; font-family: arial, helvetica, sans-serif;\">10x Chemikalienschutzanzug leicht<\/span><\/li>\n<li><span style=\"font-size: 14px; font-family: arial, helvetica, sans-serif;\">Umweltschadensatz<\/span><\/li>\n<li><span style=\"font-size: 14px; font-family: arial, helvetica, sans-serif;\">Sprungretter SP16<\/span><\/li>\n<li><span style=\"font-size: 14px; font-family: arial, helvetica, sans-serif;\">Stromerzeuger Rosenbauer RS 14 Super Silent<\/span><\/li>\n<li><span style=\"font-size: 14px; font-family: arial, helvetica, sans-serif;\">Hochleistungsl\u00fcfter Fanergy E16<\/span><\/li>\n<li><span style=\"font-size: 14px; font-family: arial, helvetica, sans-serif;\">Rettungstasche f\u00fcr Sicherheitstrupp<\/span><\/li>\n<li><span style=\"font-size: 14px; font-family: arial, helvetica, sans-serif;\">Ger\u00e4tesatz Absturzsicherung<\/span><\/li>\n<li><span style=\"font-size: 14px; font-family: arial, helvetica, sans-serif;\">5x ATEX Adalit L-3000 mit Ladeger\u00e4t<\/span><\/li>\n<li><span style=\"font-size: 14px; font-family: arial, helvetica, sans-serif;\">Schnellangriffshaspel 30m elektrisch<\/span><\/li>\n<\/ul>\n<p>[one_half]<\/p>\n<h5><strong><span style=\"font-family: arial, helvetica, sans-serif;\">Fahrerkabine:<\/span><\/strong><\/h5>\n<ul>\n<li><span style=\"font-size: 14px; font-family: arial, helvetica, sans-serif;\">Ablage Bott-Box mit Einsatzpl\u00e4nen, Hydrantenpl\u00e4nen, Gefahrgutunterlagen, etc.<\/span><\/li>\n<li><span style=\"font-size: 14px; font-family: arial, helvetica, sans-serif;\">2x Handsprechfunkger\u00e4t Sepura STP9000<\/span><\/li>\n<li><span style=\"font-size: 14px; font-family: arial, helvetica, sans-serif;\">ATEX Adalit L-3000 mit Ladeger\u00e4t<\/span><\/li>\n<li><span style=\"font-size: 14px; font-family: arial, helvetica, sans-serif;\">Tablet mit Einsatzpl\u00e4nen, Hydrantenpl\u00e4nen, Gefahrgutunterlagen, etc.<\/span><\/li>\n<li><span style=\"font-size: 14px; font-family: arial, helvetica, sans-serif;\">Mehrgaswarnger\u00e4t Ventis MX4<\/span><\/li>\n<li><span style=\"font-size: 14px; font-family: arial, helvetica, sans-serif;\">2x Helmhalterung<\/span><\/li>\n<\/ul>\n<p><img loading=\"lazy\" decoding=\"async\" class=\"alignleft wp-image-211623 size-medium\" src=\"http:\/\/www.ffw-berg.de\/wordpress\/wp-content\/uploads\/2018\/01\/hlf20_innenumbau4-300x169.jpg\" alt=\"hlf20_innenumbau4\" width=\"300\" height=\"169\" srcset=\"https:\/\/www.ffw-berg.de\/wordpress\/wp-content\/uploads\/2018\/01\/hlf20_innenumbau4-300x169.jpg 300w, https:\/\/www.ffw-berg.de\/wordpress\/wp-content\/uploads\/2018\/01\/hlf20_innenumbau4-120x68.jpg 120w, https:\/\/www.ffw-berg.de\/wordpress\/wp-content\/uploads\/2018\/01\/hlf20_innenumbau4-678x381.jpg 678w, https:\/\/www.ffw-berg.de\/wordpress\/wp-content\/uploads\/2018\/01\/hlf20_innenumbau4-768x432.jpg 768w, https:\/\/www.ffw-berg.de\/wordpress\/wp-content\/uploads\/2018\/01\/hlf20_innenumbau4-700x394.jpg 700w, https:\/\/www.ffw-berg.de\/wordpress\/wp-content\/uploads\/2018\/01\/hlf20_innenumbau4.jpg 1920w\" sizes=\"auto, (max-width: 300px) 100vw, 300px\" \/><\/p>\n<p>&nbsp;<\/p>\n<p>&nbsp;<\/p>\n<p>&nbsp;<\/p>\n<p>&nbsp;<\/p>\n<p>&nbsp;<\/p>\n<p>[\/one_half]<\/p>\n<p>[one_half_last]<\/p>\n<h5><strong><span style=\"font-family: arial, helvetica, sans-serif;\">Mannschaftsraum:<\/span><\/strong><\/h5>\n<ul>\n<li><span style=\"font-size: 14px; font-family: arial, helvetica, sans-serif;\">4x Atemschutzger\u00e4te PSS7000<\/span><\/li>\n<li><span style=\"font-size: 14px; font-family: arial, helvetica, sans-serif;\">Atemschutz\u00fcberwachung Dr\u00e4ger Regis 300<\/span><\/li>\n<li><span style=\"font-size: 14px; font-family: arial, helvetica, sans-serif;\">Infektionsschutzhandschuhe<\/span><\/li>\n<li><span style=\"font-size: 14px; font-family: arial, helvetica, sans-serif;\">Notfallrucksack<\/span><\/li>\n<li><span style=\"font-size: 14px; font-family: arial, helvetica, sans-serif;\">4x ATEX Adalit L-3000 mit Ladeger\u00e4t<\/span><\/li>\n<li><span style=\"font-size: 14px; font-family: arial, helvetica, sans-serif;\">2x Handlampen<\/span><\/li>\n<li><span style=\"font-size: 14px; font-family: arial, helvetica, sans-serif;\">2x Warndreiecke<\/span><\/li>\n<li><span style=\"font-size: 14px; font-family: arial, helvetica, sans-serif;\">2x Warnleuchten<\/span><\/li>\n<li><span style=\"font-size: 14px; font-family: arial, helvetica, sans-serif;\">2x Anhaltestab<\/span><\/li>\n<li><span style=\"font-size: 14px; font-family: arial, helvetica, sans-serif;\">4x Handsprechfunkger\u00e4t Sepura STP9000<\/span><\/li>\n<li><span style=\"font-size: 14px; font-family: arial, helvetica, sans-serif;\">W\u00e4rmebildkamera Flir K50<\/span><\/li>\n<li><span style=\"font-size: 14px; font-family: arial, helvetica, sans-serif;\">Blitzlampe<\/span><\/li>\n<li><span style=\"font-size: 14px; font-family: arial, helvetica, sans-serif;\">4x Kombinationsfilter<\/span><\/li>\n<li><span style=\"font-size: 14px; font-family: arial, helvetica, sans-serif;\">4x Atemschutzmaske Dr\u00e4ger FPS 7000<\/span><\/li>\n<li><span style=\"font-size: 14px; font-family: arial, helvetica, sans-serif;\">4x Fluchthauben Dr\u00e4ger Parat 2210<\/span><\/li>\n<li><span style=\"font-size: 14px; font-family: arial, helvetica, sans-serif;\">4x Feuerwehrleinen<\/span><\/li>\n<li><span style=\"font-size: 14px; font-family: arial, helvetica, sans-serif;\">K\u00fchlbox<\/span><\/li>\n<li><span style=\"font-size: 14px; font-family: arial, helvetica, sans-serif;\">2x Paar Schutzschuhe<\/span><\/li>\n<li><span style=\"font-size: 14px; font-family: arial, helvetica, sans-serif;\">2x Wathosen<\/span><\/li>\n<li><span style=\"font-size: 14px; font-family: arial, helvetica, sans-serif;\">9x Warnwesten<\/span><\/li>\n<li><span style=\"font-size: 14px; font-family: arial, helvetica, sans-serif;\">Krankenhausdecke<\/span><\/li>\n<li><span style=\"font-size: 14px; font-family: arial, helvetica, sans-serif;\">Tragetuch<\/span><\/li>\n<\/ul>\n<p>[\/one_half_last]<\/p>\n<div id='gallery-1' class='gallery galleryid-211671 gallery-columns-2 gallery-size-large'><figure class='gallery-item'>\n\t\t\t<div class='gallery-icon landscape'>\n\t\t\t\t<a href='https:\/\/www.ffw-berg.de\/wordpress\/wp-content\/uploads\/2018\/01\/hlf20_28.jpg'><img loading=\"lazy\" decoding=\"async\" width=\"700\" height=\"394\" src=\"https:\/\/www.ffw-berg.de\/wordpress\/wp-content\/uploads\/2018\/01\/hlf20_28-700x394.jpg\" class=\"attachment-large size-large\" alt=\"hlf20_28\" srcset=\"https:\/\/www.ffw-berg.de\/wordpress\/wp-content\/uploads\/2018\/01\/hlf20_28-700x394.jpg 700w, https:\/\/www.ffw-berg.de\/wordpress\/wp-content\/uploads\/2018\/01\/hlf20_28-120x68.jpg 120w, https:\/\/www.ffw-berg.de\/wordpress\/wp-content\/uploads\/2018\/01\/hlf20_28-678x381.jpg 678w, https:\/\/www.ffw-berg.de\/wordpress\/wp-content\/uploads\/2018\/01\/hlf20_28-300x169.jpg 300w, https:\/\/www.ffw-berg.de\/wordpress\/wp-content\/uploads\/2018\/01\/hlf20_28-768x432.jpg 768w, https:\/\/www.ffw-berg.de\/wordpress\/wp-content\/uploads\/2018\/01\/hlf20_28.jpg 1920w\" sizes=\"auto, (max-width: 700px) 100vw, 700px\" \/><\/a>\n\t\t\t<\/div><\/figure><figure class='gallery-item'>\n\t\t\t<div class='gallery-icon landscape'>\n\t\t\t\t<a href='https:\/\/www.ffw-berg.de\/wordpress\/wp-content\/uploads\/2018\/01\/hlf20_27.jpg'><img loading=\"lazy\" decoding=\"async\" width=\"700\" height=\"394\" src=\"https:\/\/www.ffw-berg.de\/wordpress\/wp-content\/uploads\/2018\/01\/hlf20_27-700x394.jpg\" class=\"attachment-large size-large\" alt=\"hlf20_27\" srcset=\"https:\/\/www.ffw-berg.de\/wordpress\/wp-content\/uploads\/2018\/01\/hlf20_27-700x394.jpg 700w, https:\/\/www.ffw-berg.de\/wordpress\/wp-content\/uploads\/2018\/01\/hlf20_27-120x68.jpg 120w, https:\/\/www.ffw-berg.de\/wordpress\/wp-content\/uploads\/2018\/01\/hlf20_27-678x381.jpg 678w, https:\/\/www.ffw-berg.de\/wordpress\/wp-content\/uploads\/2018\/01\/hlf20_27-300x169.jpg 300w, https:\/\/www.ffw-berg.de\/wordpress\/wp-content\/uploads\/2018\/01\/hlf20_27-768x432.jpg 768w, https:\/\/www.ffw-berg.de\/wordpress\/wp-content\/uploads\/2018\/01\/hlf20_27.jpg 1920w\" sizes=\"auto, (max-width: 700px) 100vw, 700px\" \/><\/a>\n\t\t\t<\/div><\/figure>\n\t\t<\/div>\n\n<p>[one_half]<\/p>\n<h5><span style=\"font-family: arial, helvetica, sans-serif;\"><strong>Ger\u00e4teraum G1:<\/strong><\/span><\/h5>\n<ul>\n<li><span style=\"font-size: 14px; font-family: arial, helvetica, sans-serif;\">Schutzdeckenset SEP 5<\/span><\/li>\n<li><span style=\"font-size: 14px; font-family: arial, helvetica, sans-serif;\">Bereitstellungsplane Holmatro<\/span><\/li>\n<li><span style=\"font-size: 14px; font-family: arial, helvetica, sans-serif;\">Kraftstoffkanister 20l<\/span><\/li>\n<li><span style=\"font-size: 14px; font-family: arial, helvetica, sans-serif;\">Schwelleraufsatz Holmatro<\/span><\/li>\n<li><span style=\"font-size: 14px; font-family: arial, helvetica, sans-serif;\">4x Unterbauschiebeblock Weber<\/span><\/li>\n<li><span style=\"font-size: 14px; font-family: arial, helvetica, sans-serif;\">Motorkettens\u00e4ge mit Zubeh\u00f6r<\/span><\/li>\n<li><span style=\"font-size: 14px; font-family: arial, helvetica, sans-serif;\">Bordwerkzeug<\/span><\/li>\n<li><span style=\"font-size: 14px; font-family: arial, helvetica, sans-serif;\">Mehrzweckzug MZ 16<\/span><\/li>\n<li><span style=\"font-size: 14px; font-family: arial, helvetica, sans-serif;\">Vetter Hebekissensatz mit Zubeh\u00f6r<\/span><\/li>\n<li><span style=\"font-size: 14px; font-family: arial, helvetica, sans-serif;\">Akkuschrauber Bosch GSR 14<\/span><\/li>\n<li><span style=\"font-size: 14px; font-family: arial, helvetica, sans-serif;\">S\u00e4bels\u00e4ge Bosch GSA 1300<\/span><\/li>\n<li><span style=\"font-size: 14px; font-family: arial, helvetica, sans-serif;\">Schachthaken<\/span><\/li>\n<li><span style=\"font-size: 14px; font-family: arial, helvetica, sans-serif;\">Spalthammer<\/span><\/li>\n<li><span style=\"font-size: 14px; font-family: arial, helvetica, sans-serif;\">Axt<\/span><\/li>\n<li><span style=\"font-size: 14px; font-family: arial, helvetica, sans-serif;\">B\u00fcgels\u00e4ge<\/span><\/li>\n<li><span style=\"font-size: 14px; font-family: arial, helvetica, sans-serif;\">Bolzenschneider<\/span><\/li>\n<li><span style=\"font-size: 14px; font-family: arial, helvetica, sans-serif;\">Splitterschutz<\/span><\/li>\n<li><span style=\"font-size: 14px; font-family: arial, helvetica, sans-serif;\">Pulverl\u00f6scher 6 kg<\/span><\/li>\n<li><span style=\"font-size: 14px; font-family: arial, helvetica, sans-serif;\">Hydraulikaggregat Holmatro DPU 60<\/span><\/li>\n<li><span style=\"font-size: 14px; font-family: arial, helvetica, sans-serif;\">Spreizer Holmatro SP 4260 C<\/span><\/li>\n<li><span style=\"font-size: 14px; font-family: arial, helvetica, sans-serif;\">Schneidger\u00e4t Holmatro CU 4055 C<\/span><\/li>\n<li><span style=\"font-size: 14px; font-family: arial, helvetica, sans-serif;\">Rettungszylinder Holmatro TR 4332 C<\/span><\/li>\n<li><span style=\"font-size: 14px; font-family: arial, helvetica, sans-serif;\">Rettungszylinder Holmatro TR 4350 C<\/span><\/li>\n<li><span style=\"font-size: 14px; font-family: arial, helvetica, sans-serif;\">Stabilisierungssatz Holmatro V-Strut<\/span><\/li>\n<\/ul>\n<p>[\/one_half]<\/p>\n<p>[one_half_last]<\/p>\n<h5><span style=\"font-family: arial, helvetica, sans-serif;\"><strong>Ger\u00e4teraum G2:<\/strong><\/span><\/h5>\n<ul>\n<li><span style=\"font-size: 14px; font-family: arial, helvetica, sans-serif;\">Rettungsplattform G\u00fcnzburger Steigtechnik<\/span><\/li>\n<li><span style=\"font-size: 14px; font-family: arial, helvetica, sans-serif;\">Spineboard mit Zubeh\u00f6r<\/span><\/li>\n<li><span style=\"font-size: 14px; font-family: arial, helvetica, sans-serif;\">Krankentrage N<\/span><\/li>\n<li><span style=\"font-size: 14px; font-family: arial, helvetica, sans-serif;\">Scheinwerfercontainer mit 2x Flutlichtstrahler<\/span><\/li>\n<li><span style=\"font-size: 14px; font-family: arial, helvetica, sans-serif;\">Stativ<\/span><\/li>\n<li><span style=\"font-size: 14px; font-family: arial, helvetica, sans-serif;\">2x Leitungsroller 230V<\/span><\/li>\n<li><span style=\"font-size: 14px; font-family: arial, helvetica, sans-serif;\">Mehrfachabzweigst\u00fcck<\/span><\/li>\n<li><span style=\"font-size: 14px; font-family: arial, helvetica, sans-serif;\">2x Personenschutzschalter<\/span><\/li>\n<li><span style=\"font-size: 14px; font-family: arial, helvetica, sans-serif;\">Stromerzeuger Rosenbauer RS 14 Super Silent<\/span><\/li>\n<li><span style=\"font-size: 14px; font-family: arial, helvetica, sans-serif;\">Hochleistungsl\u00fcfter Rosenbauer Fanergy E16<\/span><\/li>\n<li><span style=\"font-size: 14px; font-family: arial, helvetica, sans-serif;\">Winkelschleifer Bosch GWS 2000<\/span><\/li>\n<li><span style=\"font-size: 14px; font-family: arial, helvetica, sans-serif;\">Tauchpumpe TP 4\/1<\/span><\/li>\n<\/ul>\n<p><a href=\"http:\/\/www.ffw-berg.de\/wordpress\/wp-content\/uploads\/2018\/01\/hlf20_13.jpg\"><img loading=\"lazy\" decoding=\"async\" class=\"alignright wp-image-211688 size-medium\" src=\"http:\/\/www.ffw-berg.de\/wordpress\/wp-content\/uploads\/2018\/01\/hlf20_13-300x169.jpg\" alt=\"hlf20_13\" width=\"300\" height=\"169\" srcset=\"https:\/\/www.ffw-berg.de\/wordpress\/wp-content\/uploads\/2018\/01\/hlf20_13-300x169.jpg 300w, https:\/\/www.ffw-berg.de\/wordpress\/wp-content\/uploads\/2018\/01\/hlf20_13-120x68.jpg 120w, https:\/\/www.ffw-berg.de\/wordpress\/wp-content\/uploads\/2018\/01\/hlf20_13-678x381.jpg 678w, https:\/\/www.ffw-berg.de\/wordpress\/wp-content\/uploads\/2018\/01\/hlf20_13-768x432.jpg 768w, https:\/\/www.ffw-berg.de\/wordpress\/wp-content\/uploads\/2018\/01\/hlf20_13-700x394.jpg 700w, https:\/\/www.ffw-berg.de\/wordpress\/wp-content\/uploads\/2018\/01\/hlf20_13.jpg 1920w\" sizes=\"auto, (max-width: 300px) 100vw, 300px\" \/><\/a><\/p>\n<p>&nbsp;<\/p>\n<p>[\/one_half_last]<\/p>\n<div id='gallery-2' class='gallery galleryid-211671 gallery-columns-2 gallery-size-large'><figure class='gallery-item'>\n\t\t\t<div class='gallery-icon landscape'>\n\t\t\t\t<a href='https:\/\/www.ffw-berg.de\/wordpress\/wp-content\/uploads\/2018\/01\/hlf20_24.jpg'><img loading=\"lazy\" decoding=\"async\" width=\"700\" height=\"394\" src=\"https:\/\/www.ffw-berg.de\/wordpress\/wp-content\/uploads\/2018\/01\/hlf20_24-700x394.jpg\" class=\"attachment-large size-large\" alt=\"hlf20_24\" srcset=\"https:\/\/www.ffw-berg.de\/wordpress\/wp-content\/uploads\/2018\/01\/hlf20_24-700x394.jpg 700w, https:\/\/www.ffw-berg.de\/wordpress\/wp-content\/uploads\/2018\/01\/hlf20_24-120x68.jpg 120w, https:\/\/www.ffw-berg.de\/wordpress\/wp-content\/uploads\/2018\/01\/hlf20_24-678x381.jpg 678w, https:\/\/www.ffw-berg.de\/wordpress\/wp-content\/uploads\/2018\/01\/hlf20_24-300x169.jpg 300w, https:\/\/www.ffw-berg.de\/wordpress\/wp-content\/uploads\/2018\/01\/hlf20_24-768x432.jpg 768w, https:\/\/www.ffw-berg.de\/wordpress\/wp-content\/uploads\/2018\/01\/hlf20_24.jpg 1920w\" sizes=\"auto, (max-width: 700px) 100vw, 700px\" \/><\/a>\n\t\t\t<\/div><\/figure><figure class='gallery-item'>\n\t\t\t<div class='gallery-icon landscape'>\n\t\t\t\t<a href='https:\/\/www.ffw-berg.de\/wordpress\/wp-content\/uploads\/2018\/01\/hlf20_21.jpg'><img loading=\"lazy\" decoding=\"async\" width=\"700\" height=\"394\" src=\"https:\/\/www.ffw-berg.de\/wordpress\/wp-content\/uploads\/2018\/01\/hlf20_21-700x394.jpg\" class=\"attachment-large size-large\" alt=\"hlf20_21\" srcset=\"https:\/\/www.ffw-berg.de\/wordpress\/wp-content\/uploads\/2018\/01\/hlf20_21-700x394.jpg 700w, https:\/\/www.ffw-berg.de\/wordpress\/wp-content\/uploads\/2018\/01\/hlf20_21-120x68.jpg 120w, https:\/\/www.ffw-berg.de\/wordpress\/wp-content\/uploads\/2018\/01\/hlf20_21-678x381.jpg 678w, https:\/\/www.ffw-berg.de\/wordpress\/wp-content\/uploads\/2018\/01\/hlf20_21-300x169.jpg 300w, https:\/\/www.ffw-berg.de\/wordpress\/wp-content\/uploads\/2018\/01\/hlf20_21-768x432.jpg 768w, https:\/\/www.ffw-berg.de\/wordpress\/wp-content\/uploads\/2018\/01\/hlf20_21.jpg 1920w\" sizes=\"auto, (max-width: 700px) 100vw, 700px\" \/><\/a>\n\t\t\t<\/div><\/figure>\n\t\t<\/div>\n\n<p>[one_half]<\/p>\n<h5><span style=\"font-family: arial, helvetica, sans-serif;\"><strong>Ger\u00e4teraum G3:<\/strong><\/span><\/h5>\n<ul>\n<li><span style=\"font-size: 14px; font-family: arial, helvetica, sans-serif;\">Elektrowerkzeugkasten<\/span><\/li>\n<li><span style=\"font-size: 14px; font-family: arial, helvetica, sans-serif;\">Verbrauchsmaterialsatz<\/span><\/li>\n<li><span style=\"font-size: 14px; font-family: arial, helvetica, sans-serif;\">Werkzeugkasten<\/span><\/li>\n<li><span style=\"font-size: 14px; font-family: arial, helvetica, sans-serif;\">Verkehrsunfallkasten D\u00f6nges<\/span><\/li>\n<li><span style=\"font-size: 14px; font-family: arial, helvetica, sans-serif;\">Formh\u00f6lzer<\/span><\/li>\n<li><span style=\"font-size: 14px; font-family: arial, helvetica, sans-serif;\">10x Chemikalienschutzanzug leicht<\/span><\/li>\n<li><span style=\"font-size: 14px; font-family: arial, helvetica, sans-serif;\">4x chemikalienbest\u00e4ndige Handschuhe mit langer Stulpe<\/span><\/li>\n<li><span style=\"font-size: 14px; font-family: arial, helvetica, sans-serif;\">2x Schnittschutzhose<\/span><\/li>\n<li><span style=\"font-size: 14px; font-family: arial, helvetica, sans-serif;\">2x Schnittschutzjacke<\/span><\/li>\n<li><span style=\"font-size: 14px; font-family: arial, helvetica, sans-serif;\">2x Waldarbeiterhelm<\/span><\/li>\n<li><span style=\"font-size: 14px; font-family: arial, helvetica, sans-serif;\">Umweltschadensatz<\/span><\/li>\n<li><span style=\"font-size: 14px; font-family: arial, helvetica, sans-serif;\">Rettungstasche f\u00fcr Sicherheitstrupp<\/span><\/li>\n<li><span style=\"font-size: 14px; font-family: arial, helvetica, sans-serif;\">Feuerwehraxt<\/span><\/li>\n<li><span style=\"font-size: 14px; font-family: arial, helvetica, sans-serif;\">Hooligan-Tool<\/span><\/li>\n<li><span style=\"font-size: 14px; font-family: arial, helvetica, sans-serif;\">Hohlstrahlrohr C<\/span><\/li>\n<li><span style=\"font-size: 14px; font-family: arial, helvetica, sans-serif;\">4x Seilschlauchhalter<\/span><\/li>\n<li><span style=\"font-size: 14px; font-family: arial, helvetica, sans-serif;\">4x Universalschlauchbinde<\/span><\/li>\n<li><span style=\"font-size: 14px; font-family: arial, helvetica, sans-serif;\">6x Bindestrang<\/span><\/li>\n<\/ul>\n<p>[\/one_half]<\/p>\n<p>[one_half_last]<\/p>\n<h5><span style=\"font-family: arial, helvetica, sans-serif;\"><strong>Ger\u00e4teraum G4:<\/strong><\/span><\/h5>\n<ul>\n<li><span style=\"font-size: 14px; font-family: arial, helvetica, sans-serif;\">3x Mulden<\/span><\/li>\n<li><span style=\"font-size: 14px; font-family: arial, helvetica, sans-serif;\">2x Schachtabdeckungen<\/span><\/li>\n<li><span style=\"font-size: 14px; font-family: arial, helvetica, sans-serif;\">Schlauchtragekorb B<\/span><\/li>\n<li><span style=\"font-size: 14px; font-family: arial, helvetica, sans-serif;\">Kombischaumrohr M4\/S4<\/span><\/li>\n<li><span style=\"font-size: 14px; font-family: arial, helvetica, sans-serif;\">K\u00fcbelspritze A10<\/span><\/li>\n<li><span style=\"font-size: 14px; font-family: arial, helvetica, sans-serif;\">Pulverl\u00f6scher 6 kg<\/span><\/li>\n<li><span style=\"font-size: 14px; font-family: arial, helvetica, sans-serif;\">CO2 L\u00f6scher 5 kg<\/span><\/li>\n<li><span style=\"font-size: 14px; font-family: arial, helvetica, sans-serif;\">Sprungretter SP16<\/span><\/li>\n<\/ul>\n<p>[\/one_half_last]<\/p>\n<div id='gallery-3' class='gallery galleryid-211671 gallery-columns-2 gallery-size-large'><figure class='gallery-item'>\n\t\t\t<div class='gallery-icon landscape'>\n\t\t\t\t<a href='https:\/\/www.ffw-berg.de\/wordpress\/wp-content\/uploads\/2018\/01\/hlf20_26.jpg'><img loading=\"lazy\" decoding=\"async\" width=\"700\" height=\"394\" src=\"https:\/\/www.ffw-berg.de\/wordpress\/wp-content\/uploads\/2018\/01\/hlf20_26-700x394.jpg\" class=\"attachment-large size-large\" alt=\"hlf20_26\" srcset=\"https:\/\/www.ffw-berg.de\/wordpress\/wp-content\/uploads\/2018\/01\/hlf20_26-700x394.jpg 700w, https:\/\/www.ffw-berg.de\/wordpress\/wp-content\/uploads\/2018\/01\/hlf20_26-120x68.jpg 120w, https:\/\/www.ffw-berg.de\/wordpress\/wp-content\/uploads\/2018\/01\/hlf20_26-678x381.jpg 678w, https:\/\/www.ffw-berg.de\/wordpress\/wp-content\/uploads\/2018\/01\/hlf20_26-300x169.jpg 300w, https:\/\/www.ffw-berg.de\/wordpress\/wp-content\/uploads\/2018\/01\/hlf20_26-768x432.jpg 768w, https:\/\/www.ffw-berg.de\/wordpress\/wp-content\/uploads\/2018\/01\/hlf20_26.jpg 1920w\" sizes=\"auto, (max-width: 700px) 100vw, 700px\" \/><\/a>\n\t\t\t<\/div><\/figure><figure class='gallery-item'>\n\t\t\t<div class='gallery-icon landscape'>\n\t\t\t\t<a href='https:\/\/www.ffw-berg.de\/wordpress\/wp-content\/uploads\/2018\/01\/hlf20_23.jpg'><img loading=\"lazy\" decoding=\"async\" width=\"700\" height=\"394\" src=\"https:\/\/www.ffw-berg.de\/wordpress\/wp-content\/uploads\/2018\/01\/hlf20_23-700x394.jpg\" class=\"attachment-large size-large\" alt=\"hlf20_23\" srcset=\"https:\/\/www.ffw-berg.de\/wordpress\/wp-content\/uploads\/2018\/01\/hlf20_23-700x394.jpg 700w, https:\/\/www.ffw-berg.de\/wordpress\/wp-content\/uploads\/2018\/01\/hlf20_23-120x68.jpg 120w, https:\/\/www.ffw-berg.de\/wordpress\/wp-content\/uploads\/2018\/01\/hlf20_23-678x381.jpg 678w, https:\/\/www.ffw-berg.de\/wordpress\/wp-content\/uploads\/2018\/01\/hlf20_23-300x169.jpg 300w, https:\/\/www.ffw-berg.de\/wordpress\/wp-content\/uploads\/2018\/01\/hlf20_23-768x432.jpg 768w, https:\/\/www.ffw-berg.de\/wordpress\/wp-content\/uploads\/2018\/01\/hlf20_23.jpg 1920w\" sizes=\"auto, (max-width: 700px) 100vw, 700px\" \/><\/a>\n\t\t\t<\/div><\/figure>\n\t\t<\/div>\n\n<p>[one_half]<\/p>\n<h5><span style=\"font-family: arial, helvetica, sans-serif;\"><strong>Ger\u00e4teraum G5:<\/strong><\/span><\/h5>\n<ul>\n<li><span style=\"font-size: 14px; font-family: arial, helvetica, sans-serif;\">Ansaugschlauch D<\/span><\/li>\n<li><span style=\"font-size: 14px; font-family: arial, helvetica, sans-serif;\">Vetter Dichtkissensatz mit Zubeh\u00f6r<\/span><\/li>\n<li><span style=\"font-size: 14px; font-family: arial, helvetica, sans-serif;\">Rauchverschluss RRS<\/span><\/li>\n<li><span style=\"font-size: 14px; font-family: arial, helvetica, sans-serif;\">Schlauchpaket C 30m mit Holstrahlrohr<\/span><\/li>\n<li><span style=\"font-size: 14px; font-family: arial, helvetica, sans-serif;\">3x Schlauchtragekorb C<\/span><\/li>\n<li><span style=\"font-size: 14px; font-family: arial, helvetica, sans-serif;\">Hohlstrahlrohr C<\/span><\/li>\n<li><span style=\"font-size: 14px; font-family: arial, helvetica, sans-serif;\">Hygieneboard<\/span><\/li>\n<li><span style=\"text-decoration: underline; font-family: arial, helvetica, sans-serif; font-size: 14px;\">Tiefraum:<\/span>\n<ul>\n<li><span style=\"font-size: 14px; font-family: arial, helvetica, sans-serif;\">2x Druckschlauch B<\/span><\/li>\n<li><span style=\"font-size: 14px; font-family: arial, helvetica, sans-serif;\">Verteiler B-CBC<\/span><\/li>\n<\/ul>\n<\/li>\n<\/ul>\n<p>[\/one_half]<\/p>\n<p>[one_half_last]<\/p>\n<h5><span style=\"font-family: arial, helvetica, sans-serif;\"><strong>Ger\u00e4teraum G6:<\/strong><\/span><\/h5>\n<ul>\n<li><span style=\"font-size: 14px; font-family: arial, helvetica, sans-serif;\">Schnellangriffshaspel 30m elektrisch<\/span><\/li>\n<li><span style=\"font-size: 14px; font-family: arial, helvetica, sans-serif;\">2x Hohlstrahlrohr B<\/span><\/li>\n<li><span style=\"font-size: 14px; font-family: arial, helvetica, sans-serif;\">2x Hohlstrahlrohr C<\/span><\/li>\n<li><span style=\"font-size: 14px; font-family: arial, helvetica, sans-serif;\">3x Druckschlauch B<\/span><\/li>\n<li><span style=\"font-size: 14px; font-family: arial, helvetica, sans-serif;\">3x Druckschlauch C<\/span><\/li>\n<li><span style=\"font-size: 14px; font-family: arial, helvetica, sans-serif;\">Mehrzweckstrahlrohr B<\/span><\/li>\n<li><span style=\"font-size: 14px; font-family: arial, helvetica, sans-serif;\">Mehrzweckstrahlrohr C<\/span><\/li>\n<li><span style=\"font-size: 14px; font-family: arial, helvetica, sans-serif;\">2x St\u00fctzkr\u00fcmmer B<\/span><\/li>\n<li><span style=\"font-size: 14px; font-family: arial, helvetica, sans-serif;\">Druckbegrenzungsventil<\/span><\/li>\n<li><span style=\"font-size: 14px; font-family: arial, helvetica, sans-serif;\">\u00dcbergangsst\u00fcck A-B<\/span><\/li>\n<li><span style=\"font-size: 14px; font-family: arial, helvetica, sans-serif;\">2x \u00dcbergangsst\u00fccke B-C<\/span><\/li>\n<li><span style=\"font-size: 14px; font-family: arial, helvetica, sans-serif;\">\u00dcbergangsst\u00fcck C-D<\/span><\/li>\n<li><span style=\"text-decoration: underline; font-size: 14px; font-family: arial, helvetica, sans-serif;\">Tiefraum:<\/span>\n<ul>\n<li><span style=\"font-size: 14px; font-family: arial, helvetica, sans-serif;\">2x Druckschlauch B<\/span><\/li>\n<li><span style=\"font-size: 14px; font-family: arial, helvetica, sans-serif;\">Verteiler B-CBC<\/span><\/li>\n<\/ul>\n<\/li>\n<\/ul>\n<p>[\/one_half_last]<\/p>\n<div id='gallery-4' class='gallery galleryid-211671 gallery-columns-2 gallery-size-large'><figure class='gallery-item'>\n\t\t\t<div class='gallery-icon portrait'>\n\t\t\t\t<a href='https:\/\/www.ffw-berg.de\/wordpress\/wp-content\/uploads\/2018\/01\/hlf20_15.jpg'><img loading=\"lazy\" decoding=\"async\" width=\"350\" height=\"525\" src=\"https:\/\/www.ffw-berg.de\/wordpress\/wp-content\/uploads\/2018\/01\/hlf20_15-350x525.jpg\" class=\"attachment-large size-large\" alt=\"hlf20_15\" srcset=\"https:\/\/www.ffw-berg.de\/wordpress\/wp-content\/uploads\/2018\/01\/hlf20_15-350x525.jpg 350w, https:\/\/www.ffw-berg.de\/wordpress\/wp-content\/uploads\/2018\/01\/hlf20_15-80x120.jpg 80w, https:\/\/www.ffw-berg.de\/wordpress\/wp-content\/uploads\/2018\/01\/hlf20_15-167x250.jpg 167w, https:\/\/www.ffw-berg.de\/wordpress\/wp-content\/uploads\/2018\/01\/hlf20_15-768x1152.jpg 768w\" sizes=\"auto, (max-width: 350px) 100vw, 350px\" \/><\/a>\n\t\t\t<\/div><\/figure><figure class='gallery-item'>\n\t\t\t<div class='gallery-icon landscape'>\n\t\t\t\t<a href='https:\/\/www.ffw-berg.de\/wordpress\/wp-content\/uploads\/2018\/01\/hlf20_uebergabe149.jpg'><img loading=\"lazy\" decoding=\"async\" width=\"700\" height=\"394\" src=\"https:\/\/www.ffw-berg.de\/wordpress\/wp-content\/uploads\/2018\/01\/hlf20_uebergabe149-700x394.jpg\" class=\"attachment-large size-large\" alt=\"hlf20_uebergabe149\" srcset=\"https:\/\/www.ffw-berg.de\/wordpress\/wp-content\/uploads\/2018\/01\/hlf20_uebergabe149-700x394.jpg 700w, https:\/\/www.ffw-berg.de\/wordpress\/wp-content\/uploads\/2018\/01\/hlf20_uebergabe149-120x68.jpg 120w, https:\/\/www.ffw-berg.de\/wordpress\/wp-content\/uploads\/2018\/01\/hlf20_uebergabe149-678x381.jpg 678w, https:\/\/www.ffw-berg.de\/wordpress\/wp-content\/uploads\/2018\/01\/hlf20_uebergabe149-300x169.jpg 300w, https:\/\/www.ffw-berg.de\/wordpress\/wp-content\/uploads\/2018\/01\/hlf20_uebergabe149-768x432.jpg 768w, https:\/\/www.ffw-berg.de\/wordpress\/wp-content\/uploads\/2018\/01\/hlf20_uebergabe149.jpg 1920w\" sizes=\"auto, (max-width: 700px) 100vw, 700px\" \/><\/a>\n\t\t\t<\/div><\/figure>\n\t\t<\/div>\n\n<p>[one_half]<\/p>\n<h5><span style=\"font-family: arial, helvetica, sans-serif;\"><strong>Ger\u00e4teraum GR:<\/strong><\/span><\/h5>\n<ul>\n<li><span style=\"font-size: 14px; font-family: arial, helvetica, sans-serif;\">2x Sto\u00dfbesen<\/span><\/li>\n<li><span style=\"font-size: 14px; font-family: arial, helvetica, sans-serif;\">Druckschlauch B5<\/span><\/li>\n<li><span style=\"font-size: 14px; font-family: arial, helvetica, sans-serif;\">Saugkorb<\/span><\/li>\n<li><span style=\"font-size: 14px; font-family: arial, helvetica, sans-serif;\">Saugschutzkorb<\/span><\/li>\n<li><span style=\"font-size: 14px; font-family: arial, helvetica, sans-serif;\">Sammelst\u00fcck A-BB<\/span><\/li>\n<li><span style=\"font-size: 14px; font-family: arial, helvetica, sans-serif;\">2x Mehrzweckleine<\/span><\/li>\n<li><span style=\"font-size: 14px; font-family: arial, helvetica, sans-serif;\">3x Kupplungsschl\u00fcssel<\/span><\/li>\n<\/ul>\n<h5><span style=\"font-family: arial, helvetica, sans-serif;\"><strong>Fahrzeugheck:<\/strong><\/span><\/h5>\n<ul>\n<li><span style=\"font-size: 14px; font-family: arial, helvetica, sans-serif;\">Abgasschlauch Fahrzeug<\/span><\/li>\n<\/ul>\n<h5><span style=\"font-family: arial, helvetica, sans-serif;\"><strong>Verkehrshaspel:<\/strong><\/span><\/h5>\n<ul>\n<li><span style=\"font-size: 14px; font-family: arial, helvetica, sans-serif;\">10x Verkehrsleitkegel<\/span><\/li>\n<li><span style=\"font-size: 14px; font-family: arial, helvetica, sans-serif;\">3x Blitzlampen<\/span><\/li>\n<\/ul>\n<h5><span style=\"font-family: arial, helvetica, sans-serif;\"><strong>Schlauchhaspel:<\/strong><\/span><\/h5>\n<ul>\n<li><span style=\"font-size: 14px; font-family: arial, helvetica, sans-serif;\">5x Druckschlauch B<\/span><\/li>\n<li><span style=\"font-size: 14px; font-family: arial, helvetica, sans-serif;\">Standrohr 2B<\/span><\/li>\n<li><span style=\"font-size: 14px; font-family: arial, helvetica, sans-serif;\">\u00dcberflurhydrantenschl\u00fcssel<\/span><\/li>\n<li><span style=\"font-size: 14px; font-family: arial, helvetica, sans-serif;\">Unterflurhydrantenschl\u00fcssel<\/span><\/li>\n<\/ul>\n<p>[\/one_half]<\/p>\n<p>[one_half_last]<\/p>\n<h5><span style=\"font-family: arial, helvetica, sans-serif;\"><strong>Fahrzeugdach:<\/strong><\/span><\/h5>\n<ul>\n<li><span style=\"font-size: 14px; font-family: arial, helvetica, sans-serif;\">4-teilige Steckleiter mit Einsteckteil<\/span><\/li>\n<li><span style=\"font-size: 14px; font-family: arial, helvetica, sans-serif;\">3-teilige Schiebleiter<\/span><\/li>\n<li><span style=\"font-size: 14px; font-family: arial, helvetica, sans-serif;\">Steckleiterverbindungsteil<\/span><\/li>\n<li><span style=\"font-size: 14px; font-family: arial, helvetica, sans-serif;\">4x Saugschl\u00e4uche<\/span><\/li>\n<li><span style=\"font-size: 14px; font-family: arial, helvetica, sans-serif;\">Fernbedienung Fahrzeugpumpe<\/span><\/li>\n<li><span style=\"font-size: 14px; font-family: arial, helvetica, sans-serif;\">Wasserwerfer mit Fu\u00df<\/span><\/li>\n<li><span style=\"font-size: 14px; font-family: arial, helvetica, sans-serif;\">Verbindungsschlauch<\/span><\/li>\n<li><span style=\"font-size: 14px; font-family: arial, helvetica, sans-serif;\">2x Hitzeschutzkleidung<\/span><\/li>\n<li><span style=\"font-size: 14px; font-family: arial, helvetica, sans-serif;\">Einrei\u00dfhaken<\/span><\/li>\n<li><span style=\"font-size: 14px; font-family: arial, helvetica, sans-serif;\">Spaten<\/span><\/li>\n<li><span style=\"font-size: 14px; font-family: arial, helvetica, sans-serif;\">2x Dunghacke<\/span><\/li>\n<li><span style=\"font-size: 14px; font-family: arial, helvetica, sans-serif;\">2x Dunggabel<\/span><\/li>\n<li><span style=\"font-size: 14px; font-family: arial, helvetica, sans-serif;\">Stechschaufel<\/span><\/li>\n<li><span style=\"font-size: 14px; font-family: arial, helvetica, sans-serif;\">Sandschaufel<\/span><\/li>\n<li><span style=\"font-size: 14px; font-family: arial, helvetica, sans-serif;\">2x Feuerpatschen<\/span><\/li>\n<li><span style=\"font-size: 14px; font-family: arial, helvetica, sans-serif;\">3x Schlauchbr\u00fccken<\/span><\/li>\n<li><span style=\"font-size: 14px; font-family: arial, helvetica, sans-serif;\">Unterlegkeile<\/span><\/li>\n<\/ul>\n<p><span style=\"font-family: arial, helvetica, sans-serif; font-size: 14px;\">[\/one_half_last]<\/span><\/p>\n<div id='gallery-5' class='gallery galleryid-211671 gallery-columns-2 gallery-size-large'><figure class='gallery-item'>\n\t\t\t<div class='gallery-icon portrait'>\n\t\t\t\t<a href='https:\/\/www.ffw-berg.de\/wordpress\/wp-content\/uploads\/2018\/01\/hlf20_25.jpg'><img loading=\"lazy\" decoding=\"async\" width=\"448\" height=\"525\" src=\"https:\/\/www.ffw-berg.de\/wordpress\/wp-content\/uploads\/2018\/01\/hlf20_25-448x525.jpg\" class=\"attachment-large size-large\" alt=\"hlf20_25\" srcset=\"https:\/\/www.ffw-berg.de\/wordpress\/wp-content\/uploads\/2018\/01\/hlf20_25-448x525.jpg 448w, https:\/\/www.ffw-berg.de\/wordpress\/wp-content\/uploads\/2018\/01\/hlf20_25-102x120.jpg 102w, https:\/\/www.ffw-berg.de\/wordpress\/wp-content\/uploads\/2018\/01\/hlf20_25-213x250.jpg 213w, https:\/\/www.ffw-berg.de\/wordpress\/wp-content\/uploads\/2018\/01\/hlf20_25-768x900.jpg 768w\" sizes=\"auto, (max-width: 448px) 100vw, 448px\" \/><\/a>\n\t\t\t<\/div><\/figure><figure class='gallery-item'>\n\t\t\t<div class='gallery-icon landscape'>\n\t\t\t\t<a href='https:\/\/www.ffw-berg.de\/wordpress\/wp-content\/uploads\/2018\/01\/hlf20_14.jpg'><img loading=\"lazy\" decoding=\"async\" width=\"700\" height=\"394\" src=\"https:\/\/www.ffw-berg.de\/wordpress\/wp-content\/uploads\/2018\/01\/hlf20_14-700x394.jpg\" class=\"attachment-large size-large\" alt=\"hlf20_14\" srcset=\"https:\/\/www.ffw-berg.de\/wordpress\/wp-content\/uploads\/2018\/01\/hlf20_14-700x394.jpg 700w, https:\/\/www.ffw-berg.de\/wordpress\/wp-content\/uploads\/2018\/01\/hlf20_14-120x68.jpg 120w, https:\/\/www.ffw-berg.de\/wordpress\/wp-content\/uploads\/2018\/01\/hlf20_14-678x381.jpg 678w, https:\/\/www.ffw-berg.de\/wordpress\/wp-content\/uploads\/2018\/01\/hlf20_14-300x169.jpg 300w, https:\/\/www.ffw-berg.de\/wordpress\/wp-content\/uploads\/2018\/01\/hlf20_14-768x432.jpg 768w, https:\/\/www.ffw-berg.de\/wordpress\/wp-content\/uploads\/2018\/01\/hlf20_14.jpg 1920w\" sizes=\"auto, (max-width: 700px) 100vw, 700px\" \/><\/a>\n\t\t\t<\/div><\/figure>\n\t\t<\/div>\n\n<h4><span style=\"font-family: arial, helvetica, sans-serif; color: #800000;\">Weitere Bilder von unserem HLF 20 hier:<\/span><\/h4>\n<blockquote class=\"embedly-card\" data-card-controls=\"0\" data-card-align=\"center\" data-card-theme=\"light\">\n<h4><a href=\"https:\/\/photos.app.goo.gl\/LkKjjxa5st2mQIP12\">No Title<\/a><\/h4>\n<p>No Description<\/p>\n<\/blockquote>\n<p><script async src=\"\/\/cdn.embedly.com\/widgets\/platform.js\" charset=\"UTF-8\"><\/script><\/p>\n","protected":false},"excerpt":{"rendered":"<div class=\"mh-excerpt\"><span style=\"font-size: 10pt;\">Hier stellen wir unser Hilfeleistungsl\u00f6schgruppenfahrzeug HLF20 vor.<\/span><\/div>\n<p> <a class=\"mh-excerpt-more\" href=\"https:\/\/www.ffw-berg.de\/wordpress\/hlf20\/\" title=\"Hilfeleistungsl\u00f6schgruppenfahrzeug HLF 20\">[  Mehr &gt;&gt; ]<\/a><\/p>\n","protected":false},"author":2,"featured_media":211692,"comment_status":"closed","ping_status":"open","sticky":false,"template":"","format":"standard","meta":{"footnotes":""},"categories":[754],"tags":[706],"class_list":{"0":"post-211671","1":"post","2":"type-post","3":"status-publish","4":"format-standard","5":"has-post-thumbnail","7":"category-hlf20","8":"tag-hlf-20"},"_links":{"self":[{"href":"https:\/\/www.ffw-berg.de\/wordpress\/wp-json\/wp\/v2\/posts\/211671","targetHints":{"allow":["GET"]}}],"collection":[{"href":"https:\/\/www.ffw-berg.de\/wordpress\/wp-json\/wp\/v2\/posts"}],"about":[{"href":"https:\/\/www.ffw-berg.de\/wordpress\/wp-json\/wp\/v2\/types\/post"}],"author":[{"embeddable":true,"href":"https:\/\/www.ffw-berg.de\/wordpress\/wp-json\/wp\/v2\/users\/2"}],"replies":[{"embeddable":true,"href":"https:\/\/www.ffw-berg.de\/wordpress\/wp-json\/wp\/v2\/comments?post=211671"}],"version-history":[{"count":0,"href":"https:\/\/www.ffw-berg.de\/wordpress\/wp-json\/wp\/v2\/posts\/211671\/revisions"}],"wp:featuredmedia":[{"embeddable":true,"href":"https:\/\/www.ffw-berg.de\/wordpress\/wp-json\/wp\/v2\/media\/211692"}],"wp:attachment":[{"href":"https:\/\/www.ffw-berg.de\/wordpress\/wp-json\/wp\/v2\/media?parent=211671"}],"wp:term":[{"taxonomy":"category","embeddable":true,"href":"https:\/\/www.ffw-berg.de\/wordpress\/wp-json\/wp\/v2\/categories?post=211671"},{"taxonomy":"post_tag","embeddable":true,"href":"https:\/\/www.ffw-berg.de\/wordpress\/wp-json\/wp\/v2\/tags?post=211671"}],"curies":[{"name":"wp","href":"https:\/\/api.w.org\/{rel}","templated":true}]}}