{"id":211727,"date":"2017-06-09T22:00:26","date_gmt":"2017-06-09T20:00:26","guid":{"rendered":"http:\/\/www.ffw-berg.de\/wordpress\/?page_id=211727"},"modified":"2018-01-25T11:47:57","modified_gmt":"2018-01-25T10:47:57","slug":"mannschaftstransportwagen-mtw-14-1","status":"publish","type":"post","link":"https:\/\/www.ffw-berg.de\/wordpress\/mannschaftstransportwagen-mtw-14-1\/","title":{"rendered":"Mannschaftstransportwagen MTW 14\/1"},"content":{"rendered":"<h4><span style=\"font-family: arial, helvetica, sans-serif;\">Hier stellen wir unseren Mannschaftstransportwagen MTW Florian Berg 14\/1 vor:<\/span><\/h4>\n<figure id=\"attachment_211747\" aria-describedby=\"caption-attachment-211747\" style=\"width: 300px\" class=\"wp-caption alignright\"><a href=\"http:\/\/www.ffw-berg.de\/wordpress\/wp-content\/uploads\/2018\/01\/ffwberg_mtw_6.jpg\"><img loading=\"lazy\" decoding=\"async\" class=\"wp-image-211747 size-medium\" title=\"Zur Vergr\u00f6\u00dferung anklicken\" src=\"http:\/\/www.ffw-berg.de\/wordpress\/wp-content\/uploads\/2018\/01\/ffwberg_mtw_6-300x169.jpg\" alt=\"ffwberg_mtw_6\" width=\"300\" height=\"169\" srcset=\"https:\/\/www.ffw-berg.de\/wordpress\/wp-content\/uploads\/2018\/01\/ffwberg_mtw_6-300x169.jpg 300w, https:\/\/www.ffw-berg.de\/wordpress\/wp-content\/uploads\/2018\/01\/ffwberg_mtw_6-120x68.jpg 120w, https:\/\/www.ffw-berg.de\/wordpress\/wp-content\/uploads\/2018\/01\/ffwberg_mtw_6-678x381.jpg 678w, https:\/\/www.ffw-berg.de\/wordpress\/wp-content\/uploads\/2018\/01\/ffwberg_mtw_6-768x432.jpg 768w, https:\/\/www.ffw-berg.de\/wordpress\/wp-content\/uploads\/2018\/01\/ffwberg_mtw_6-700x394.jpg 700w, https:\/\/www.ffw-berg.de\/wordpress\/wp-content\/uploads\/2018\/01\/ffwberg_mtw_6.jpg 1920w\" sizes=\"auto, (max-width: 300px) 100vw, 300px\" \/><\/a><figcaption id=\"caption-attachment-211747\" class=\"wp-caption-text\"><span style=\"font-family: arial, helvetica, sans-serif;\">MTW Florian Berg 14\/1<\/span><\/figcaption><\/figure>\n<p><span style=\"font-size: 14px; font-family: arial, helvetica, sans-serif;\">Am 09.06.17 erhielt die FF Berg offiziell ihren neuen MTW 14\/1 (Ford Transit), der den alten, MTW (Peugeot), ersetzt. Dieser 21 Jahre alte MTW wies erhebliche M\u00e4ngel auf und der T\u00dcV stand an. \u00dcbrigens war der <a href=\"http:\/\/www.ffw-berg.de\/wordpress\/fahrzeuge\/mtw-141\/\"><strong>Vorg\u00e4nger-MTW<\/strong> <\/a>ein gebrauchtes Fahrzeug, angeschafft 2006, dass die Wehr demzufolge noch zehn Jahre nutzte.<\/span><\/p>\n<p><span style=\"font-size: 14px; font-family: arial, helvetica, sans-serif;\">Der Gemeinderat gab nach den Erl\u00e4uterungen der drei L\u00f6sungsvarianten gr\u00fcnes Licht f\u00fcr ein Neufahrzeug, ein Ford Transit, der in vielen Stunden Eigenleistung eine technische Ausr\u00fcstung und Einbauten erhielt. Die Kosten des neuen Mannschaftstransportwagens konnten dadurch auf nur 30.000 Euro einschlie\u00dflich der kompletten Einbauten sowie Blaulichtbalken und Martinshornanlage beschr\u00e4nkt werden.<\/span><\/p>\n<h4><span style=\"font-family: arial, helvetica, sans-serif; color: #800000;\"><strong>Technische Daten zu Fahrgestell feuerwehrtechnische Beladung:<\/strong><\/span><\/h4>\n<h5><span style=\"font-family: arial, helvetica, sans-serif;\"><strong>Technische Daten Fahrgestell:<img loading=\"lazy\" decoding=\"async\" class=\"alignright wp-image-211745 size-large\" src=\"http:\/\/www.ffw-berg.de\/wordpress\/wp-content\/uploads\/2018\/01\/ffwberg_mtw_7-295x525.jpg\" alt=\"ffwberg_mtw_7\" width=\"295\" height=\"525\" srcset=\"https:\/\/www.ffw-berg.de\/wordpress\/wp-content\/uploads\/2018\/01\/ffwberg_mtw_7-295x525.jpg 295w, https:\/\/www.ffw-berg.de\/wordpress\/wp-content\/uploads\/2018\/01\/ffwberg_mtw_7-68x120.jpg 68w, https:\/\/www.ffw-berg.de\/wordpress\/wp-content\/uploads\/2018\/01\/ffwberg_mtw_7-141x250.jpg 141w, https:\/\/www.ffw-berg.de\/wordpress\/wp-content\/uploads\/2018\/01\/ffwberg_mtw_7-768x1365.jpg 768w, https:\/\/www.ffw-berg.de\/wordpress\/wp-content\/uploads\/2018\/01\/ffwberg_mtw_7-432x768.jpg 432w, https:\/\/www.ffw-berg.de\/wordpress\/wp-content\/uploads\/2018\/01\/ffwberg_mtw_7.jpg 1080w\" sizes=\"auto, (max-width: 295px) 100vw, 295px\" \/><\/strong><\/span><\/h5>\n<p><span style=\"font-size: 14px; font-family: arial, helvetica, sans-serif;\"><span style=\"text-decoration: underline;\"><strong>Fahrgestell:<\/strong><\/span> Ford Transit Custom L2H2 2.0 TDI<\/span><\/p>\n<p><span style=\"font-size: 14px; font-family: arial, helvetica, sans-serif;\"><span style=\"text-decoration: underline;\"><strong>Motor:<\/strong><\/span> 4 Zylinder Dieselmotor<\/span><\/p>\n<p><span style=\"font-size: 14px; font-family: arial, helvetica, sans-serif;\"><strong><span style=\"text-decoration: underline;\">Getriebe:<\/span>\u00a0<\/strong>Schaltgetriebe (6 G\u00e4nge)<\/span><\/p>\n<p><span style=\"font-size: 14px; font-family: arial, helvetica, sans-serif;\"><span style=\"text-decoration: underline;\"><strong>H\u00f6chstgeschwindigkeit:\u00a0<\/strong><\/span>145 km\/h<\/span><\/p>\n<p><span style=\"font-size: 14px; font-family: arial, helvetica, sans-serif;\"><strong><span style=\"text-decoration: underline;\">L\u00e4nge<\/span>:\u00a0<\/strong>5370 mm<\/span><\/p>\n<p><span style=\"font-size: 14px; font-family: arial, helvetica, sans-serif;\"><span style=\"text-decoration: underline;\"><strong>Breite:<\/strong><\/span>\u00a02032 mm<\/span><\/p>\n<p><span style=\"font-size: 14px; font-family: arial, helvetica, sans-serif;\"><strong><span style=\"text-decoration: underline;\">H\u00f6he:<\/span>\u00a0<\/strong>2500 mm<\/span><\/p>\n<p><span style=\"font-size: 14px; font-family: arial, helvetica, sans-serif;\"><span style=\"text-decoration: underline;\"><strong>Radstand:<\/strong><\/span>\u00a03300 mm<\/span><\/p>\n<p><span style=\"font-size: 14px; font-family: arial, helvetica, sans-serif;\"><span style=\"text-decoration: underline;\"><strong>Leergewicht:<\/strong>\u00a0<\/span>2595 kg<\/span><\/p>\n<p><span style=\"font-size: 14px; font-family: arial, helvetica, sans-serif;\"><span style=\"text-decoration: underline;\"><strong>Zul. Gesamtgewicht:<\/strong><\/span>\u00a03450 kg<\/span><\/p>\n<p><span style=\"font-size: 14px; font-family: arial, helvetica, sans-serif;\"><strong><span style=\"text-decoration: underline;\">Besatzung:<\/span>\u00a0<\/strong>1\/8<\/span><\/p>\n<p><span style=\"font-size: 14px; font-family: arial, helvetica, sans-serif;\"><strong><span style=\"text-decoration: underline;\">Ausbau:<\/span>\u00a0<\/strong>Eigenleistung<\/span><\/p>\n<p><span style=\"font-size: 14px; font-family: arial, helvetica, sans-serif;\"><span style=\"text-decoration: underline;\"><strong>Baujahr:<\/strong><\/span>\u00a02017<\/span><\/p>\n<p>&nbsp;<\/p>\n<h4><span style=\"font-family: arial, helvetica, sans-serif; color: #800000;\">Feuerwehrtechnische Beladung:<\/span><\/h4>\n<h5><span style=\"font-family: arial, helvetica, sans-serif;\"><strong>Mannschaftsraum:<\/strong><\/span><\/h5>\n<ul>\n<li><span style=\"font-size: 14px; font-family: arial, helvetica, sans-serif;\">Einbaubarer Arbeitstisch mit verschiedenen Kartenmaterial (Ortspl\u00e4ne, topographische Karten)<\/span><\/li>\n<li><span style=\"font-size: 14px; font-family: arial, helvetica, sans-serif;\">Unterlagen und Dokumente zur Einsatzleitung (Einsatzpl\u00e4ne, Hydrantenpl\u00e4ne, Objektpl\u00e4ne, Gefahrstoffunterlagen)<\/span><\/li>\n<li><span style=\"font-size: 14px; font-family: arial, helvetica, sans-serif;\">2x HRT<\/span><\/li>\n<\/ul>\n<p><a href=\"http:\/\/www.ffw-berg.de\/wordpress\/wp-content\/uploads\/2018\/01\/ffwberg_mtw_3.jpg\"><img loading=\"lazy\" decoding=\"async\" class=\"aligncenter wp-image-211744 size-large\" title=\"Zur Vergr\u00f6\u00dferung anklicken\" src=\"http:\/\/www.ffw-berg.de\/wordpress\/wp-content\/uploads\/2018\/01\/ffwberg_mtw_3-700x394.jpg\" alt=\"ffwberg_mtw_3\" width=\"700\" height=\"394\" srcset=\"https:\/\/www.ffw-berg.de\/wordpress\/wp-content\/uploads\/2018\/01\/ffwberg_mtw_3-700x394.jpg 700w, https:\/\/www.ffw-berg.de\/wordpress\/wp-content\/uploads\/2018\/01\/ffwberg_mtw_3-120x68.jpg 120w, https:\/\/www.ffw-berg.de\/wordpress\/wp-content\/uploads\/2018\/01\/ffwberg_mtw_3-678x381.jpg 678w, https:\/\/www.ffw-berg.de\/wordpress\/wp-content\/uploads\/2018\/01\/ffwberg_mtw_3-300x169.jpg 300w, https:\/\/www.ffw-berg.de\/wordpress\/wp-content\/uploads\/2018\/01\/ffwberg_mtw_3-768x432.jpg 768w, https:\/\/www.ffw-berg.de\/wordpress\/wp-content\/uploads\/2018\/01\/ffwberg_mtw_3.jpg 1920w\" sizes=\"auto, (max-width: 700px) 100vw, 700px\" \/><\/a><\/p>\n<h5><strong><span style=\"font-family: arial, helvetica, sans-serif;\">Fahrzeugheck:<img loading=\"lazy\" decoding=\"async\" class=\"alignright wp-image-211746 size-large\" src=\"http:\/\/www.ffw-berg.de\/wordpress\/wp-content\/uploads\/2018\/01\/ffwberg_mtw_9-295x525.jpg\" alt=\"ffwberg_mtw_9\" width=\"295\" height=\"525\" srcset=\"https:\/\/www.ffw-berg.de\/wordpress\/wp-content\/uploads\/2018\/01\/ffwberg_mtw_9-295x525.jpg 295w, https:\/\/www.ffw-berg.de\/wordpress\/wp-content\/uploads\/2018\/01\/ffwberg_mtw_9-432x768.jpg 432w, https:\/\/www.ffw-berg.de\/wordpress\/wp-content\/uploads\/2018\/01\/ffwberg_mtw_9-68x120.jpg 68w, https:\/\/www.ffw-berg.de\/wordpress\/wp-content\/uploads\/2018\/01\/ffwberg_mtw_9-141x250.jpg 141w, https:\/\/www.ffw-berg.de\/wordpress\/wp-content\/uploads\/2018\/01\/ffwberg_mtw_9-768x1365.jpg 768w, https:\/\/www.ffw-berg.de\/wordpress\/wp-content\/uploads\/2018\/01\/ffwberg_mtw_9.jpg 1080w\" sizes=\"auto, (max-width: 295px) 100vw, 295px\" \/><\/span><\/strong><\/h5>\n<ul>\n<li><span style=\"font-size: 14px; font-family: arial, helvetica, sans-serif;\">T\u00fcr\u00f6ffnungswerkzeug mit Bosch Akkuschrauber<\/span><\/li>\n<li><span style=\"font-size: 14px; font-family: arial, helvetica, sans-serif;\">Halligan-Tool<\/span><\/li>\n<li><span style=\"font-size: 14px; font-family: arial, helvetica, sans-serif;\">Werkzeugkasten<\/span><\/li>\n<li><span style=\"font-size: 14px; font-family: arial, helvetica, sans-serif;\">Elektrowerkzeugkasten<\/span><\/li>\n<li><span style=\"font-size: 14px; font-family: arial, helvetica, sans-serif;\">Notfallrucksack<\/span><\/li>\n<li><span style=\"font-size: 14px; font-family: arial, helvetica, sans-serif;\">2x Krankenhausdecken<\/span><\/li>\n<li><span style=\"font-size: 14px; font-family: arial, helvetica, sans-serif;\">6kg Pulverl\u00f6scher<\/span><\/li>\n<li><span style=\"font-size: 14px; font-family: arial, helvetica, sans-serif;\">5x faltbare Verkehrsleitkegel<\/span><\/li>\n<li><span style=\"font-size: 14px; font-family: arial, helvetica, sans-serif;\">2x Faltsignale<\/span><\/li>\n<li><span style=\"font-size: 14px; font-family: arial, helvetica, sans-serif;\">2x KFZ-Warnleuchten<\/span><\/li>\n<li><span style=\"font-size: 14px; font-family: arial, helvetica, sans-serif;\">2x Winkerkellen<\/span><\/li>\n<li><span style=\"font-size: 14px; font-family: arial, helvetica, sans-serif;\">2x Warndreiecke<\/span><\/li>\n<li><span style=\"font-size: 14px; font-family: arial, helvetica, sans-serif;\">2x Warnflaggen<\/span><\/li>\n<li><span style=\"font-size: 14px; font-family: arial, helvetica, sans-serif;\">Verbrauchsmaterial (Absperrband, Klebeband, Kabelbinder, usw.)<\/span><\/li>\n<li><span style=\"font-size: 14px; font-family: arial, helvetica, sans-serif;\">Funktionswesten<\/span><\/li>\n<li><span style=\"font-size: 14px; font-family: arial, helvetica, sans-serif;\">9x Warnwesten<\/span><\/li>\n<li><span style=\"font-size: 14px; font-family: arial, helvetica, sans-serif;\">Kunststoffbox \u201cEinsatzversorgung\u201c (u.a. Wasserkocher, Instant Kaffee und Tee zur Versorgung der Einsatzkr\u00e4fte bei l\u00e4nger andauernden Eins\u00e4tzen)<\/span><\/li>\n<li><span style=\"font-size: 14px; font-family: arial, helvetica, sans-serif;\">Getr\u00e4nke f\u00fcr l\u00e4nger andauernde Eins\u00e4tze<\/span><\/li>\n<\/ul>\n<p>&nbsp;<\/p>\n<p>&nbsp;<\/p>\n<p>&nbsp;<\/p>\n<div id='gallery-1' class='gallery galleryid-211727 gallery-columns-2 gallery-size-large'><figure class='gallery-item'>\n\t\t\t<div class='gallery-icon portrait'>\n\t\t\t\t<a href='https:\/\/www.ffw-berg.de\/wordpress\/wp-content\/uploads\/2018\/01\/ffwberg_mtw_1.jpg'><img loading=\"lazy\" decoding=\"async\" width=\"512\" height=\"768\" src=\"https:\/\/www.ffw-berg.de\/wordpress\/wp-content\/uploads\/2018\/01\/ffwberg_mtw_1-512x768.jpg\" class=\"attachment-large size-large\" alt=\"ffwberg_mtw_1\" aria-describedby=\"gallery-1-211742\" srcset=\"https:\/\/www.ffw-berg.de\/wordpress\/wp-content\/uploads\/2018\/01\/ffwberg_mtw_1-512x768.jpg 512w, https:\/\/www.ffw-berg.de\/wordpress\/wp-content\/uploads\/2018\/01\/ffwberg_mtw_1-80x120.jpg 80w, https:\/\/www.ffw-berg.de\/wordpress\/wp-content\/uploads\/2018\/01\/ffwberg_mtw_1-167x250.jpg 167w, https:\/\/www.ffw-berg.de\/wordpress\/wp-content\/uploads\/2018\/01\/ffwberg_mtw_1-768x1152.jpg 768w, https:\/\/www.ffw-berg.de\/wordpress\/wp-content\/uploads\/2018\/01\/ffwberg_mtw_1-350x525.jpg 350w, https:\/\/www.ffw-berg.de\/wordpress\/wp-content\/uploads\/2018\/01\/ffwberg_mtw_1.jpg 1080w\" sizes=\"auto, (max-width: 512px) 100vw, 512px\" \/><\/a>\n\t\t\t<\/div>\n\t\t\t\t<figcaption class='wp-caption-text gallery-caption' id='gallery-1-211742'>\n\t\t\t\tHeckansicht MTW\n\t\t\t\t<\/figcaption><\/figure><figure class='gallery-item'>\n\t\t\t<div class='gallery-icon portrait'>\n\t\t\t\t<a href='https:\/\/www.ffw-berg.de\/wordpress\/wp-content\/uploads\/2018\/01\/ffwberg_mtw_2.jpg'><img loading=\"lazy\" decoding=\"async\" width=\"512\" height=\"768\" src=\"https:\/\/www.ffw-berg.de\/wordpress\/wp-content\/uploads\/2018\/01\/ffwberg_mtw_2-512x768.jpg\" class=\"attachment-large size-large\" alt=\"ffwberg_mtw_2\" aria-describedby=\"gallery-1-211743\" srcset=\"https:\/\/www.ffw-berg.de\/wordpress\/wp-content\/uploads\/2018\/01\/ffwberg_mtw_2-512x768.jpg 512w, https:\/\/www.ffw-berg.de\/wordpress\/wp-content\/uploads\/2018\/01\/ffwberg_mtw_2-80x120.jpg 80w, https:\/\/www.ffw-berg.de\/wordpress\/wp-content\/uploads\/2018\/01\/ffwberg_mtw_2-167x250.jpg 167w, https:\/\/www.ffw-berg.de\/wordpress\/wp-content\/uploads\/2018\/01\/ffwberg_mtw_2-768x1152.jpg 768w, https:\/\/www.ffw-berg.de\/wordpress\/wp-content\/uploads\/2018\/01\/ffwberg_mtw_2-350x525.jpg 350w, https:\/\/www.ffw-berg.de\/wordpress\/wp-content\/uploads\/2018\/01\/ffwberg_mtw_2.jpg 1080w\" sizes=\"auto, (max-width: 512px) 100vw, 512px\" \/><\/a>\n\t\t\t<\/div>\n\t\t\t\t<figcaption class='wp-caption-text gallery-caption' id='gallery-1-211743'>\n\t\t\t\tPassgenauer Einbau\n\t\t\t\t<\/figcaption><\/figure>\n\t\t<\/div>\n\n<h4><span style=\"color: #800000; font-family: arial, helvetica, sans-serif;\">Fahrzeugansichten:<\/span><\/h4>\n<p style=\"text-align: center;\"><span style=\"font-size: 8pt; font-family: arial, helvetica, sans-serif;\">Zur Vergr\u00f6\u00dferung anklicken!<\/span><\/p>\n<div id='gallery-2' class='gallery galleryid-211727 gallery-columns-3 gallery-size-medium'><figure class='gallery-item'>\n\t\t\t<div class='gallery-icon landscape'>\n\t\t\t\t<a href='https:\/\/www.ffw-berg.de\/wordpress\/wp-content\/uploads\/2017\/06\/ffberg_mtw_uebergabe-040.jpg'><img loading=\"lazy\" decoding=\"async\" width=\"300\" height=\"169\" src=\"https:\/\/www.ffw-berg.de\/wordpress\/wp-content\/uploads\/2017\/06\/ffberg_mtw_uebergabe-040-300x169.jpg\" class=\"attachment-medium size-medium\" alt=\"ffberg_mtw_uebergabe-040\" aria-describedby=\"gallery-2-211222\" srcset=\"https:\/\/www.ffw-berg.de\/wordpress\/wp-content\/uploads\/2017\/06\/ffberg_mtw_uebergabe-040-300x169.jpg 300w, https:\/\/www.ffw-berg.de\/wordpress\/wp-content\/uploads\/2017\/06\/ffberg_mtw_uebergabe-040-120x68.jpg 120w, https:\/\/www.ffw-berg.de\/wordpress\/wp-content\/uploads\/2017\/06\/ffberg_mtw_uebergabe-040-678x381.jpg 678w, https:\/\/www.ffw-berg.de\/wordpress\/wp-content\/uploads\/2017\/06\/ffberg_mtw_uebergabe-040-768x432.jpg 768w, https:\/\/www.ffw-berg.de\/wordpress\/wp-content\/uploads\/2017\/06\/ffberg_mtw_uebergabe-040-700x394.jpg 700w, https:\/\/www.ffw-berg.de\/wordpress\/wp-content\/uploads\/2017\/06\/ffberg_mtw_uebergabe-040.jpg 1600w\" sizes=\"auto, (max-width: 300px) 100vw, 300px\" \/><\/a>\n\t\t\t<\/div>\n\t\t\t\t<figcaption class='wp-caption-text gallery-caption' id='gallery-2-211222'>\n\t\t\t\t\u00dcbergabe am 09.06.17\n\t\t\t\t<\/figcaption><\/figure><figure class='gallery-item'>\n\t\t\t<div class='gallery-icon landscape'>\n\t\t\t\t<a href='https:\/\/www.ffw-berg.de\/wordpress\/wp-content\/uploads\/2018\/01\/ffwberg_mtw_10.jpg'><img loading=\"lazy\" decoding=\"async\" width=\"300\" height=\"169\" src=\"https:\/\/www.ffw-berg.de\/wordpress\/wp-content\/uploads\/2018\/01\/ffwberg_mtw_10-300x169.jpg\" class=\"attachment-medium size-medium\" alt=\"ffwberg_mtw_10\" aria-describedby=\"gallery-2-211749\" srcset=\"https:\/\/www.ffw-berg.de\/wordpress\/wp-content\/uploads\/2018\/01\/ffwberg_mtw_10-300x169.jpg 300w, https:\/\/www.ffw-berg.de\/wordpress\/wp-content\/uploads\/2018\/01\/ffwberg_mtw_10-120x68.jpg 120w, https:\/\/www.ffw-berg.de\/wordpress\/wp-content\/uploads\/2018\/01\/ffwberg_mtw_10-678x381.jpg 678w, https:\/\/www.ffw-berg.de\/wordpress\/wp-content\/uploads\/2018\/01\/ffwberg_mtw_10-768x432.jpg 768w, https:\/\/www.ffw-berg.de\/wordpress\/wp-content\/uploads\/2018\/01\/ffwberg_mtw_10-700x394.jpg 700w, https:\/\/www.ffw-berg.de\/wordpress\/wp-content\/uploads\/2018\/01\/ffwberg_mtw_10.jpg 1920w\" sizes=\"auto, (max-width: 300px) 100vw, 300px\" \/><\/a>\n\t\t\t<\/div>\n\t\t\t\t<figcaption class='wp-caption-text gallery-caption' id='gallery-2-211749'>\n\t\t\t\tAnsicht rechts\n\t\t\t\t<\/figcaption><\/figure><figure class='gallery-item'>\n\t\t\t<div class='gallery-icon landscape'>\n\t\t\t\t<a href='https:\/\/www.ffw-berg.de\/wordpress\/wp-content\/uploads\/2018\/01\/ffwberg_mtw_8.jpg'><img loading=\"lazy\" decoding=\"async\" width=\"300\" height=\"169\" src=\"https:\/\/www.ffw-berg.de\/wordpress\/wp-content\/uploads\/2018\/01\/ffwberg_mtw_8-300x169.jpg\" class=\"attachment-medium size-medium\" alt=\"ffwberg_mtw_8\" aria-describedby=\"gallery-2-211748\" srcset=\"https:\/\/www.ffw-berg.de\/wordpress\/wp-content\/uploads\/2018\/01\/ffwberg_mtw_8-300x169.jpg 300w, https:\/\/www.ffw-berg.de\/wordpress\/wp-content\/uploads\/2018\/01\/ffwberg_mtw_8-120x68.jpg 120w, https:\/\/www.ffw-berg.de\/wordpress\/wp-content\/uploads\/2018\/01\/ffwberg_mtw_8-678x381.jpg 678w, https:\/\/www.ffw-berg.de\/wordpress\/wp-content\/uploads\/2018\/01\/ffwberg_mtw_8-768x432.jpg 768w, https:\/\/www.ffw-berg.de\/wordpress\/wp-content\/uploads\/2018\/01\/ffwberg_mtw_8-700x394.jpg 700w, https:\/\/www.ffw-berg.de\/wordpress\/wp-content\/uploads\/2018\/01\/ffwberg_mtw_8.jpg 1920w\" sizes=\"auto, (max-width: 300px) 100vw, 300px\" \/><\/a>\n\t\t\t<\/div>\n\t\t\t\t<figcaption class='wp-caption-text gallery-caption' id='gallery-2-211748'>\n\t\t\t\tAnsicht links\n\t\t\t\t<\/figcaption><\/figure>\n\t\t<\/div>\n\n<h4><span style=\"color: #800000; font-family: arial, helvetica, sans-serif;\">Alle Bilder zu unserem MTW finden Sie auch in unseren Google Photos Alben:<\/span><\/h4>\n<blockquote class=\"embedly-card\" data-card-controls=\"0\" data-card-align=\"center\" data-card-theme=\"light\">\n<h4><a href=\"https:\/\/photos.app.goo.gl\/Y2H24H30kIvKGRSl1\">No Title<\/a><\/h4>\n<p>No Description<\/p>\n<\/blockquote>\n<p><script async src=\"\/\/cdn.embedly.com\/widgets\/platform.js\" charset=\"UTF-8\"><\/script><\/p>\n<blockquote class=\"embedly-card\" data-card-controls=\"0\" data-card-align=\"center\" data-card-theme=\"light\">\n<h4><a href=\"https:\/\/goo.gl\/photos\/vurmnU1ogNkAjrPD6\">No Title<\/a><\/h4>\n<p>No Description<\/p>\n<\/blockquote>\n<p><script async src=\"\/\/cdn.embedly.com\/widgets\/platform.js\" charset=\"UTF-8\"><\/script><\/p>\n","protected":false},"excerpt":{"rendered":"<div class=\"mh-excerpt\"><span style=\"font-size: 10pt;\">Hier stellen wir unseren Mannschaftstransportwagen MTW vor.<\/span><\/div>\n<p> <a class=\"mh-excerpt-more\" href=\"https:\/\/www.ffw-berg.de\/wordpress\/mannschaftstransportwagen-mtw-14-1\/\" title=\"Mannschaftstransportwagen MTW 14\/1\">[  Mehr &gt;&gt; ]<\/a><\/p>\n","protected":false},"author":2,"featured_media":211745,"comment_status":"closed","ping_status":"open","sticky":false,"template":"","format":"standard","meta":{"footnotes":""},"categories":[755],"tags":[],"class_list":{"0":"post-211727","1":"post","2":"type-post","3":"status-publish","4":"format-standard","5":"has-post-thumbnail","7":"category-mtw"},"_links":{"self":[{"href":"https:\/\/www.ffw-berg.de\/wordpress\/wp-json\/wp\/v2\/posts\/211727","targetHints":{"allow":["GET"]}}],"collection":[{"href":"https:\/\/www.ffw-berg.de\/wordpress\/wp-json\/wp\/v2\/posts"}],"about":[{"href":"https:\/\/www.ffw-berg.de\/wordpress\/wp-json\/wp\/v2\/types\/post"}],"author":[{"embeddable":true,"href":"https:\/\/www.ffw-berg.de\/wordpress\/wp-json\/wp\/v2\/users\/2"}],"replies":[{"embeddable":true,"href":"https:\/\/www.ffw-berg.de\/wordpress\/wp-json\/wp\/v2\/comments?post=211727"}],"version-history":[{"count":0,"href":"https:\/\/www.ffw-berg.de\/wordpress\/wp-json\/wp\/v2\/posts\/211727\/revisions"}],"wp:featuredmedia":[{"embeddable":true,"href":"https:\/\/www.ffw-berg.de\/wordpress\/wp-json\/wp\/v2\/media\/211745"}],"wp:attachment":[{"href":"https:\/\/www.ffw-berg.de\/wordpress\/wp-json\/wp\/v2\/media?parent=211727"}],"wp:term":[{"taxonomy":"category","embeddable":true,"href":"https:\/\/www.ffw-berg.de\/wordpress\/wp-json\/wp\/v2\/categories?post=211727"},{"taxonomy":"post_tag","embeddable":true,"href":"https:\/\/www.ffw-berg.de\/wordpress\/wp-json\/wp\/v2\/tags?post=211727"}],"curies":[{"name":"wp","href":"https:\/\/api.w.org\/{rel}","templated":true}]}}