{"id":212814,"date":"2018-02-08T00:27:47","date_gmt":"2018-02-07T23:27:47","guid":{"rendered":"http:\/\/www.ffw-berg.de\/wordpress\/?p=212814"},"modified":"2018-12-31T22:45:33","modified_gmt":"2018-12-31T21:45:33","slug":"einsatz-vom-05-02-18-unterstuetzung-rd-2","status":"publish","type":"post","link":"https:\/\/www.ffw-berg.de\/wordpress\/einsatz-vom-05-02-18-unterstuetzung-rd-2\/","title":{"rendered":"Einsatz vom 08.02.18 &#8211; Person eingeschlossen"},"content":{"rendered":"<p><span style=\"font-family: arial, helvetica, sans-serif;\">[one_half]<\/span><\/p>\n<p style=\"padding-left: 60px;\"><span style=\"color: #993300; font-size: 12pt;\"><strong><span style=\"font-family: arial, helvetica, sans-serif;\">Nr.<\/span><\/strong><\/span><\/p>\n<p style=\"padding-left: 60px;\"><span style=\"color: #993300; font-size: 12pt;\"><strong><span style=\"font-family: arial, helvetica, sans-serif;\">Alarmzeit<\/span><\/strong><\/span><\/p>\n<p style=\"padding-left: 60px;\"><span style=\"color: #993300; font-size: 12pt;\"><strong><span style=\"font-family: arial, helvetica, sans-serif;\">Einsatzdauer<\/span><\/strong><\/span><\/p>\n<p style=\"padding-left: 60px;\"><span style=\"color: #993300; font-size: 12pt;\"><strong><span style=\"font-family: arial, helvetica, sans-serif;\">Einsatzort<\/span><\/strong><\/span><\/p>\n<p style=\"padding-left: 60px;\"><span style=\"color: #993300; font-size: 12pt;\"><strong><span style=\"font-family: arial, helvetica, sans-serif;\">Einsatzart\u00a0<\/span><\/strong><\/span><\/p>\n<p style=\"padding-left: 60px;\"><span style=\"color: #993300; font-size: 12pt;\"><strong><span style=\"font-family: arial, helvetica, sans-serif;\">Eingesetzte Fahrzeuge\u00a0<\/span><\/strong><\/span><\/p>\n<p style=\"padding-left: 60px;\"><span style=\"color: #993300; font-size: 12pt;\"><strong><span style=\"font-family: arial, helvetica, sans-serif;\">Einsatzmittel<\/span><\/strong><\/span><\/p>\n<p><span style=\"font-family: arial, helvetica, sans-serif;\">[\/one_half]<\/span><\/p>\n<p><span style=\"font-family: arial, helvetica, sans-serif;\">[one_half_last]<\/span><\/p>\n<p><span style=\"font-size: 12pt;\"><strong><span style=\"color: #993300;\"><span style=\"font-family: arial, helvetica, sans-serif;\">08<\/span><\/span><\/strong><\/span><\/p>\n<p><span style=\"font-size: 12pt;\"><strong><span style=\"font-family: arial, helvetica, sans-serif;\">00.27 Uhr<\/span><\/strong><\/span><\/p>\n<p><span style=\"font-size: 12pt;\"><strong><span style=\"font-family: arial, helvetica, sans-serif;\">0,47 Std<\/span><\/strong><\/span><\/p>\n<p><span style=\"font-size: 12pt;\"><strong><span style=\"font-family: arial, helvetica, sans-serif;\">Im Pfarrboden, Berg<\/span><\/strong><\/span><\/p>\n<p><span style=\"font-size: 12pt;\"><strong><span style=\"font-family: arial, helvetica, sans-serif;\">THL P eingeschlossen | Wohnungs\u00f6ffnung<\/span><\/strong><\/span><\/p>\n<p><span style=\"font-size: 12pt;\"><strong><span style=\"font-family: arial, helvetica, sans-serif;\">MTW<\/span><\/strong><\/span><\/p>\n<p><span style=\"font-family: arial, helvetica, sans-serif;\"><b>Kommunikationsger\u00e4t, Sperrwerkzeuge<\/b><\/span><\/p>\n<h4><span style=\"font-family: arial, helvetica, sans-serif;\">[\/one_half_last]<\/span><\/h4>\n<hr \/>\n<h4><strong><span style=\"font-family: arial, helvetica, sans-serif; color: #993300;\">Einsatzbericht<\/span><\/strong><\/h4>\n<div class=\"page\" title=\"Page 1\">\n<div class=\"layoutArea\">\n<div class=\"column\">\n<div class=\"page\" title=\"Page 1\">\n<div class=\"layoutArea\">\n<div class=\"column\">\n<p><span style=\"font-family: arial, helvetica, sans-serif;\">Die Feuerwehr Berg wurde zu einer T\u00fcr\u00f6ffnung alarmiert, da die Bewohnerin gest\u00fcrzt war, und nicht selbstt\u00e4tig die Wohnung \u00f6ffnen konnte.<\/span><\/p>\n<\/div>\n<\/div>\n<\/div>\n<\/div>\n<\/div>\n<\/div>\n","protected":false},"excerpt":{"rendered":"<div class=\"mh-excerpt\"><span style=\"font-family: arial, helvetica, sans-serif; font-size: 14px;\"><strong>Nr. 08<\/strong>\u00a0| Zeit: 00.27 Uhr |\u00a0<\/span><span style=\"font-family: arial, helvetica, sans-serif; font-size: 14px;\">Im Pfarrboden, Berg | THL<\/span><\/p>\n<p><span style=\"font-family: arial, helvetica, sans-serif; font-size: 14px;\">Eingesetzte Fahrzeuge: MTW<\/span><\/div>\n<p> <a class=\"mh-excerpt-more\" href=\"https:\/\/www.ffw-berg.de\/wordpress\/einsatz-vom-05-02-18-unterstuetzung-rd-2\/\" title=\"Einsatz vom 08.02.18 &#8211; Person eingeschlossen\">[  Mehr &gt;&gt; ]<\/a><\/p>\n","protected":false},"author":2,"featured_media":212207,"comment_status":"closed","ping_status":"open","sticky":false,"template":"","format":"standard","meta":{"footnotes":""},"categories":[722],"tags":[78,364,147,210,671,704,793],"class_list":{"0":"post-212814","1":"post","2":"type-post","3":"status-publish","4":"format-standard","5":"has-post-thumbnail","7":"category-einsaetze-2018","8":"tag-thl","9":"tag-mtw","10":"tag-kommunikationsmittel","11":"tag-berg-ortsgebiet","12":"tag-wohnungsoeffnung","13":"tag-sperrwerkzeuge","14":"tag-person-eingeschlossen"},"_links":{"self":[{"href":"https:\/\/www.ffw-berg.de\/wordpress\/wp-json\/wp\/v2\/posts\/212814","targetHints":{"allow":["GET"]}}],"collection":[{"href":"https:\/\/www.ffw-berg.de\/wordpress\/wp-json\/wp\/v2\/posts"}],"about":[{"href":"https:\/\/www.ffw-berg.de\/wordpress\/wp-json\/wp\/v2\/types\/post"}],"author":[{"embeddable":true,"href":"https:\/\/www.ffw-berg.de\/wordpress\/wp-json\/wp\/v2\/users\/2"}],"replies":[{"embeddable":true,"href":"https:\/\/www.ffw-berg.de\/wordpress\/wp-json\/wp\/v2\/comments?post=212814"}],"version-history":[{"count":0,"href":"https:\/\/www.ffw-berg.de\/wordpress\/wp-json\/wp\/v2\/posts\/212814\/revisions"}],"wp:featuredmedia":[{"embeddable":true,"href":"https:\/\/www.ffw-berg.de\/wordpress\/wp-json\/wp\/v2\/media\/212207"}],"wp:attachment":[{"href":"https:\/\/www.ffw-berg.de\/wordpress\/wp-json\/wp\/v2\/media?parent=212814"}],"wp:term":[{"taxonomy":"category","embeddable":true,"href":"https:\/\/www.ffw-berg.de\/wordpress\/wp-json\/wp\/v2\/categories?post=212814"},{"taxonomy":"post_tag","embeddable":true,"href":"https:\/\/www.ffw-berg.de\/wordpress\/wp-json\/wp\/v2\/tags?post=212814"}],"curies":[{"name":"wp","href":"https:\/\/api.w.org\/{rel}","templated":true}]}}