{"id":212818,"date":"2018-02-11T22:39:43","date_gmt":"2018-02-11T21:39:43","guid":{"rendered":"http:\/\/www.ffw-berg.de\/wordpress\/?p=212818"},"modified":"2018-12-31T22:45:21","modified_gmt":"2018-12-31T21:45:21","slug":"einsatz-vom-11-02-18-kellerbrand","status":"publish","type":"post","link":"https:\/\/www.ffw-berg.de\/wordpress\/einsatz-vom-11-02-18-kellerbrand\/","title":{"rendered":"Einsatz vom 11.02.18 &#8211; Kellerbrand"},"content":{"rendered":"<p><span style=\"font-family: arial, helvetica, sans-serif;\">[one_half]<\/span><\/p>\n<p style=\"padding-left: 60px;\"><span style=\"color: #993300; font-size: 12pt;\"><strong><span style=\"font-family: arial, helvetica, sans-serif;\">Nr.<\/span><\/strong><\/span><\/p>\n<p style=\"padding-left: 60px;\"><span style=\"color: #993300; font-size: 12pt;\"><strong><span style=\"font-family: arial, helvetica, sans-serif;\">Alarmzeit<\/span><\/strong><\/span><\/p>\n<p style=\"padding-left: 60px;\"><span style=\"color: #993300; font-size: 12pt;\"><strong><span style=\"font-family: arial, helvetica, sans-serif;\">Einsatzdauer<\/span><\/strong><\/span><\/p>\n<p style=\"padding-left: 60px;\"><span style=\"color: #993300; font-size: 12pt;\"><strong><span style=\"font-family: arial, helvetica, sans-serif;\">Einsatzort<\/span><\/strong><\/span><\/p>\n<p style=\"padding-left: 60px;\"><span style=\"color: #993300; font-size: 12pt;\"><strong><span style=\"font-family: arial, helvetica, sans-serif;\">Einsatzart\u00a0<\/span><\/strong><\/span><\/p>\n<p style=\"padding-left: 60px;\"><span style=\"color: #993300; font-size: 12pt;\"><strong><span style=\"font-family: arial, helvetica, sans-serif;\">Eingesetzte Fahrzeuge\u00a0<\/span><\/strong><\/span><\/p>\n<p style=\"padding-left: 60px;\"><span style=\"color: #993300; font-size: 12pt;\"><strong><span style=\"font-family: arial, helvetica, sans-serif;\">Einsatzmittel<\/span><\/strong><\/span><\/p>\n<p>&nbsp;<\/p>\n<p><span style=\"font-family: arial, helvetica, sans-serif;\">[\/one_half]<\/span><\/p>\n<p><span style=\"font-family: arial, helvetica, sans-serif;\">[one_half_last]<\/span><\/p>\n<p><span style=\"font-size: 12pt;\"><strong><span style=\"color: #993300;\"><span style=\"font-family: arial, helvetica, sans-serif;\">09<\/span><\/span><\/strong><\/span><\/p>\n<p><span style=\"font-size: 16px;\"><strong><span style=\"font-family: arial, helvetica, sans-serif;\">22.39 Uhr<\/span><\/strong><\/span><\/p>\n<p><span style=\"font-size: 16px;\"><strong><span style=\"font-family: arial, helvetica, sans-serif;\">1,17 Std<\/span><\/strong><\/span><\/p>\n<p><span style=\"font-size: 16px;\"><strong><span style=\"font-family: arial, helvetica, sans-serif;\">Lindenstra\u00dfe, Issigau<\/span><\/strong><\/span><\/p>\n<p><span style=\"font-size: 16px;\"><strong><span style=\"font-family: arial, helvetica, sans-serif;\">B3 | im\u00a0<\/span><\/strong><span style=\"font-family: arial, helvetica, sans-serif;\"><b>Geb\u00e4ude\/Keller<\/b><\/span><\/span><\/p>\n<p><span style=\"font-size: 16px;\"><strong><span style=\"font-family: arial, helvetica, sans-serif;\">HLF 20, LF 8\/6, MTW, MZF<\/span><\/strong><\/span><\/p>\n<p><span style=\"font-family: arial, helvetica, sans-serif; font-size: 16px;\"><b>Kommunikationsger\u00e4t, Beleuchtungsger\u00e4t, <\/b><\/span><span style=\"font-family: arial, helvetica, sans-serif; font-size: 16px;\"><b>Stromerzeuger, PA, Entl\u00fcftungsger\u00e4t<\/b><\/span><\/p>\n<h4><span style=\"font-family: arial, helvetica, sans-serif;\">[\/one_half_last]<\/span><\/h4>\n<hr \/>\n<h4><strong><span style=\"font-family: arial, helvetica, sans-serif; color: #993300;\">Einsatzbericht<\/span><\/strong><\/h4>\n<div class=\"page\" title=\"Page 1\">\n<div class=\"layoutArea\">\n<div class=\"column\">\n<div class=\"page\" title=\"Page 1\">\n<div class=\"layoutArea\">\n<div class=\"column\">\n<div class=\"page\" title=\"Page 1\">\n<div class=\"layoutArea\">\n<div class=\"column\">\n<p><span style=\"font-family: arial, helvetica, sans-serif;\">Die Feuerwehr Berg wurde zur Unterst\u00fctzung der Feuerwehr Issigau zu einem Kellerbrand alarmiert. <\/span><\/p>\n<p><span style=\"font-family: arial, helvetica, sans-serif;\">Der Bewohner wollte mit Hilfe eines Brandbeschleunigers einen sich im Keller befindlichen Ofen anz\u00fcnden. Hierbei kam es zu einer Verpuffung, bei der der Betroffene schwere Verletzungen erlitt. Allerdings konnte das Feuer noch selbst gel\u00f6scht werden. Durch die Feuerwehr Berg wurden Bel\u00fcftungsma\u00dfnahmen durchgef\u00fchrt.<\/span><\/p>\n<\/div>\n<\/div>\n<\/div>\n<\/div>\n<\/div>\n<\/div>\n<\/div>\n<\/div>\n<\/div>\n","protected":false},"excerpt":{"rendered":"<div class=\"mh-excerpt\"><span style=\"font-family: arial, helvetica, sans-serif; font-size: 14px;\"><strong>Nr. 09<\/strong>\u00a0| Zeit: 22.39 Uhr | Lindenstra\u00dfe<\/span><span style=\"font-family: arial, helvetica, sans-serif; font-size: 14px;\">, Issigau | B<\/span><\/p>\n<p><span style=\"font-family: arial, helvetica, sans-serif; font-size: 14px;\">Eingesetzte Fahrzeuge: HLF 20, LF 8\/6, MTW, MZF<\/span><\/div>\n<p> <a class=\"mh-excerpt-more\" href=\"https:\/\/www.ffw-berg.de\/wordpress\/einsatz-vom-11-02-18-kellerbrand\/\" title=\"Einsatz vom 11.02.18 &#8211; Kellerbrand\">[  Mehr &gt;&gt; ]<\/a><\/p>\n","protected":false},"author":2,"featured_media":212207,"comment_status":"closed","ping_status":"open","sticky":false,"template":"","format":"standard","meta":{"footnotes":""},"categories":[722],"tags":[72,363,95,364,147,149,167,204,537,706,794],"class_list":{"0":"post-212818","1":"post","2":"type-post","3":"status-publish","4":"format-standard","5":"has-post-thumbnail","7":"category-einsaetze-2018","8":"tag-brand","9":"tag-mzf","10":"tag-pa","11":"tag-mtw","12":"tag-kommunikationsmittel","13":"tag-lf-86","14":"tag-stromerzeuger","15":"tag-kellerbrand","16":"tag-beleuchtungsgeraet","17":"tag-hlf-20","18":"tag-verpuffung"},"_links":{"self":[{"href":"https:\/\/www.ffw-berg.de\/wordpress\/wp-json\/wp\/v2\/posts\/212818","targetHints":{"allow":["GET"]}}],"collection":[{"href":"https:\/\/www.ffw-berg.de\/wordpress\/wp-json\/wp\/v2\/posts"}],"about":[{"href":"https:\/\/www.ffw-berg.de\/wordpress\/wp-json\/wp\/v2\/types\/post"}],"author":[{"embeddable":true,"href":"https:\/\/www.ffw-berg.de\/wordpress\/wp-json\/wp\/v2\/users\/2"}],"replies":[{"embeddable":true,"href":"https:\/\/www.ffw-berg.de\/wordpress\/wp-json\/wp\/v2\/comments?post=212818"}],"version-history":[{"count":0,"href":"https:\/\/www.ffw-berg.de\/wordpress\/wp-json\/wp\/v2\/posts\/212818\/revisions"}],"wp:featuredmedia":[{"embeddable":true,"href":"https:\/\/www.ffw-berg.de\/wordpress\/wp-json\/wp\/v2\/media\/212207"}],"wp:attachment":[{"href":"https:\/\/www.ffw-berg.de\/wordpress\/wp-json\/wp\/v2\/media?parent=212818"}],"wp:term":[{"taxonomy":"category","embeddable":true,"href":"https:\/\/www.ffw-berg.de\/wordpress\/wp-json\/wp\/v2\/categories?post=212818"},{"taxonomy":"post_tag","embeddable":true,"href":"https:\/\/www.ffw-berg.de\/wordpress\/wp-json\/wp\/v2\/tags?post=212818"}],"curies":[{"name":"wp","href":"https:\/\/api.w.org\/{rel}","templated":true}]}}