{"id":212823,"date":"2018-01-26T23:00:37","date_gmt":"2018-01-26T22:00:37","guid":{"rendered":"http:\/\/www.ffw-berg.de\/wordpress\/?p=212823"},"modified":"2019-02-02T18:50:20","modified_gmt":"2019-02-02T17:50:20","slug":"jhv-der-jugendgruppe-2018","status":"publish","type":"post","link":"https:\/\/www.ffw-berg.de\/wordpress\/jhv-der-jugendgruppe-2018\/","title":{"rendered":"JHV der Jugendgruppe 2018"},"content":{"rendered":"\n<h2 class=\"wp-block-heading\">Optimale Ausbildung f\u00fcr Feuerwehranw\u00e4rter im Berger Winkel <span style=\"font-family: arial, helvetica, sans-serif; color: #800000;\"><\/span><\/h2>\n\n\n\n<p>Auf ein ereignisreiches und aufregendes Jahr blickte die Jugendgruppe der Freiwilligen Feuerwehr Berg an ihrer Jahreshauptversammlung zur\u00fcck. Jugendwart Holger Wurzbacher\u00a0 durfte neben den Jugendlichen, die beiden Kommandanten und Vorsitzenden sowie B\u00fcrgermeisterin Patricia Rubner im Feuerwehrger\u00e4tehaus begr\u00fc\u00dfen. <span style=\"font-family: arial, helvetica, sans-serif; font-size: 14px;\"><\/span><\/p>\n\n\n\n<p>Zu Beginn ist der Jahresr\u00fcckblick von Jugendsprecher Maximilian Rie\u00df verlesen worden, welcher leider entschuldigt war. Neben zahlreichen \u00dcbungen und Unterrichten wurden vor allem die beiden Highlights Berufsfeuerwehrtag und Kreisjugendzeltlager in K\u00f6ditz hervorgehoben. Auch mit dem neuen Hilfeleistungsl\u00f6schgruppenfahrzeug waren die Anw\u00e4rter in vielen Ausbildungseinheiten besch\u00e4ftigt. <span style=\"font-family: arial, helvetica, sans-serif; font-size: 14px;\"><\/span><\/p>\n\n\n\n<div class=\"wp-block-image\"><figure class=\"aligncenter\"><a href=\"http:\/\/www.ffw-berg.de\/wordpress\/wp-content\/uploads\/2018\/02\/jf_jhv2018.jpg\"><img loading=\"lazy\" decoding=\"async\" width=\"1920\" height=\"1080\" src=\"http:\/\/www.ffw-berg.de\/wordpress\/wp-content\/uploads\/2018\/02\/jf_jhv2018.jpg\" alt=\"jf_jhv2018\" class=\"wp-image-212827\" srcset=\"https:\/\/www.ffw-berg.de\/wordpress\/wp-content\/uploads\/2018\/02\/jf_jhv2018.jpg 1920w, https:\/\/www.ffw-berg.de\/wordpress\/wp-content\/uploads\/2018\/02\/jf_jhv2018-120x68.jpg 120w, https:\/\/www.ffw-berg.de\/wordpress\/wp-content\/uploads\/2018\/02\/jf_jhv2018-300x169.jpg 300w, https:\/\/www.ffw-berg.de\/wordpress\/wp-content\/uploads\/2018\/02\/jf_jhv2018-768x432.jpg 768w, https:\/\/www.ffw-berg.de\/wordpress\/wp-content\/uploads\/2018\/02\/jf_jhv2018-700x394.jpg 700w, https:\/\/www.ffw-berg.de\/wordpress\/wp-content\/uploads\/2018\/02\/jf_jhv2018-678x381.jpg 678w\" sizes=\"auto, (max-width: 1920px) 100vw, 1920px\" \/><\/a><figcaption><span style=\"font-family: arial, helvetica, sans-serif; font-size: 12px;\"> Von links: B\u00fcrgermeisterin Patricia Rubner, Kommandant Martin Wurzbacher, Anna Haas, Kevin Fickenscher, Lukas Berger, Luis Mucha, Florian M\u00fcller, Emma Eibisch, Vorstand Gerhard Br\u00fchschwein, Jugendwart Maximilian Schaller und Holger Wurzbacher <\/span><\/figcaption><\/figure><\/div>\n\n\n\n<h4 class=\"wp-block-heading\">Erfolgreiche Tests, Pr\u00fcfungen und Ausbildungen <span style=\"font-family: arial, helvetica, sans-serif;\"><\/span><\/h4>\n\n\n\n<p>Jugendwart Maximilian Schaller erg\u00e4nzte den R\u00fcckblick mit einigen Statistiken aus dem letzten Jahr. Er berichtete von insgesamt 69 Treffen, an denen jeder Jugendliche beachtliche 258 Stunden Feuerwehrdienst leistete. Durch die Teilnahme an Kuppelcup und Jugendleistungsmarsch konnten die Heranwachsenden ihren hohen Ausbildungsstand unter Beweis stellen. Mehrere Jugendliche legten hervorragende Ergebnisse beim Wissenstest und der deutschen Jugendleistungsspange ab. Den ersten Schritt ihrer Grundausbildung konnten Lukas Berger, Emma Eibisch, Anna Haas und Cosima Rubner mit dem erfolgreichen Bestehen der Modularen Truppausbildung abschlie\u00dfen. Im vergangenen Jahr wurden zwei Neueintritte in die Wehr verzeichnet, gleichzeitig traten zwei Jugendliche in die aktive Wehr \u00fcber, womit sich zum 01.01.18 wieder ein Mitgliederstand von zehn Jugendlichen ergibt. <span style=\"font-family: arial, helvetica, sans-serif; font-size: 14px;\"><\/span><\/p>\n\n\n\n<h4 class=\"wp-block-heading\">Emma Eibisch neue Jugendsprecherin <span style=\"font-family: arial, helvetica, sans-serif;\"><\/span><\/h4>\n\n\n\n<p>Die Kassenpr\u00fcfer Lukas Berger und Emma Eibisch bescheinigten der Kassenwartin Anna Haas eine einwandfrei gef\u00fchrte Kasse, welche anschlie\u00dfend durch die Versammlung per Handzeichen entlastet wurde. Bei der Wahl zum neuen Jugendsprecher setzt sich Emma Eibisch durch, um in Zukunft die Interessen der Jugendgruppe zu vertreten. <span style=\"font-family: arial, helvetica, sans-serif; font-size: 14px;\"><\/span><\/p>\n\n\n\n<p>Anschlie\u00dfend gab Jugendwart Holger Wurzbacher einen Ausblick auf das Jahr 2018, welches wieder einen gef\u00fcllten Dienstplan aufweist. Neben zahlreichen Unterrichte und Ausbildungseinheiten wird \u00a0wieder einen Berufsfeuerwehrtag sowie ein Ausflug mit Zeltlager stattfinden, damit der Spa\u00df auch nicht zur kurz kommt. <span style=\"font-family: arial, helvetica, sans-serif; font-size: 14px;\"><\/span><\/p>\n\n\n\n<p>In den Gru\u00dfworten dankten Kommandant Martin Wurzbacher und Vorstand Gerhard Br\u00fchschwein den Jugendlichen f\u00fcr Ihre Unterst\u00fctzung und Engagement auch bei Terminen der aktiven Wehr und des Vereins. B\u00fcrgermeisterin Patricia Rubner lobte die eigenst\u00e4ndige Jugendgruppe und freute sie sich vor allem dar\u00fcber, dass alle Jugendlichem aus dem gesamten Gemeindegebiet bei der Jugendgruppe willkommen sind und eine optimale Ausbildung erhalten. Abschlie\u00dfend informierte sie die Jugendlichen dar\u00fcber, dass der geplante Jugendraum voraussichtlich bereits Mitte des Jahres realisiert werden kann. <span style=\"font-family: arial, helvetica, sans-serif; font-size: 14px;\"><\/span><\/p>\n\n\n\n<p style=\"font-size:11px\">Bericht: Maximillian Schaller <span style=\"font-family: arial, helvetica, sans-serif; font-size: 12px;\"><\/span><\/p>\n","protected":false},"excerpt":{"rendered":"<div class=\"mh-excerpt\">Auf ein ereignisreiches und aufregendes Jahr blickte die Jugendgruppe der FF Berg an ihrer Jahreshauptversammlung zur\u00fcck.\u00a0Dazu geh\u00f6rten zahlreiche \u00dcbungen und Unterrichten sowie die beiden Highlights Berufsfeuerwehrtag und Kreisjugendzeltlager in K\u00f6ditz.<\/div>\n<p> <a class=\"mh-excerpt-more\" href=\"https:\/\/www.ffw-berg.de\/wordpress\/jhv-der-jugendgruppe-2018\/\" title=\"JHV der Jugendgruppe 2018\">[  Mehr &gt;&gt; ]<\/a><\/p>\n","protected":false},"author":2,"featured_media":212827,"comment_status":"closed","ping_status":"open","sticky":false,"template":"","format":"standard","meta":{"footnotes":""},"categories":[66],"tags":[103,257,342,461,529,626,660,795,796,797,798,799,800],"class_list":{"0":"post-212823","1":"post","2":"type-post","3":"status-publish","4":"format-standard","5":"has-post-thumbnail","7":"category-jf-jhv","8":"tag-uebungen","9":"tag-unterrichte","10":"tag-jugendfeuerwehr","11":"tag-jugendleistungsmarsch","12":"tag-modulare-truppausbildung","13":"tag-kuppel-cup-2017","14":"tag-mta","15":"tag-jf-jhv2018","16":"tag-berufsfeuerwehrtag","17":"tag-kreijugendzeltlager","18":"tag-deutsche-jugendleistungsspange","19":"tag-wissenstest","20":"tag-jugendsprecher"},"_links":{"self":[{"href":"https:\/\/www.ffw-berg.de\/wordpress\/wp-json\/wp\/v2\/posts\/212823","targetHints":{"allow":["GET"]}}],"collection":[{"href":"https:\/\/www.ffw-berg.de\/wordpress\/wp-json\/wp\/v2\/posts"}],"about":[{"href":"https:\/\/www.ffw-berg.de\/wordpress\/wp-json\/wp\/v2\/types\/post"}],"author":[{"embeddable":true,"href":"https:\/\/www.ffw-berg.de\/wordpress\/wp-json\/wp\/v2\/users\/2"}],"replies":[{"embeddable":true,"href":"https:\/\/www.ffw-berg.de\/wordpress\/wp-json\/wp\/v2\/comments?post=212823"}],"version-history":[{"count":0,"href":"https:\/\/www.ffw-berg.de\/wordpress\/wp-json\/wp\/v2\/posts\/212823\/revisions"}],"wp:featuredmedia":[{"embeddable":true,"href":"https:\/\/www.ffw-berg.de\/wordpress\/wp-json\/wp\/v2\/media\/212827"}],"wp:attachment":[{"href":"https:\/\/www.ffw-berg.de\/wordpress\/wp-json\/wp\/v2\/media?parent=212823"}],"wp:term":[{"taxonomy":"category","embeddable":true,"href":"https:\/\/www.ffw-berg.de\/wordpress\/wp-json\/wp\/v2\/categories?post=212823"},{"taxonomy":"post_tag","embeddable":true,"href":"https:\/\/www.ffw-berg.de\/wordpress\/wp-json\/wp\/v2\/tags?post=212823"}],"curies":[{"name":"wp","href":"https:\/\/api.w.org\/{rel}","templated":true}]}}