{"id":213049,"date":"2018-04-11T23:00:43","date_gmt":"2018-04-11T21:00:43","guid":{"rendered":"http:\/\/www.ffw-berg.de\/wordpress\/?p=213049"},"modified":"2018-12-31T22:43:23","modified_gmt":"2018-12-31T21:43:23","slug":"einsatz-vom-11-04-18-lkw-brand","status":"publish","type":"post","link":"https:\/\/www.ffw-berg.de\/wordpress\/einsatz-vom-11-04-18-lkw-brand\/","title":{"rendered":"Einsatz vom 11.04.18 &#8211; LKW Brand"},"content":{"rendered":"<p><span style=\"font-family: arial, helvetica, sans-serif;\">[one_half]<\/span><\/p>\n<p style=\"padding-left: 60px;\"><span style=\"color: #993300; font-size: 12pt;\"><strong><span style=\"font-family: arial, helvetica, sans-serif;\">Nr.<\/span><\/strong><\/span><\/p>\n<p style=\"padding-left: 60px;\"><span style=\"color: #993300; font-size: 12pt;\"><strong><span style=\"font-family: arial, helvetica, sans-serif;\">Alarmzeit<\/span><\/strong><\/span><\/p>\n<p style=\"padding-left: 60px;\"><span style=\"color: #993300; font-size: 12pt;\"><strong><span style=\"font-family: arial, helvetica, sans-serif;\">Einsatzdauer<\/span><\/strong><\/span><\/p>\n<p style=\"padding-left: 60px;\"><span style=\"color: #993300; font-size: 12pt;\"><strong><span style=\"font-family: arial, helvetica, sans-serif;\">Einsatzort<\/span><\/strong><\/span><\/p>\n<p style=\"padding-left: 60px;\"><span style=\"color: #993300; font-size: 12pt;\"><strong><span style=\"font-family: arial, helvetica, sans-serif;\">Einsatzart\u00a0<\/span><\/strong><\/span><\/p>\n<p style=\"padding-left: 60px;\"><span style=\"color: #993300; font-size: 12pt;\"><strong><span style=\"font-family: arial, helvetica, sans-serif;\">Eingesetzte Fahrzeuge\u00a0<\/span><\/strong><\/span><\/p>\n<p style=\"padding-left: 60px;\"><span style=\"color: #993300; font-size: 12pt;\"><strong><span style=\"font-family: arial, helvetica, sans-serif;\">Einsatzmittel<\/span><\/strong><\/span><\/p>\n<p>&nbsp;<\/p>\n<p><span style=\"font-family: arial, helvetica, sans-serif;\">[\/one_half]<\/span><\/p>\n<p><span style=\"font-family: arial, helvetica, sans-serif;\">[one_half_last]<\/span><\/p>\n<p><span style=\"font-size: 12pt;\"><strong><span style=\"color: #993300;\"><span style=\"font-family: arial, helvetica, sans-serif;\">17<\/span><\/span><\/strong><\/span><\/p>\n<p><span style=\"font-size: 16px;\"><strong><span style=\"font-family: arial, helvetica, sans-serif;\">23.00 Uhr<\/span><\/strong><\/span><\/p>\n<p><span style=\"font-size: 16px;\"><strong><span style=\"font-family: arial, helvetica, sans-serif;\">0,80 Std<\/span><\/strong><\/span><\/p>\n<p><span style=\"font-size: 16px;\"><strong><span style=\"font-family: arial, helvetica, sans-serif;\">BAB A9 Fahrtrichtung S\u00fcden, Km 249<\/span><\/strong><\/span><\/p>\n<p><span style=\"font-size: 16px;\"><strong><span style=\"font-family: arial, helvetica, sans-serif;\">B2 | Brand LKW<\/span><\/strong><\/span><\/p>\n<p><span style=\"font-size: 16px;\"><strong><span style=\"font-family: arial, helvetica, sans-serif;\">HLF20, LF 8\/6, MTW, MZF, VSA<\/span><\/strong><\/span><\/p>\n<p><span style=\"font-size: 16px;\"><span style=\"font-family: arial, helvetica, sans-serif;\"><b>Kommunikationsger\u00e4t, <\/b><\/span><span style=\"font-family: arial, helvetica, sans-serif;\"><b>C-\/D-Rohre, Feuerl\u00f6scher,<\/b><\/span><span style=\"font-family: arial, helvetica, sans-serif;\"><b>\u00a0Verkehrssicherungsger\u00e4t, WBK<\/b><\/span><\/span><\/p>\n<h4><span style=\"font-family: arial, helvetica, sans-serif;\">[\/one_half_last]<\/span><\/h4>\n<hr \/>\n<h4><strong><span style=\"font-family: arial, helvetica, sans-serif; color: #993300;\">Einsatzbericht<\/span><\/strong><\/h4>\n<div class=\"page\" title=\"Page 1\">\n<div class=\"layoutArea\">\n<div class=\"column\">\n<div class=\"page\" title=\"Page 1\">\n<div class=\"layoutArea\">\n<div class=\"column\">\n<div class=\"page\" title=\"Page 1\">\n<div class=\"layoutArea\">\n<div class=\"column\">\n<p><span style=\"font-family: arial, helvetica, sans-serif;\">Die Feuerwehr aus Berg und ein TLF aus Naila wurden gegen 23:00 Uhr alarmiert.<\/span><\/p>\n<p><span style=\"font-family: arial, helvetica, sans-serif;\"> Ein brennender Reifen eines LKW, der auf der BAB 9 in Fahrtrichtung S\u00fcden unterwegs war, mu\u00dfte gel\u00f6scht werden. Der Fahrer konnte mit Hilfe des mitgef\u00fchrten Feuerl\u00f6schers bereits erste L\u00f6schversuche unternehmen und das Ausbreiten des Brandes verhindern. <\/span><\/p>\n<p><span style=\"font-family: arial, helvetica, sans-serif;\">Durch den ersteintreffenden Einsatzleiter wurde das Feuer dann durch Einsatz eines weiteren Feuerl\u00f6scher gel\u00f6scht. Das betreffende Rad wurde anschlie\u00dfend noch mit Wasser abgek\u00fchlt und mit der W\u00e4rmebildkamera kontrolliert.<\/span><\/p>\n<\/div>\n<\/div>\n<\/div>\n<\/div>\n<\/div>\n<\/div>\n<\/div>\n<\/div>\n<\/div>\n","protected":false},"excerpt":{"rendered":"<div class=\"mh-excerpt\"><span style=\"font-family: arial, helvetica, sans-serif; font-size: 14px;\"><strong>Nr. 17<\/strong>\u00a0| Zeit: 23.00 Uhr | BAB A9 Fahrtrichtung S\u00fcden, Km 249\u00a0<\/span><span style=\"font-family: arial, helvetica, sans-serif; font-size: 14px;\">| B<\/span><\/p>\n<p><span style=\"font-family: arial, helvetica, sans-serif; font-size: 14px;\">Eingesetzte Fahrzeuge: HLF 20, LF 8\/6, MTW, MZF, VSA<\/span><\/div>\n<p> <a class=\"mh-excerpt-more\" href=\"https:\/\/www.ffw-berg.de\/wordpress\/einsatz-vom-11-04-18-lkw-brand\/\" title=\"Einsatz vom 11.04.18 &#8211; LKW Brand\">[  Mehr &gt;&gt; ]<\/a><\/p>\n","protected":false},"author":2,"featured_media":212207,"comment_status":"closed","ping_status":"open","sticky":false,"template":"","format":"standard","meta":{"footnotes":""},"categories":[722],"tags":[71,72,362,363,364,149,161,171,172,562,567,706],"class_list":{"0":"post-213049","1":"post","2":"type-post","3":"status-publish","4":"format-standard","5":"has-post-thumbnail","7":"category-einsaetze-2018","8":"tag-wbk","9":"tag-brand","10":"tag-vsa","11":"tag-mzf","12":"tag-mtw","13":"tag-lf-86","14":"tag-material-und-geraet-zur-verkehrssicherung","15":"tag-feuerloescher","16":"tag-waermebildkamera","17":"tag-kommunikationsgeraete","18":"tag-c-d-rohre","19":"tag-hlf-20"},"_links":{"self":[{"href":"https:\/\/www.ffw-berg.de\/wordpress\/wp-json\/wp\/v2\/posts\/213049","targetHints":{"allow":["GET"]}}],"collection":[{"href":"https:\/\/www.ffw-berg.de\/wordpress\/wp-json\/wp\/v2\/posts"}],"about":[{"href":"https:\/\/www.ffw-berg.de\/wordpress\/wp-json\/wp\/v2\/types\/post"}],"author":[{"embeddable":true,"href":"https:\/\/www.ffw-berg.de\/wordpress\/wp-json\/wp\/v2\/users\/2"}],"replies":[{"embeddable":true,"href":"https:\/\/www.ffw-berg.de\/wordpress\/wp-json\/wp\/v2\/comments?post=213049"}],"version-history":[{"count":0,"href":"https:\/\/www.ffw-berg.de\/wordpress\/wp-json\/wp\/v2\/posts\/213049\/revisions"}],"wp:featuredmedia":[{"embeddable":true,"href":"https:\/\/www.ffw-berg.de\/wordpress\/wp-json\/wp\/v2\/media\/212207"}],"wp:attachment":[{"href":"https:\/\/www.ffw-berg.de\/wordpress\/wp-json\/wp\/v2\/media?parent=213049"}],"wp:term":[{"taxonomy":"category","embeddable":true,"href":"https:\/\/www.ffw-berg.de\/wordpress\/wp-json\/wp\/v2\/categories?post=213049"},{"taxonomy":"post_tag","embeddable":true,"href":"https:\/\/www.ffw-berg.de\/wordpress\/wp-json\/wp\/v2\/tags?post=213049"}],"curies":[{"name":"wp","href":"https:\/\/api.w.org\/{rel}","templated":true}]}}