{"id":213306,"date":"2018-07-21T20:00:40","date_gmt":"2018-07-21T18:00:40","guid":{"rendered":"http:\/\/www.ffw-berg.de\/wordpress\/?p=213306"},"modified":"2026-02-24T12:38:05","modified_gmt":"2026-02-24T11:38:05","slug":"fahrsicherheitstraining-2018-in-berg","status":"publish","type":"post","link":"https:\/\/www.ffw-berg.de\/wordpress\/fahrsicherheitstraining-2018-in-berg\/","title":{"rendered":"Fahrsicherheitstraining 2018 in Berg"},"content":{"rendered":"<h3><span style=\"font-family: arial, helvetica, sans-serif; color: #800000;\">Fahrsicherheitstraining 2018 f\u00fcr die Feuerwehren des Landkreises Hof<img loading=\"lazy\" decoding=\"async\" class=\"alignright wp-image-213309 size-medium\" src=\"http:\/\/www.ffw-berg.de\/wordpress\/wp-content\/uploads\/2018\/08\/fahrtraining2018_4-167x250.jpg\" alt=\"fahrtraining2018_4\" width=\"167\" height=\"250\" srcset=\"https:\/\/www.ffw-berg.de\/wordpress\/wp-content\/uploads\/2018\/08\/fahrtraining2018_4-167x250.jpg 167w, https:\/\/www.ffw-berg.de\/wordpress\/wp-content\/uploads\/2018\/08\/fahrtraining2018_4-80x120.jpg 80w, https:\/\/www.ffw-berg.de\/wordpress\/wp-content\/uploads\/2018\/08\/fahrtraining2018_4-768x1152.jpg 768w, https:\/\/www.ffw-berg.de\/wordpress\/wp-content\/uploads\/2018\/08\/fahrtraining2018_4-512x768.jpg 512w, https:\/\/www.ffw-berg.de\/wordpress\/wp-content\/uploads\/2018\/08\/fahrtraining2018_4.jpg 1280w\" sizes=\"auto, (max-width: 167px) 100vw, 167px\" \/><\/span><\/h3>\n<p style=\"text-align: justify;\"><span style=\"font-family: arial, helvetica, sans-serif; font-size: 14px;\">An die Maschinisten von Feuerwehrfahrzeugen werden auf dem Weg zum Einsatzort besonders hohe Anforderungen gestellt, neben dem Zeitdruck stellen besonders die unklaren Verkehrssituationen sowie verschiedenste Fahrbahnverh\u00e4ltnissen die Fahrer vor gro\u00dfe Herausforderungen.\u00a0Daher bietet die Kommunale Unfallversicherung Bayern (KUVB) bereits seit mehreren Jahren f\u00fcr Freiwillige Feuerwehren spezielle Fahrsicherheitstrainings an, um die L\u00f6schfahrzeuge in Gefahrensituationen besser einsch\u00e4tzen zu k\u00f6nnen und somit effektiver reagieren zu k\u00f6nnen.<\/span><\/p>\n<p style=\"text-align: justify;\"><span style=\"font-family: arial, helvetica, sans-serif; font-size: 14px;\">Am Samstag den 30.06. und 21.07. fand unter der Leitung der Fahrschule R\u00f6del dieses Fahrsicherheitstraining f\u00fcr die Feuerwehren des Landkreises Hof auf dem Gel\u00e4nde des Autohofs Berg statt. Sieben unserer Maschinisten hatten hierbei die Gelegenheit mit unserem MTW und HLF 20 teilzunehmen.<\/span><\/p>\n<p style=\"text-align: justify;\"><span style=\"font-family: arial, helvetica, sans-serif; font-size: 14px;\">Neben einem theoretischen Teil, indem die Kenntnisse der Teilnehmer in den Bereichen rechtliche Grundlagen und Fahrphysik aufgefrischt wurden, durchliefen die Kameraden anschlie\u00dfend den praktischen Teil. Hier mussten die L\u00f6schfahrzeuge durch einen Rangier-Parkour man\u00f6vriert werden, bei dem vor allem die Abma\u00dfe der Fahrzeuge richtig eingesch\u00e4tzt werden mussten. Besonders trainiert wurden ebenfalls Brems- und kombinierte Bremsausweich\u00fcbungen auf unterschiedlichen Fahrbahnverh\u00e4ltnisse, welche mittels Strahlrohren und einer Plane simuliert wurden.<\/span><\/p>\n<div id='gallery-1' class='gallery galleryid-213306 gallery-columns-2 gallery-size-large'><figure class='gallery-item'>\n\t\t\t<div class='gallery-icon landscape'>\n\t\t\t\t<a href='https:\/\/www.ffw-berg.de\/wordpress\/wp-content\/uploads\/2018\/08\/fahrtraining2018_2.jpg'><img loading=\"lazy\" decoding=\"async\" width=\"1080\" height=\"608\" src=\"https:\/\/www.ffw-berg.de\/wordpress\/wp-content\/uploads\/2018\/08\/fahrtraining2018_2-1080x608.jpg\" class=\"attachment-large size-large\" alt=\"fahrtraining2018_2\" srcset=\"https:\/\/www.ffw-berg.de\/wordpress\/wp-content\/uploads\/2018\/08\/fahrtraining2018_2-1080x608.jpg 1080w, https:\/\/www.ffw-berg.de\/wordpress\/wp-content\/uploads\/2018\/08\/fahrtraining2018_2-120x68.jpg 120w, https:\/\/www.ffw-berg.de\/wordpress\/wp-content\/uploads\/2018\/08\/fahrtraining2018_2-300x169.jpg 300w, https:\/\/www.ffw-berg.de\/wordpress\/wp-content\/uploads\/2018\/08\/fahrtraining2018_2-768x432.jpg 768w, https:\/\/www.ffw-berg.de\/wordpress\/wp-content\/uploads\/2018\/08\/fahrtraining2018_2-678x381.jpg 678w, https:\/\/www.ffw-berg.de\/wordpress\/wp-content\/uploads\/2018\/08\/fahrtraining2018_2.jpg 1280w\" sizes=\"auto, (max-width: 1080px) 100vw, 1080px\" \/><\/a>\n\t\t\t<\/div><\/figure><figure class='gallery-item'>\n\t\t\t<div class='gallery-icon landscape'>\n\t\t\t\t<a href='https:\/\/www.ffw-berg.de\/wordpress\/wp-content\/uploads\/2018\/08\/fahrtraining2018_22.jpg'><img loading=\"lazy\" decoding=\"async\" width=\"1080\" height=\"608\" src=\"https:\/\/www.ffw-berg.de\/wordpress\/wp-content\/uploads\/2018\/08\/fahrtraining2018_22-1080x608.jpg\" class=\"attachment-large size-large\" alt=\"fahrtraining2018_22\" srcset=\"https:\/\/www.ffw-berg.de\/wordpress\/wp-content\/uploads\/2018\/08\/fahrtraining2018_22-1080x608.jpg 1080w, https:\/\/www.ffw-berg.de\/wordpress\/wp-content\/uploads\/2018\/08\/fahrtraining2018_22-120x68.jpg 120w, https:\/\/www.ffw-berg.de\/wordpress\/wp-content\/uploads\/2018\/08\/fahrtraining2018_22-300x169.jpg 300w, https:\/\/www.ffw-berg.de\/wordpress\/wp-content\/uploads\/2018\/08\/fahrtraining2018_22-768x432.jpg 768w, https:\/\/www.ffw-berg.de\/wordpress\/wp-content\/uploads\/2018\/08\/fahrtraining2018_22-678x381.jpg 678w, https:\/\/www.ffw-berg.de\/wordpress\/wp-content\/uploads\/2018\/08\/fahrtraining2018_22.jpg 1280w\" sizes=\"auto, (max-width: 1080px) 100vw, 1080px\" \/><\/a>\n\t\t\t<\/div><\/figure>\n\t\t<\/div>\n\n<p><img loading=\"lazy\" decoding=\"async\" class=\"aligncenter size-full wp-image-213310\" src=\"http:\/\/www.ffw-berg.de\/wordpress\/wp-content\/uploads\/2018\/08\/fahrtraining2018_11.jpg\" alt=\"fahrtraining2018_11\" width=\"1280\" height=\"720\" srcset=\"https:\/\/www.ffw-berg.de\/wordpress\/wp-content\/uploads\/2018\/08\/fahrtraining2018_11.jpg 1280w, https:\/\/www.ffw-berg.de\/wordpress\/wp-content\/uploads\/2018\/08\/fahrtraining2018_11-120x68.jpg 120w, https:\/\/www.ffw-berg.de\/wordpress\/wp-content\/uploads\/2018\/08\/fahrtraining2018_11-300x169.jpg 300w, https:\/\/www.ffw-berg.de\/wordpress\/wp-content\/uploads\/2018\/08\/fahrtraining2018_11-768x432.jpg 768w, https:\/\/www.ffw-berg.de\/wordpress\/wp-content\/uploads\/2018\/08\/fahrtraining2018_11-1080x608.jpg 1080w, https:\/\/www.ffw-berg.de\/wordpress\/wp-content\/uploads\/2018\/08\/fahrtraining2018_11-678x381.jpg 678w\" sizes=\"auto, (max-width: 1280px) 100vw, 1280px\" \/><\/p>\n<p><span style=\"font-family: arial, helvetica, sans-serif; font-size: 12px;\">Bericht: Maximilian Schaller<\/span><\/p>\n<h4 style=\"text-align: center;\"><span style=\"color: #800000; font-family: arial, helvetica, sans-serif;\">Alle Bilder vom Sicherheitstraining in unserem Album bei<\/span><\/h4>\n<blockquote class=\"embedly-card\" data-card-controls=\"0\" data-card-align=\"center\" data-card-theme=\"light\">\n<h4><a href=\"https:\/\/photos.app.goo.gl\/N57jxXwCjN1fVQ916\">No Title<\/a><\/h4>\n<p>No Description<\/p>\n<\/blockquote>\n<p><script async src=\"\/\/cdn.embedly.com\/widgets\/platform.js\" charset=\"UTF-8\"><\/script><\/p>\n","protected":false},"excerpt":{"rendered":"<div class=\"mh-excerpt\"><span style=\"font-family: arial, helvetica, sans-serif; font-size: 14px;\">Am Samstag den 30.06. und 21.07. fand unter der Leitung der Fahrschule R\u00f6del dieses Fahrsicherheitstraining f\u00fcr die Feuerwehren des Landkreises Hof auf dem Gel\u00e4nde des Autohofs Berg statt. Sieben unserer Maschinisten waren mit dabei.<\/span><\/div>\n<p> <a class=\"mh-excerpt-more\" href=\"https:\/\/www.ffw-berg.de\/wordpress\/fahrsicherheitstraining-2018-in-berg\/\" title=\"Fahrsicherheitstraining 2018 in Berg\">[  Mehr &gt;&gt; ]<\/a><\/p>\n","protected":false},"author":2,"featured_media":213310,"comment_status":"closed","ping_status":"open","sticky":false,"template":"","format":"standard","meta":{"footnotes":""},"categories":[896,48,747],"tags":[263,544,860,861,862,863,864,865,866],"class_list":{"0":"post-213306","1":"post","2":"type-post","3":"status-publish","4":"format-standard","5":"has-post-thumbnail","7":"category-pressearchiv","8":"category-press_rss","9":"category-wir-ueber-uns-2","10":"tag-ff-berg","11":"tag-autohof-berg","12":"tag-fahrsicherheitstraining","13":"tag-freiwillige-feuerwehren","14":"tag-kommunale-unfallversicherung-bayern","15":"tag-fahrphysik","16":"tag-fahrtraining","17":"tag-fahrschule-roedel","18":"tag-fst2018"},"_links":{"self":[{"href":"https:\/\/www.ffw-berg.de\/wordpress\/wp-json\/wp\/v2\/posts\/213306","targetHints":{"allow":["GET"]}}],"collection":[{"href":"https:\/\/www.ffw-berg.de\/wordpress\/wp-json\/wp\/v2\/posts"}],"about":[{"href":"https:\/\/www.ffw-berg.de\/wordpress\/wp-json\/wp\/v2\/types\/post"}],"author":[{"embeddable":true,"href":"https:\/\/www.ffw-berg.de\/wordpress\/wp-json\/wp\/v2\/users\/2"}],"replies":[{"embeddable":true,"href":"https:\/\/www.ffw-berg.de\/wordpress\/wp-json\/wp\/v2\/comments?post=213306"}],"version-history":[{"count":0,"href":"https:\/\/www.ffw-berg.de\/wordpress\/wp-json\/wp\/v2\/posts\/213306\/revisions"}],"wp:featuredmedia":[{"embeddable":true,"href":"https:\/\/www.ffw-berg.de\/wordpress\/wp-json\/wp\/v2\/media\/213310"}],"wp:attachment":[{"href":"https:\/\/www.ffw-berg.de\/wordpress\/wp-json\/wp\/v2\/media?parent=213306"}],"wp:term":[{"taxonomy":"category","embeddable":true,"href":"https:\/\/www.ffw-berg.de\/wordpress\/wp-json\/wp\/v2\/categories?post=213306"},{"taxonomy":"post_tag","embeddable":true,"href":"https:\/\/www.ffw-berg.de\/wordpress\/wp-json\/wp\/v2\/tags?post=213306"}],"curies":[{"name":"wp","href":"https:\/\/api.w.org\/{rel}","templated":true}]}}