{"id":213356,"date":"2018-08-19T15:39:22","date_gmt":"2018-08-19T13:39:22","guid":{"rendered":"http:\/\/www.ffw-berg.de\/wordpress\/?p=213356"},"modified":"2018-12-31T22:40:33","modified_gmt":"2018-12-31T21:40:33","slug":"einsatz-vom-30-03-18-kellerbrand-war-kaminbrand-2","status":"publish","type":"post","link":"https:\/\/www.ffw-berg.de\/wordpress\/einsatz-vom-30-03-18-kellerbrand-war-kaminbrand-2\/","title":{"rendered":"Einsatz vom 19.08.18 &#8211; Garagenbrand"},"content":{"rendered":"<p><span style=\"font-family: arial, helvetica, sans-serif;\">[one_half]<\/span><\/p>\n<p style=\"padding-left: 60px;\"><span style=\"color: #993300; font-size: 12pt;\"><strong><span style=\"font-family: arial, helvetica, sans-serif;\">Nr.<\/span><\/strong><\/span><\/p>\n<p style=\"padding-left: 60px;\"><span style=\"color: #993300; font-size: 12pt;\"><strong><span style=\"font-family: arial, helvetica, sans-serif;\">Alarmzeit<\/span><\/strong><\/span><\/p>\n<p style=\"padding-left: 60px;\"><span style=\"color: #993300; font-size: 12pt;\"><strong><span style=\"font-family: arial, helvetica, sans-serif;\">Einsatzdauer<\/span><\/strong><\/span><\/p>\n<p style=\"padding-left: 60px;\"><span style=\"color: #993300; font-size: 12pt;\"><strong><span style=\"font-family: arial, helvetica, sans-serif;\">Einsatzort<\/span><\/strong><\/span><\/p>\n<p style=\"padding-left: 60px;\"><span style=\"color: #993300; font-size: 12pt;\"><strong><span style=\"font-family: arial, helvetica, sans-serif;\">Einsatzart\u00a0<\/span><\/strong><\/span><\/p>\n<p style=\"padding-left: 60px;\"><span style=\"color: #993300; font-size: 12pt;\"><strong><span style=\"font-family: arial, helvetica, sans-serif;\">Eingesetzte Fahrzeuge\u00a0<\/span><\/strong><\/span><\/p>\n<p style=\"padding-left: 60px;\"><span style=\"color: #993300; font-size: 12pt;\"><strong><span style=\"font-family: arial, helvetica, sans-serif;\">Einsatzmittel<\/span><\/strong><\/span><\/p>\n<p>&nbsp;<\/p>\n<p><span style=\"font-family: arial, helvetica, sans-serif;\">[\/one_half]<\/span><\/p>\n<p><span style=\"font-family: arial, helvetica, sans-serif;\">[one_half_last]<\/span><\/p>\n<p><span style=\"color: #993300; font-family: arial, helvetica, sans-serif; font-size: 16px;\"><span style=\"caret-color: #993300;\"><b>29<\/b><\/span><\/span><\/p>\n<p><span style=\"font-size: 16px;\"><strong><span style=\"font-family: arial, helvetica, sans-serif;\">15.39 Uhr<\/span><\/strong><\/span><\/p>\n<p><span style=\"font-size: 16px;\"><strong><span style=\"font-family: arial, helvetica, sans-serif;\">0,85 Std<\/span><\/strong><\/span><\/p>\n<p><span style=\"font-size: 16px;\"><strong><span style=\"font-family: arial, helvetica, sans-serif;\">Friedensweg, Berg<\/span><\/strong><\/span><\/p>\n<p><span style=\"font-size: 16px;\"><strong><span style=\"font-family: arial, helvetica, sans-serif;\">B3 | in Garage<\/span><\/strong><\/span><\/p>\n<p><span style=\"font-size: 16px;\"><strong><span style=\"font-family: arial, helvetica, sans-serif;\">HLF 20, LF 8\/6, MTW, MZF<\/span><\/strong><\/span><\/p>\n<p><span style=\"font-family: arial, helvetica, sans-serif; font-size: 16px;\"><b>Kommunikationsger\u00e4t, Hitzeschutzbekleidung,<\/b><\/span><span style=\"font-family: arial, helvetica, sans-serif; font-size: 16px;\"><b>\u00a0PA, WBK, C-\/D-Rohre, L\u00f6schwasser 1000 ltr., tragbare Feuerwehrleiter, Ger\u00e4t zur Verkehrslenkung<\/b><\/span><\/p>\n<h4><span style=\"font-family: arial, helvetica, sans-serif;\">[\/one_half_last]<\/span><\/h4>\n<hr \/>\n<h4><strong><span style=\"font-family: arial, helvetica, sans-serif; color: #993300;\">Einsatzbericht<\/span><\/strong><\/h4>\n<p><span style=\"font-family: arial, helvetica, sans-serif;\">Die Feuerwehr Berg wurde zu einem Garagen-Brand alarmiert.<\/span><\/p>\n<p><span style=\"font-family: arial, helvetica, sans-serif;\">Bei Reparaturarbeiten an einem Motorrad, musste das Benzin aus dem Tank abgelassen werden. Dabei kam es, wohl aufgrund der hohen Temperaturen, zu einer Entz\u00fcndung des Treibstoffes. Ein gr\u00f6\u00dferes Ausbreiten konnte durch das schnelle Eingreifen, eines alarmierten Kreisbrandmeisters mittels Feuerl\u00f6scher verhindert werden. Durch die Feuerwehr Berg wurden noch Nachl\u00f6schenarbeiten durchgef\u00fchrt, und die Garage auf Glutnester kontrolliert.<\/span><\/p>\n<div class=\"page\" title=\"Page 1\">\n<div class=\"layoutArea\">\n<div class=\"column\">\n<div class=\"page\" title=\"Page 1\">\n<div class=\"layoutArea\">\n<div class=\"column\">\n<div class=\"page\" title=\"Page 1\">\n<div class=\"layoutArea\">\n<div class=\"column\">\n<h4 style=\"text-align: center;\"><span style=\"font-family: arial, helvetica, sans-serif; color: #800000;\">Einsatzfotos:<\/span><\/h4>\n<div id='gallery-1' class='gallery galleryid-213356 gallery-columns-3 gallery-size-large'><figure class='gallery-item'>\n\t\t\t<div class='gallery-icon landscape'>\n\t\t\t\t<a href='https:\/\/www.ffw-berg.de\/wordpress\/wp-content\/uploads\/2018\/08\/2018-08-19_b1.jpg'><img loading=\"lazy\" decoding=\"async\" width=\"1080\" height=\"608\" src=\"https:\/\/www.ffw-berg.de\/wordpress\/wp-content\/uploads\/2018\/08\/2018-08-19_b1-1080x608.jpg\" class=\"attachment-large size-large\" alt=\"2018-08-19_b1\" srcset=\"https:\/\/www.ffw-berg.de\/wordpress\/wp-content\/uploads\/2018\/08\/2018-08-19_b1-1080x608.jpg 1080w, https:\/\/www.ffw-berg.de\/wordpress\/wp-content\/uploads\/2018\/08\/2018-08-19_b1-120x68.jpg 120w, https:\/\/www.ffw-berg.de\/wordpress\/wp-content\/uploads\/2018\/08\/2018-08-19_b1-300x169.jpg 300w, https:\/\/www.ffw-berg.de\/wordpress\/wp-content\/uploads\/2018\/08\/2018-08-19_b1-768x432.jpg 768w, https:\/\/www.ffw-berg.de\/wordpress\/wp-content\/uploads\/2018\/08\/2018-08-19_b1-678x381.jpg 678w, https:\/\/www.ffw-berg.de\/wordpress\/wp-content\/uploads\/2018\/08\/2018-08-19_b1.jpg 1920w\" sizes=\"auto, (max-width: 1080px) 100vw, 1080px\" \/><\/a>\n\t\t\t<\/div><\/figure><figure class='gallery-item'>\n\t\t\t<div class='gallery-icon landscape'>\n\t\t\t\t<a href='https:\/\/www.ffw-berg.de\/wordpress\/wp-content\/uploads\/2018\/08\/2018-08-19_b2.jpg'><img loading=\"lazy\" decoding=\"async\" width=\"1080\" height=\"608\" src=\"https:\/\/www.ffw-berg.de\/wordpress\/wp-content\/uploads\/2018\/08\/2018-08-19_b2-1080x608.jpg\" class=\"attachment-large size-large\" alt=\"2018-08-19_b2\" srcset=\"https:\/\/www.ffw-berg.de\/wordpress\/wp-content\/uploads\/2018\/08\/2018-08-19_b2-1080x608.jpg 1080w, https:\/\/www.ffw-berg.de\/wordpress\/wp-content\/uploads\/2018\/08\/2018-08-19_b2-120x68.jpg 120w, https:\/\/www.ffw-berg.de\/wordpress\/wp-content\/uploads\/2018\/08\/2018-08-19_b2-300x169.jpg 300w, https:\/\/www.ffw-berg.de\/wordpress\/wp-content\/uploads\/2018\/08\/2018-08-19_b2-768x432.jpg 768w, https:\/\/www.ffw-berg.de\/wordpress\/wp-content\/uploads\/2018\/08\/2018-08-19_b2-678x381.jpg 678w, https:\/\/www.ffw-berg.de\/wordpress\/wp-content\/uploads\/2018\/08\/2018-08-19_b2.jpg 1920w\" sizes=\"auto, (max-width: 1080px) 100vw, 1080px\" \/><\/a>\n\t\t\t<\/div><\/figure><figure class='gallery-item'>\n\t\t\t<div class='gallery-icon landscape'>\n\t\t\t\t<a href='https:\/\/www.ffw-berg.de\/wordpress\/wp-content\/uploads\/2018\/08\/2018-08-19_b0.jpg'><img loading=\"lazy\" decoding=\"async\" width=\"1080\" height=\"608\" src=\"https:\/\/www.ffw-berg.de\/wordpress\/wp-content\/uploads\/2018\/08\/2018-08-19_b0-1080x608.jpg\" class=\"attachment-large size-large\" alt=\"2018-08-19_b0\" srcset=\"https:\/\/www.ffw-berg.de\/wordpress\/wp-content\/uploads\/2018\/08\/2018-08-19_b0-1080x608.jpg 1080w, https:\/\/www.ffw-berg.de\/wordpress\/wp-content\/uploads\/2018\/08\/2018-08-19_b0-120x68.jpg 120w, https:\/\/www.ffw-berg.de\/wordpress\/wp-content\/uploads\/2018\/08\/2018-08-19_b0-300x169.jpg 300w, https:\/\/www.ffw-berg.de\/wordpress\/wp-content\/uploads\/2018\/08\/2018-08-19_b0-768x432.jpg 768w, https:\/\/www.ffw-berg.de\/wordpress\/wp-content\/uploads\/2018\/08\/2018-08-19_b0-678x381.jpg 678w, https:\/\/www.ffw-berg.de\/wordpress\/wp-content\/uploads\/2018\/08\/2018-08-19_b0.jpg 1920w\" sizes=\"auto, (max-width: 1080px) 100vw, 1080px\" \/><\/a>\n\t\t\t<\/div><\/figure>\n\t\t<\/div>\n\n<\/div>\n<\/div>\n<\/div>\n<\/div>\n<\/div>\n<\/div>\n<\/div>\n<\/div>\n<\/div>\n","protected":false},"excerpt":{"rendered":"<div class=\"mh-excerpt\"><span style=\"font-family: arial, helvetica, sans-serif; font-size: 14px;\"><strong>Nr. 29<\/strong>\u00a0| Zeit: 15.39 Uhr | Friedensweg<\/span><span style=\"font-family: arial, helvetica, sans-serif; font-size: 14px;\">, Berg | B<\/span><\/p>\n<p><span style=\"font-family: arial, helvetica, sans-serif; font-size: 14px;\">Eingesetzte Fahrzeuge: HLF 20, LF 8\/6, MTW, MZF<\/span><\/div>\n<p> <a class=\"mh-excerpt-more\" href=\"https:\/\/www.ffw-berg.de\/wordpress\/einsatz-vom-30-03-18-kellerbrand-war-kaminbrand-2\/\" title=\"Einsatz vom 19.08.18 &#8211; Garagenbrand\">[  Mehr &gt;&gt; ]<\/a><\/p>\n","protected":false},"author":2,"featured_media":213360,"comment_status":"closed","ping_status":"open","sticky":false,"template":"","format":"standard","meta":{"footnotes":""},"categories":[722],"tags":[71,72,363,142,364,149,314,390,682,706,828,872,873],"class_list":{"0":"post-213356","1":"post","2":"type-post","3":"status-publish","4":"format-standard","5":"has-post-thumbnail","7":"category-einsaetze-2018","8":"tag-wbk","9":"tag-brand","10":"tag-mzf","11":"tag-geraet-zur-verkehrssicherung-lenkung","12":"tag-mtw","13":"tag-lf-86","14":"tag-c-d-rohr","15":"tag-sonstiges-materialgeraet","16":"tag-feuerloeschwasserbehaelter","17":"tag-hlf-20","18":"tag-hitzeschutzbekleidung","19":"tag-loeschwasser-1000-ltr","20":"tag-tragbare-feuerwehrleiter"},"_links":{"self":[{"href":"https:\/\/www.ffw-berg.de\/wordpress\/wp-json\/wp\/v2\/posts\/213356","targetHints":{"allow":["GET"]}}],"collection":[{"href":"https:\/\/www.ffw-berg.de\/wordpress\/wp-json\/wp\/v2\/posts"}],"about":[{"href":"https:\/\/www.ffw-berg.de\/wordpress\/wp-json\/wp\/v2\/types\/post"}],"author":[{"embeddable":true,"href":"https:\/\/www.ffw-berg.de\/wordpress\/wp-json\/wp\/v2\/users\/2"}],"replies":[{"embeddable":true,"href":"https:\/\/www.ffw-berg.de\/wordpress\/wp-json\/wp\/v2\/comments?post=213356"}],"version-history":[{"count":0,"href":"https:\/\/www.ffw-berg.de\/wordpress\/wp-json\/wp\/v2\/posts\/213356\/revisions"}],"wp:featuredmedia":[{"embeddable":true,"href":"https:\/\/www.ffw-berg.de\/wordpress\/wp-json\/wp\/v2\/media\/213360"}],"wp:attachment":[{"href":"https:\/\/www.ffw-berg.de\/wordpress\/wp-json\/wp\/v2\/media?parent=213356"}],"wp:term":[{"taxonomy":"category","embeddable":true,"href":"https:\/\/www.ffw-berg.de\/wordpress\/wp-json\/wp\/v2\/categories?post=213356"},{"taxonomy":"post_tag","embeddable":true,"href":"https:\/\/www.ffw-berg.de\/wordpress\/wp-json\/wp\/v2\/tags?post=213356"}],"curies":[{"name":"wp","href":"https:\/\/api.w.org\/{rel}","templated":true}]}}