{"id":213371,"date":"2018-09-07T00:02:33","date_gmt":"2018-09-06T22:02:33","guid":{"rendered":"https:\/\/www.ffw-berg.de\/wordpress\/?p=213371"},"modified":"2018-12-31T22:39:51","modified_gmt":"2018-12-31T21:39:51","slug":"einsatz-vom-07-09-18-vu-mit-lkw","status":"publish","type":"post","link":"https:\/\/www.ffw-berg.de\/wordpress\/einsatz-vom-07-09-18-vu-mit-lkw\/","title":{"rendered":"Einsatz vom 07.09.18 &#8211; VU mit LKW"},"content":{"rendered":"<p><span style=\"font-family: arial, helvetica, sans-serif;\">[one_half]<\/span><\/p>\n<p style=\"padding-left: 60px;\"><span style=\"color: #993300; font-size: 12pt;\"><strong><span style=\"font-family: arial, helvetica, sans-serif;\">Nr.<\/span><\/strong><\/span><\/p>\n<p style=\"padding-left: 60px;\"><span style=\"color: #993300; font-size: 12pt;\"><strong><span style=\"font-family: arial, helvetica, sans-serif;\">Alarmzeit<\/span><\/strong><\/span><\/p>\n<p style=\"padding-left: 60px;\"><span style=\"color: #993300; font-size: 12pt;\"><strong><span style=\"font-family: arial, helvetica, sans-serif;\">Einsatzdauer<\/span><\/strong><\/span><\/p>\n<p style=\"padding-left: 60px;\"><span style=\"color: #993300; font-size: 12pt;\"><strong><span style=\"font-family: arial, helvetica, sans-serif;\">Einsatzort<\/span><\/strong><\/span><\/p>\n<p style=\"padding-left: 60px;\"><span style=\"color: #993300; font-size: 12pt;\"><strong><span style=\"font-family: arial, helvetica, sans-serif;\">Einsatzart\u00a0<\/span><\/strong><\/span><\/p>\n<p style=\"padding-left: 60px;\"><span style=\"color: #993300; font-size: 12pt;\"><strong><span style=\"font-family: arial, helvetica, sans-serif;\">Eingesetzte Fahrzeuge\u00a0<\/span><\/strong><\/span><\/p>\n<p style=\"padding-left: 60px;\"><span style=\"color: #993300; font-size: 12pt;\"><strong><span style=\"font-family: arial, helvetica, sans-serif;\">Einsatzmittel<\/span><\/strong><\/span><\/p>\n<p><span style=\"font-family: arial, helvetica, sans-serif;\">[\/one_half]<\/span><\/p>\n<p><span style=\"font-family: arial, helvetica, sans-serif;\">[one_half_last]<\/span><\/p>\n<p><span style=\"color: #993300; font-family: arial, helvetica, sans-serif; font-size: 16px;\"><b>32<\/b><\/span><\/p>\n<p><span style=\"font-size: 12pt;\"><strong><span style=\"font-family: arial, helvetica, sans-serif;\">00.02 Uhr<\/span><\/strong><\/span><\/p>\n<p><span style=\"font-size: 12pt;\"><strong><span style=\"font-family: arial, helvetica, sans-serif;\">2,32 Std<\/span><\/strong><\/span><\/p>\n<p><span style=\"font-size: 12pt;\"><strong><span style=\"font-family: arial, helvetica, sans-serif;\">BAB A9 Fahrtrichtung Norden, Km 252<\/span><\/strong><\/span><\/p>\n<p><span style=\"font-size: 12pt;\"><strong><span style=\"font-family: arial, helvetica, sans-serif;\">THL 4 | VU mit LKW P\u00a0<\/span><\/strong><\/span><span style=\"font-family: arial, helvetica, sans-serif;\"><b>eingeklemmt<\/b><\/span><\/p>\n<p><span style=\"font-size: 12pt;\"><strong><span style=\"font-family: arial, helvetica, sans-serif;\">HLF 20, LF 8\/6, MTW, VSA<\/span><\/strong><\/span><\/p>\n<p><span style=\"font-size: 12pt;\"><strong><span style=\"font-family: arial, helvetica, sans-serif;\">Beleuchtungsger\u00e4te, Ger\u00e4t zur Verkehrslenkung, Kommunikationsger\u00e4t, \u00d6lbindemittel<\/span><\/strong><\/span><\/p>\n<p><span style=\"font-family: arial, helvetica, sans-serif;\">[\/one_half_last]<\/span><\/p>\n<hr \/>\n<h4><strong><span style=\"font-family: arial, helvetica, sans-serif; color: #993300;\">Einsatzbericht<\/span><\/strong><\/h4>\n<p><span style=\"font-family: arial, helvetica, sans-serif;\">Die FF Berg wurde wegen eines Verkehrsunfalls mit einem LKW alarmiert.<\/span><\/p>\n<p><span style=\"font-family: arial, helvetica, sans-serif;\">Nach einem Verkehrsunfall auf der BAB 9 zwischen der AS Naila\/Selbitz und AS Berg\/Bad Steben in Fahrtrichtung Norden, bei dem die Mittelleitplanke auf ca. 50m besch\u00e4digt wurde, wurde ebenfalls die mittlere und linke Spur in Fahrtrichtung S\u00fcden durch Karosserieteile und Erdreich verschmutzt. <\/span><\/p>\n<p><span style=\"font-family: arial, helvetica, sans-serif;\">Durch die Feuerwehr Berg wurde die Einsatzstelle in Fahrtrichtung S\u00fcden abgesichert und gereinigt. Die Haupteinsatzstelle wurde durch die Feuerwehr Selbitz abgearbeitet.<\/span><\/p>\n<hr \/>\n<p><span style=\"font-family: arial, helvetica, sans-serif;\">Pressebericht der Frankenpost vom 13.08.18 lesen Sie <a href=\"https:\/\/www.frankenpost.de\/region\/hof\/Reifenplatzer-sorgt-fuer-40-000-Euro-Schaden;art83415,6274970\" target=\"_blank\" rel=\"noopener\"><strong>hier &gt;<\/strong><\/a><\/span><\/p>\n","protected":false},"excerpt":{"rendered":"<div class=\"mh-excerpt\"><span style=\"font-family: arial, helvetica, sans-serif; font-size: 14px;\"><strong>Nr. 32<\/strong>\u00a0| Alarmzeit: 00.02 Uhr | BAB A9 Fahrtrichtung Norden<\/span><span style=\"font-family: arial, helvetica, sans-serif; font-size: 14px;\">\u00a0| THL<\/span><\/p>\n<p><span style=\"font-family: arial, helvetica, sans-serif; font-size: 14px;\">Eingesetzte Fahrzeuge: HLF 20, LF 8\/6, MTW, VSA<\/span><\/div>\n<p> <a class=\"mh-excerpt-more\" href=\"https:\/\/www.ffw-berg.de\/wordpress\/einsatz-vom-07-09-18-vu-mit-lkw\/\" title=\"Einsatz vom 07.09.18 &#8211; VU mit LKW\">[  Mehr &gt;&gt; ]<\/a><\/p>\n","protected":false},"author":2,"featured_media":212207,"comment_status":"closed","ping_status":"open","sticky":false,"template":"","format":"standard","meta":{"footnotes":""},"categories":[722],"tags":[77,78,362,87,142,364,147,149,706,838,855],"class_list":{"0":"post-213371","1":"post","2":"type-post","3":"status-publish","4":"format-standard","5":"has-post-thumbnail","7":"category-einsaetze-2018","8":"tag-vu","9":"tag-thl","10":"tag-vsa","11":"tag-bab-a9","12":"tag-geraet-zur-verkehrssicherung-lenkung","13":"tag-mtw","14":"tag-kommunikationsmittel","15":"tag-lf-86","16":"tag-hlf-20","17":"tag-verkehrsunfall","18":"tag-sonstiges-geraet"},"_links":{"self":[{"href":"https:\/\/www.ffw-berg.de\/wordpress\/wp-json\/wp\/v2\/posts\/213371","targetHints":{"allow":["GET"]}}],"collection":[{"href":"https:\/\/www.ffw-berg.de\/wordpress\/wp-json\/wp\/v2\/posts"}],"about":[{"href":"https:\/\/www.ffw-berg.de\/wordpress\/wp-json\/wp\/v2\/types\/post"}],"author":[{"embeddable":true,"href":"https:\/\/www.ffw-berg.de\/wordpress\/wp-json\/wp\/v2\/users\/2"}],"replies":[{"embeddable":true,"href":"https:\/\/www.ffw-berg.de\/wordpress\/wp-json\/wp\/v2\/comments?post=213371"}],"version-history":[{"count":0,"href":"https:\/\/www.ffw-berg.de\/wordpress\/wp-json\/wp\/v2\/posts\/213371\/revisions"}],"wp:featuredmedia":[{"embeddable":true,"href":"https:\/\/www.ffw-berg.de\/wordpress\/wp-json\/wp\/v2\/media\/212207"}],"wp:attachment":[{"href":"https:\/\/www.ffw-berg.de\/wordpress\/wp-json\/wp\/v2\/media?parent=213371"}],"wp:term":[{"taxonomy":"category","embeddable":true,"href":"https:\/\/www.ffw-berg.de\/wordpress\/wp-json\/wp\/v2\/categories?post=213371"},{"taxonomy":"post_tag","embeddable":true,"href":"https:\/\/www.ffw-berg.de\/wordpress\/wp-json\/wp\/v2\/tags?post=213371"}],"curies":[{"name":"wp","href":"https:\/\/api.w.org\/{rel}","templated":true}]}}