{"id":213390,"date":"2018-09-30T22:00:40","date_gmt":"2018-09-30T20:00:40","guid":{"rendered":"https:\/\/www.ffw-berg.de\/wordpress\/?p=213390"},"modified":"2026-02-24T12:38:27","modified_gmt":"2026-02-24T11:38:27","slug":"berufsfeuerwehrtag-2018","status":"publish","type":"post","link":"https:\/\/www.ffw-berg.de\/wordpress\/berufsfeuerwehrtag-2018\/","title":{"rendered":"Berufsfeuerwehrtag 2018"},"content":{"rendered":"\n<h2 class=\"wp-block-heading\">F\u00fcr einen Tag Berufsfeuerwehrleute <span style=\"font-family: arial, helvetica, sans-serif; color: #800000;\"><\/span><\/h2>\n\n\n\n<h3 class=\"wp-block-heading\">Gemeinsamer Berufsfeuerwehrtag der Feuerwehr Berg und BRK Bereitschaft Berg <span style=\"font-family: arial, helvetica, sans-serif;\"><\/span><\/h3>\n\n\n\n<p>Immer wieder konnte man am 29. und 30. September das Martinshorn im Gemeindegebiet Berg aufheulen h\u00f6ren. Gl\u00fccklicherweise handelte es sich hier um keinen Ernstfall, sondern um den diesj\u00e4hrigen Berufsfeuerwehrtag der Jugendfeuerwehr Berg. <span style=\"font-family: arial, helvetica, sans-serif; font-size: 14px;\"><\/span><\/p>\n\n\n\n<div class=\"wp-block-image\"><figure class=\"aligncenter\"><a href=\"https:\/\/www.ffw-berg.de\/wordpress\/wp-content\/uploads\/2018\/10\/ff_berg_bf-tag2018-00001.jpg\"><img loading=\"lazy\" decoding=\"async\" width=\"1080\" height=\"572\" src=\"https:\/\/www.ffw-berg.de\/wordpress\/wp-content\/uploads\/2018\/10\/ff_berg_bf-tag2018-00001-e1539281633653-1080x572.jpg\" alt=\"\" class=\"wp-image-213392\" srcset=\"https:\/\/www.ffw-berg.de\/wordpress\/wp-content\/uploads\/2018\/10\/ff_berg_bf-tag2018-00001-e1539281633653-1080x572.jpg 1080w, https:\/\/www.ffw-berg.de\/wordpress\/wp-content\/uploads\/2018\/10\/ff_berg_bf-tag2018-00001-e1539281633653-120x64.jpg 120w, https:\/\/www.ffw-berg.de\/wordpress\/wp-content\/uploads\/2018\/10\/ff_berg_bf-tag2018-00001-e1539281633653-300x159.jpg 300w, https:\/\/www.ffw-berg.de\/wordpress\/wp-content\/uploads\/2018\/10\/ff_berg_bf-tag2018-00001-e1539281633653-768x407.jpg 768w, https:\/\/www.ffw-berg.de\/wordpress\/wp-content\/uploads\/2018\/10\/ff_berg_bf-tag2018-00001-e1539281633653.jpg 1843w\" sizes=\"auto, (max-width: 1080px) 100vw, 1080px\" \/><\/a><\/figure><\/div>\n\n\n\n<p>Erstmalig nahmen in diesem Jahr neben den Feuerwehranw\u00e4rtern auch die Bereitschaftsjugend der BRK Bereitschaft Berg teil. Wie bei einer realen Schicht der Berufsfeuerwehr, verbrachten die 17 Jugendlichen 24 Stunden im Feuerwehrger\u00e4tehaus. Neben verschiedenen Ausbildungseinheiten und Sportaktivit\u00e4ten mussten nat\u00fcrlich auch fiktive \u00dcbungseins\u00e4tze von den Jugendlichen bew\u00e4ltigt werden.  <span style=\"font-family: arial, helvetica, sans-serif; font-size: 14px;\"><\/span><\/p>\n\n\n\n<ul class=\"wp-block-gallery columns-2 is-cropped wp-block-gallery-1 is-layout-flex wp-block-gallery-is-layout-flex\"><li class=\"blocks-gallery-item\"><figure><a href=\"https:\/\/www.ffw-berg.de\/wordpress\/wp-content\/uploads\/2018\/10\/ff_berg_bf-tag2018-00024.jpg\"><img loading=\"lazy\" decoding=\"async\" width=\"1224\" height=\"689\" src=\"https:\/\/www.ffw-berg.de\/wordpress\/wp-content\/uploads\/2018\/10\/ff_berg_bf-tag2018-00024.jpg\" alt=\"\" data-id=\"213395\" class=\"wp-image-213395\" srcset=\"https:\/\/www.ffw-berg.de\/wordpress\/wp-content\/uploads\/2018\/10\/ff_berg_bf-tag2018-00024.jpg 1224w, https:\/\/www.ffw-berg.de\/wordpress\/wp-content\/uploads\/2018\/10\/ff_berg_bf-tag2018-00024-120x68.jpg 120w, https:\/\/www.ffw-berg.de\/wordpress\/wp-content\/uploads\/2018\/10\/ff_berg_bf-tag2018-00024-300x169.jpg 300w, https:\/\/www.ffw-berg.de\/wordpress\/wp-content\/uploads\/2018\/10\/ff_berg_bf-tag2018-00024-768x432.jpg 768w, https:\/\/www.ffw-berg.de\/wordpress\/wp-content\/uploads\/2018\/10\/ff_berg_bf-tag2018-00024-1080x608.jpg 1080w, https:\/\/www.ffw-berg.de\/wordpress\/wp-content\/uploads\/2018\/10\/ff_berg_bf-tag2018-00024-678x381.jpg 678w\" sizes=\"auto, (max-width: 1224px) 100vw, 1224px\" \/><\/a><\/figure><\/li><li class=\"blocks-gallery-item\"><figure><a href=\"https:\/\/www.ffw-berg.de\/wordpress\/wp-content\/uploads\/2018\/10\/ff_berg_bf-tag2018-00078.jpg\"><img loading=\"lazy\" decoding=\"async\" width=\"1843\" height=\"896\" src=\"https:\/\/www.ffw-berg.de\/wordpress\/wp-content\/uploads\/2018\/10\/ff_berg_bf-tag2018-00078.jpg\" alt=\"\" data-id=\"213403\" class=\"wp-image-213403\" srcset=\"https:\/\/www.ffw-berg.de\/wordpress\/wp-content\/uploads\/2018\/10\/ff_berg_bf-tag2018-00078.jpg 1843w, https:\/\/www.ffw-berg.de\/wordpress\/wp-content\/uploads\/2018\/10\/ff_berg_bf-tag2018-00078-120x58.jpg 120w, https:\/\/www.ffw-berg.de\/wordpress\/wp-content\/uploads\/2018\/10\/ff_berg_bf-tag2018-00078-300x146.jpg 300w, https:\/\/www.ffw-berg.de\/wordpress\/wp-content\/uploads\/2018\/10\/ff_berg_bf-tag2018-00078-768x373.jpg 768w, https:\/\/www.ffw-berg.de\/wordpress\/wp-content\/uploads\/2018\/10\/ff_berg_bf-tag2018-00078-1080x525.jpg 1080w\" sizes=\"auto, (max-width: 1843px) 100vw, 1843px\" \/><\/a><\/figure><\/li><\/ul>\n\n\n\n<p><span style=\"font-family: arial, helvetica, sans-serif; font-size: 14px;\">B<\/span>Bis zum Dienstende am Sonntagmorgen wurden somit zehn Eins\u00e4tze abgearbeitet, vom Retten einer Person aus unwegsamen Gel\u00e4nde bis hin zum Verkehrsunfall mit eingeklemmter Person. Bei einem BMA-Alarm in der Grundschule Berg, welcher sich als Kellerbrand mit mehreren vermissten Person herausstellte, wurde sogar die Jugendfeuerwehr K\u00f6ditz nachalarmiert um alle Personen aus dem Geb\u00e4ude retten zu k\u00f6nnen. <\/p>\n\n\n\n<ul class=\"wp-block-gallery columns-2 is-cropped wp-block-gallery-2 is-layout-flex wp-block-gallery-is-layout-flex\"><li class=\"blocks-gallery-item\"><figure><a href=\"https:\/\/www.ffw-berg.de\/wordpress\/wp-content\/uploads\/2018\/10\/ff_berg_bf-tag2018-00010.jpg\"><img loading=\"lazy\" decoding=\"async\" width=\"1843\" height=\"1229\" src=\"https:\/\/www.ffw-berg.de\/wordpress\/wp-content\/uploads\/2018\/10\/ff_berg_bf-tag2018-00010.jpg\" alt=\"\" data-id=\"213393\" class=\"wp-image-213393\" srcset=\"https:\/\/www.ffw-berg.de\/wordpress\/wp-content\/uploads\/2018\/10\/ff_berg_bf-tag2018-00010.jpg 1843w, https:\/\/www.ffw-berg.de\/wordpress\/wp-content\/uploads\/2018\/10\/ff_berg_bf-tag2018-00010-120x80.jpg 120w, https:\/\/www.ffw-berg.de\/wordpress\/wp-content\/uploads\/2018\/10\/ff_berg_bf-tag2018-00010-300x200.jpg 300w, https:\/\/www.ffw-berg.de\/wordpress\/wp-content\/uploads\/2018\/10\/ff_berg_bf-tag2018-00010-768x512.jpg 768w, https:\/\/www.ffw-berg.de\/wordpress\/wp-content\/uploads\/2018\/10\/ff_berg_bf-tag2018-00010-1080x720.jpg 1080w\" sizes=\"auto, (max-width: 1843px) 100vw, 1843px\" \/><\/a><\/figure><\/li><li class=\"blocks-gallery-item\"><figure><a href=\"https:\/\/www.ffw-berg.de\/wordpress\/wp-content\/uploads\/2018\/10\/ff_berg_bf-tag2018-00021.jpg\"><img loading=\"lazy\" decoding=\"async\" width=\"1843\" height=\"1229\" src=\"https:\/\/www.ffw-berg.de\/wordpress\/wp-content\/uploads\/2018\/10\/ff_berg_bf-tag2018-00021.jpg\" alt=\"\" data-id=\"213394\" class=\"wp-image-213394\" srcset=\"https:\/\/www.ffw-berg.de\/wordpress\/wp-content\/uploads\/2018\/10\/ff_berg_bf-tag2018-00021.jpg 1843w, https:\/\/www.ffw-berg.de\/wordpress\/wp-content\/uploads\/2018\/10\/ff_berg_bf-tag2018-00021-120x80.jpg 120w, https:\/\/www.ffw-berg.de\/wordpress\/wp-content\/uploads\/2018\/10\/ff_berg_bf-tag2018-00021-300x200.jpg 300w, https:\/\/www.ffw-berg.de\/wordpress\/wp-content\/uploads\/2018\/10\/ff_berg_bf-tag2018-00021-768x512.jpg 768w, https:\/\/www.ffw-berg.de\/wordpress\/wp-content\/uploads\/2018\/10\/ff_berg_bf-tag2018-00021-1080x720.jpg 1080w\" sizes=\"auto, (max-width: 1843px) 100vw, 1843px\" \/><\/a><\/figure><\/li><li class=\"blocks-gallery-item\"><figure><a href=\"https:\/\/www.ffw-berg.de\/wordpress\/wp-content\/uploads\/2018\/10\/ff_berg_bf-tag2018-00067.jpg\"><img loading=\"lazy\" decoding=\"async\" width=\"1843\" height=\"1229\" src=\"https:\/\/www.ffw-berg.de\/wordpress\/wp-content\/uploads\/2018\/10\/ff_berg_bf-tag2018-00067.jpg\" alt=\"\" data-id=\"213400\" class=\"wp-image-213400\" srcset=\"https:\/\/www.ffw-berg.de\/wordpress\/wp-content\/uploads\/2018\/10\/ff_berg_bf-tag2018-00067.jpg 1843w, https:\/\/www.ffw-berg.de\/wordpress\/wp-content\/uploads\/2018\/10\/ff_berg_bf-tag2018-00067-120x80.jpg 120w, https:\/\/www.ffw-berg.de\/wordpress\/wp-content\/uploads\/2018\/10\/ff_berg_bf-tag2018-00067-300x200.jpg 300w, https:\/\/www.ffw-berg.de\/wordpress\/wp-content\/uploads\/2018\/10\/ff_berg_bf-tag2018-00067-768x512.jpg 768w, https:\/\/www.ffw-berg.de\/wordpress\/wp-content\/uploads\/2018\/10\/ff_berg_bf-tag2018-00067-1080x720.jpg 1080w\" sizes=\"auto, (max-width: 1843px) 100vw, 1843px\" \/><\/a><\/figure><\/li><li class=\"blocks-gallery-item\"><figure><a href=\"https:\/\/www.ffw-berg.de\/wordpress\/wp-content\/uploads\/2018\/10\/ff_berg_bf-tag2018-00059.jpg\"><img loading=\"lazy\" decoding=\"async\" width=\"1843\" height=\"1229\" src=\"https:\/\/www.ffw-berg.de\/wordpress\/wp-content\/uploads\/2018\/10\/ff_berg_bf-tag2018-00059.jpg\" alt=\"\" data-id=\"213399\" class=\"wp-image-213399\" srcset=\"https:\/\/www.ffw-berg.de\/wordpress\/wp-content\/uploads\/2018\/10\/ff_berg_bf-tag2018-00059.jpg 1843w, https:\/\/www.ffw-berg.de\/wordpress\/wp-content\/uploads\/2018\/10\/ff_berg_bf-tag2018-00059-120x80.jpg 120w, https:\/\/www.ffw-berg.de\/wordpress\/wp-content\/uploads\/2018\/10\/ff_berg_bf-tag2018-00059-300x200.jpg 300w, https:\/\/www.ffw-berg.de\/wordpress\/wp-content\/uploads\/2018\/10\/ff_berg_bf-tag2018-00059-768x512.jpg 768w, https:\/\/www.ffw-berg.de\/wordpress\/wp-content\/uploads\/2018\/10\/ff_berg_bf-tag2018-00059-1080x720.jpg 1080w\" sizes=\"auto, (max-width: 1843px) 100vw, 1843px\" \/><\/a><\/figure><\/li><li class=\"blocks-gallery-item\"><figure><a href=\"https:\/\/www.ffw-berg.de\/wordpress\/wp-content\/uploads\/2018\/10\/ff_berg_bf-tag2018-00057.jpg\"><img loading=\"lazy\" decoding=\"async\" width=\"1843\" height=\"1229\" src=\"https:\/\/www.ffw-berg.de\/wordpress\/wp-content\/uploads\/2018\/10\/ff_berg_bf-tag2018-00057.jpg\" alt=\"\" data-id=\"213398\" class=\"wp-image-213398\" srcset=\"https:\/\/www.ffw-berg.de\/wordpress\/wp-content\/uploads\/2018\/10\/ff_berg_bf-tag2018-00057.jpg 1843w, https:\/\/www.ffw-berg.de\/wordpress\/wp-content\/uploads\/2018\/10\/ff_berg_bf-tag2018-00057-120x80.jpg 120w, https:\/\/www.ffw-berg.de\/wordpress\/wp-content\/uploads\/2018\/10\/ff_berg_bf-tag2018-00057-300x200.jpg 300w, https:\/\/www.ffw-berg.de\/wordpress\/wp-content\/uploads\/2018\/10\/ff_berg_bf-tag2018-00057-768x512.jpg 768w, https:\/\/www.ffw-berg.de\/wordpress\/wp-content\/uploads\/2018\/10\/ff_berg_bf-tag2018-00057-1080x720.jpg 1080w\" sizes=\"auto, (max-width: 1843px) 100vw, 1843px\" \/><\/a><\/figure><\/li><li class=\"blocks-gallery-item\"><figure><a href=\"https:\/\/www.ffw-berg.de\/wordpress\/wp-content\/uploads\/2018\/10\/ff_berg_bf-tag2018-00039.jpg\"><img loading=\"lazy\" decoding=\"async\" width=\"1843\" height=\"1229\" src=\"https:\/\/www.ffw-berg.de\/wordpress\/wp-content\/uploads\/2018\/10\/ff_berg_bf-tag2018-00039.jpg\" alt=\"\" data-id=\"213397\" class=\"wp-image-213397\" srcset=\"https:\/\/www.ffw-berg.de\/wordpress\/wp-content\/uploads\/2018\/10\/ff_berg_bf-tag2018-00039.jpg 1843w, https:\/\/www.ffw-berg.de\/wordpress\/wp-content\/uploads\/2018\/10\/ff_berg_bf-tag2018-00039-120x80.jpg 120w, https:\/\/www.ffw-berg.de\/wordpress\/wp-content\/uploads\/2018\/10\/ff_berg_bf-tag2018-00039-300x200.jpg 300w, https:\/\/www.ffw-berg.de\/wordpress\/wp-content\/uploads\/2018\/10\/ff_berg_bf-tag2018-00039-768x512.jpg 768w, https:\/\/www.ffw-berg.de\/wordpress\/wp-content\/uploads\/2018\/10\/ff_berg_bf-tag2018-00039-1080x720.jpg 1080w\" sizes=\"auto, (max-width: 1843px) 100vw, 1843px\" \/><\/a><\/figure><\/li><li class=\"blocks-gallery-item\"><figure><a href=\"https:\/\/www.ffw-berg.de\/wordpress\/wp-content\/uploads\/2018\/10\/ff_berg_bf-tag2018-00076.jpg\"><img loading=\"lazy\" decoding=\"async\" width=\"896\" height=\"1843\" src=\"https:\/\/www.ffw-berg.de\/wordpress\/wp-content\/uploads\/2018\/10\/ff_berg_bf-tag2018-00076.jpg\" alt=\"\" data-id=\"213402\" class=\"wp-image-213402\" srcset=\"https:\/\/www.ffw-berg.de\/wordpress\/wp-content\/uploads\/2018\/10\/ff_berg_bf-tag2018-00076.jpg 896w, https:\/\/www.ffw-berg.de\/wordpress\/wp-content\/uploads\/2018\/10\/ff_berg_bf-tag2018-00076-58x120.jpg 58w, https:\/\/www.ffw-berg.de\/wordpress\/wp-content\/uploads\/2018\/10\/ff_berg_bf-tag2018-00076-122x250.jpg 122w, https:\/\/www.ffw-berg.de\/wordpress\/wp-content\/uploads\/2018\/10\/ff_berg_bf-tag2018-00076-768x1580.jpg 768w, https:\/\/www.ffw-berg.de\/wordpress\/wp-content\/uploads\/2018\/10\/ff_berg_bf-tag2018-00076-373x768.jpg 373w\" sizes=\"auto, (max-width: 896px) 100vw, 896px\" \/><\/a><\/figure><\/li><li class=\"blocks-gallery-item\"><figure><a href=\"https:\/\/www.ffw-berg.de\/wordpress\/wp-content\/uploads\/2018\/10\/ff_berg_bf-tag2018-00073.jpg\"><img loading=\"lazy\" decoding=\"async\" width=\"1474\" height=\"1843\" src=\"https:\/\/www.ffw-berg.de\/wordpress\/wp-content\/uploads\/2018\/10\/ff_berg_bf-tag2018-00073.jpg\" alt=\"\" data-id=\"213401\" class=\"wp-image-213401\" srcset=\"https:\/\/www.ffw-berg.de\/wordpress\/wp-content\/uploads\/2018\/10\/ff_berg_bf-tag2018-00073.jpg 1474w, https:\/\/www.ffw-berg.de\/wordpress\/wp-content\/uploads\/2018\/10\/ff_berg_bf-tag2018-00073-96x120.jpg 96w, https:\/\/www.ffw-berg.de\/wordpress\/wp-content\/uploads\/2018\/10\/ff_berg_bf-tag2018-00073-200x250.jpg 200w, https:\/\/www.ffw-berg.de\/wordpress\/wp-content\/uploads\/2018\/10\/ff_berg_bf-tag2018-00073-768x960.jpg 768w, https:\/\/www.ffw-berg.de\/wordpress\/wp-content\/uploads\/2018\/10\/ff_berg_bf-tag2018-00073-614x768.jpg 614w\" sizes=\"auto, (max-width: 1474px) 100vw, 1474px\" \/><\/a><\/figure><\/li><\/ul>\n\n\n\n<p> Nach 24 Stunden getaner Arbeit reinigten die Jugendlichen die Fahrzeuge und Ger\u00e4tschaften, um die Einsatzbereitschaft wiederherzustellen. <span style=\"font-family: arial, helvetica, sans-serif; font-size: 14px;\"><\/span><\/p>\n\n\n\n<div class=\"wp-block-image\"><figure class=\"alignright\"><img loading=\"lazy\" decoding=\"async\" width=\"300\" height=\"200\" src=\"https:\/\/www.ffw-berg.de\/wordpress\/wp-content\/uploads\/2018\/10\/ff_berg_bf-tag2018-00034-300x200.jpg\" alt=\"\" class=\"wp-image-213396\" srcset=\"https:\/\/www.ffw-berg.de\/wordpress\/wp-content\/uploads\/2018\/10\/ff_berg_bf-tag2018-00034-300x200.jpg 300w, https:\/\/www.ffw-berg.de\/wordpress\/wp-content\/uploads\/2018\/10\/ff_berg_bf-tag2018-00034-120x80.jpg 120w, https:\/\/www.ffw-berg.de\/wordpress\/wp-content\/uploads\/2018\/10\/ff_berg_bf-tag2018-00034-768x512.jpg 768w, https:\/\/www.ffw-berg.de\/wordpress\/wp-content\/uploads\/2018\/10\/ff_berg_bf-tag2018-00034-1080x720.jpg 1080w, https:\/\/www.ffw-berg.de\/wordpress\/wp-content\/uploads\/2018\/10\/ff_berg_bf-tag2018-00034.jpg 1843w\" sizes=\"auto, (max-width: 300px) 100vw, 300px\" \/><\/figure><\/div>\n\n\n\n<p>Nach diesem letzten&nbsp;Dienst als \u201cBerufsfeuerwehrmann und -frau\u201c bedankten sich die Jugendwarte ganz herzlich bei allen Mitwirkenden und Helfern, die diesen BF-Tag zu einem unvergesslichen Ereignis machten. Er diente der Jugendgruppe dazu, neben neugewonnenen Erkenntnissen auch ausreichende Erfahrungen sammeln zu k\u00f6nnen. Nat\u00fcrlich kam neben der gesamten Arbeit und Anstrengung an diesem gelungenen Ausbildungstag der Spa\u00df beim gemeinsamen Grillen oder unserem Abschlussfr\u00fchst\u00fcck nicht zu kurz. <span style=\"font-family: arial, helvetica, sans-serif; font-size: 14px;\"><\/span><\/p>\n\n\n\n<div class=\"wp-block-image\"><figure class=\"aligncenter\"><a href=\"https:\/\/www.ich-will-zur-jugendfeuerwehr.de\" target=\"_blank\" rel=\"noreferrer noopener\"><img loading=\"lazy\" decoding=\"async\" width=\"300\" height=\"111\" src=\"https:\/\/www.ffw-berg.de\/wordpress\/wp-content\/uploads\/2018\/10\/findedeinfeuer_banner-300x111.png\" alt=\"\" class=\"wp-image-213406\" srcset=\"https:\/\/www.ffw-berg.de\/wordpress\/wp-content\/uploads\/2018\/10\/findedeinfeuer_banner-300x111.png 300w, https:\/\/www.ffw-berg.de\/wordpress\/wp-content\/uploads\/2018\/10\/findedeinfeuer_banner-120x44.png 120w, https:\/\/www.ffw-berg.de\/wordpress\/wp-content\/uploads\/2018\/10\/findedeinfeuer_banner-768x284.png 768w, https:\/\/www.ffw-berg.de\/wordpress\/wp-content\/uploads\/2018\/10\/findedeinfeuer_banner-1080x400.png 1080w\" sizes=\"auto, (max-width: 300px) 100vw, 300px\" \/><\/a><figcaption> Komm vorbei und &#8230; <\/figcaption><\/figure><\/div>\n\n\n\n<hr class=\"wp-block-separator is-style-wide\"\/>\n\n\n\n<h4 class=\"wp-block-heading\" style=\"text-align:center\"><span style=\"color: #800000; font-family: arial, helvetica, sans-serif;\"> <strong>Alle Bilder vom BFT 2018 in unserem Album bei<\/strong> <\/span><\/h4>\n\n\n\n<figure class=\"wp-block-embed is-type-rich is-provider-google-photos\"><div class=\"wp-block-embed__wrapper\">\n<blockquote class=\"embedly-card\" data-card-controls=\"0\" data-card-align=\"center\" data-card-theme=\"light\"><h4><a href=\"https:\/\/photos.app.goo.gl\/gJq1LvPfP7wxuqE58\">No Title<\/a><\/h4><p>No Description<\/p><\/blockquote><script async src=\"\/\/cdn.embedly.com\/widgets\/platform.js\" charset=\"UTF-8\"><\/script>\n<\/div><\/figure>\n\n\n\n<hr class=\"wp-block-separator is-style-wide\"\/>\n\n\n\n<p><video poster=\"https:\/\/www.ffw-berg.de\/wordpress\/wp-content\/uploads\/2018\/10\/ff_berg_bf-tag2018-00059.jpg\" controls=\"controls\" width=\"600\" height=\"300\"><source src=\"https:\/\/www.ffw-berg.de\/video\/ffberg_berufsfeuerwehrtag2018.mp4\" type=\"video\/mp4\"\/><\/video><\/p>\n\n\n\n<p style=\"text-align:center\" class=\"has-small-font-size\">Aufnahmen &amp; Bearbeitung: Sebastian Estorf <span style=\"font-family: arial, helvetica, sans-serif; font-size: 12px;\"><\/span><\/p>\n\n\n\n<p style=\"text-align:center\" class=\"has-small-font-size\"> Musik: Heroes Tonight (feat. Johnning), NCS 2015 \u00a0\u00a0<a rel=\"noreferrer noopener\" href=\"https:\/\/youtu.be\/3nQNiWdeH2Q\" target=\"_blank\">https:\/\/youtu.be\/3nQNiWdeH2<\/a> <span style=\"font-family: arial, helvetica, sans-serif; font-size: 12px;\"><\/span><\/p>\n\n\n\n<p style=\"text-align:center\" class=\"has-small-font-size\"> Gemafreie Musik von <a rel=\"noreferrer noopener\" href=\"http:\/\/www.frametraxx.de\" target=\"_blank\">www.frametraxx.de<\/a> <span style=\"font-family: arial, helvetica, sans-serif; font-size: 12px;\"><\/span><\/p>\n","protected":false},"excerpt":{"rendered":"<div class=\"mh-excerpt\">Immer wieder konnte man am 29. und 30. September das Martinshorn im Gemeindegebiet Berg aufheulen h\u00f6ren. Gl\u00fccklicherweise handelte es sich hier um keinen Ernstfall, sondern um den diesj\u00e4hrigen Berufsfeuerwehrtag der Jugendfeuerwehr Berg. <\/div>\n<p> <a class=\"mh-excerpt-more\" href=\"https:\/\/www.ffw-berg.de\/wordpress\/berufsfeuerwehrtag-2018\/\" title=\"Berufsfeuerwehrtag 2018\">[  Mehr &gt;&gt; ]<\/a><\/p>\n","protected":false},"author":2,"featured_media":213392,"comment_status":"closed","ping_status":"open","sticky":false,"template":"","format":"standard","meta":{"footnotes":""},"categories":[896,48,30],"tags":[796,832,879],"class_list":{"0":"post-213390","1":"post","2":"type-post","3":"status-publish","4":"format-standard","5":"has-post-thumbnail","7":"category-pressearchiv","8":"category-press_rss","9":"category-jf-24h","10":"tag-berufsfeuerwehrtag","11":"tag-uebungsszenarien","12":"tag-bft2018"},"_links":{"self":[{"href":"https:\/\/www.ffw-berg.de\/wordpress\/wp-json\/wp\/v2\/posts\/213390","targetHints":{"allow":["GET"]}}],"collection":[{"href":"https:\/\/www.ffw-berg.de\/wordpress\/wp-json\/wp\/v2\/posts"}],"about":[{"href":"https:\/\/www.ffw-berg.de\/wordpress\/wp-json\/wp\/v2\/types\/post"}],"author":[{"embeddable":true,"href":"https:\/\/www.ffw-berg.de\/wordpress\/wp-json\/wp\/v2\/users\/2"}],"replies":[{"embeddable":true,"href":"https:\/\/www.ffw-berg.de\/wordpress\/wp-json\/wp\/v2\/comments?post=213390"}],"version-history":[{"count":0,"href":"https:\/\/www.ffw-berg.de\/wordpress\/wp-json\/wp\/v2\/posts\/213390\/revisions"}],"wp:featuredmedia":[{"embeddable":true,"href":"https:\/\/www.ffw-berg.de\/wordpress\/wp-json\/wp\/v2\/media\/213392"}],"wp:attachment":[{"href":"https:\/\/www.ffw-berg.de\/wordpress\/wp-json\/wp\/v2\/media?parent=213390"}],"wp:term":[{"taxonomy":"category","embeddable":true,"href":"https:\/\/www.ffw-berg.de\/wordpress\/wp-json\/wp\/v2\/categories?post=213390"},{"taxonomy":"post_tag","embeddable":true,"href":"https:\/\/www.ffw-berg.de\/wordpress\/wp-json\/wp\/v2\/tags?post=213390"}],"curies":[{"name":"wp","href":"https:\/\/api.w.org\/{rel}","templated":true}]}}