{"id":213430,"date":"2018-10-12T16:00:08","date_gmt":"2018-10-12T14:00:08","guid":{"rendered":"https:\/\/www.ffw-berg.de\/wordpress\/?p=213430"},"modified":"2026-02-24T12:38:35","modified_gmt":"2026-02-24T11:38:35","slug":"spendenuebergabe-neues-faxgeraet-und-kopierer","status":"publish","type":"post","link":"https:\/\/www.ffw-berg.de\/wordpress\/spendenuebergabe-neues-faxgeraet-und-kopierer\/","title":{"rendered":"Spenden\u00fcbergabe &#8211; Neues Faxger\u00e4t und Kopierer"},"content":{"rendered":"<p style=\"text-align: justify;\"><span style=\"font-family: arial, helvetica, sans-serif; font-size: 14px;\">Claus Hofmann von der Firma Telkomten hat der Freiwilligen Feuerwehr Berg ein neues Faxger\u00e4t einschlie\u00dflich Kopierer spendiert. Auch der dazugeh\u00f6rige Ersatztoner wurde gleich mit geliefert. B\u00fcrgermeisterin Patricia Rubner und der Kommandant der Freiwilligen Feuerwehr Berg, Martin Wurzbacher, bedankten sich bei Claus Hofmann f\u00fcr die Spende.<\/span><\/p>\n<p style=\"text-align: justify;\"><span style=\"font-family: arial, helvetica, sans-serif; font-size: 14px;\">\u201eDas neue Faxger\u00e4t ersetzt das bisherige schon ziemlich in die Jahre gekommene und verbessert und erleichtert die Arbeit unserer Freiwilligen Feuerwehr\u201c, machten Rubner und Wurzbacher bei der Spenden\u00fcbergabe deutlich.<\/span><\/p>\n<figure id=\"attachment_213429\" aria-describedby=\"caption-attachment-213429\" style=\"width: 953px\" class=\"wp-caption aligncenter\"><img loading=\"lazy\" decoding=\"async\" class=\"wp-image-213429 size-large\" src=\"https:\/\/www.ffw-berg.de\/wordpress\/wp-content\/uploads\/2018\/10\/ffberg_spendefaxgerae-953x768.jpg\" alt=\"Spende Faxger\u00e4t\" width=\"953\" height=\"768\" srcset=\"https:\/\/www.ffw-berg.de\/wordpress\/wp-content\/uploads\/2018\/10\/ffberg_spendefaxgerae-953x768.jpg 953w, https:\/\/www.ffw-berg.de\/wordpress\/wp-content\/uploads\/2018\/10\/ffberg_spendefaxgerae-120x97.jpg 120w, https:\/\/www.ffw-berg.de\/wordpress\/wp-content\/uploads\/2018\/10\/ffberg_spendefaxgerae-300x242.jpg 300w, https:\/\/www.ffw-berg.de\/wordpress\/wp-content\/uploads\/2018\/10\/ffberg_spendefaxgerae-768x619.jpg 768w, https:\/\/www.ffw-berg.de\/wordpress\/wp-content\/uploads\/2018\/10\/ffberg_spendefaxgerae.jpg 962w\" sizes=\"auto, (max-width: 953px) 100vw, 953px\" \/><figcaption id=\"caption-attachment-213429\" class=\"wp-caption-text\"><span style=\"font-family: arial, helvetica, sans-serif;\">Von links: B\u00fcrgermeisterin Patricia Rubner, Claus Hofmann von Telkomten und Kommandant Martin Wurzbacher<\/span><\/figcaption><\/figure>\n<p><span style=\"font-family: arial, helvetica, sans-serif; font-size: 12px;\">Kurzbericht: Maximilian Schaller<\/span><\/p>\n","protected":false},"excerpt":{"rendered":"<div class=\"mh-excerpt\"><span style=\"font-family: arial, helvetica, sans-serif; font-size: 14px;\">Claus Hofmann von der Firma Telkomten hat der Freiwilligen Feuerwehr Berg ein neues Faxger\u00e4t einschlie\u00dflich Kopierer spendiert.<\/span><\/div>\n<p> <a class=\"mh-excerpt-more\" href=\"https:\/\/www.ffw-berg.de\/wordpress\/spendenuebergabe-neues-faxgeraet-und-kopierer\/\" title=\"Spenden\u00fcbergabe &#8211; Neues Faxger\u00e4t und Kopierer\">[  Mehr &gt;&gt; ]<\/a><\/p>\n","protected":false},"author":2,"featured_media":213429,"comment_status":"closed","ping_status":"open","sticky":false,"template":"","format":"standard","meta":{"footnotes":""},"categories":[896,48,747],"tags":[297,394,395,881,882,883,884,885],"class_list":{"0":"post-213430","1":"post","2":"type-post","3":"status-publish","4":"format-standard","5":"has-post-thumbnail","7":"category-pressearchiv","8":"category-press_rss","9":"category-wir-ueber-uns-2","10":"tag-ff-bergofr","11":"tag-spende","12":"tag-spendenuebergabe","13":"tag-faxgeraet","14":"tag-kopierer","15":"tag-einsatzfax","16":"tag-telkomten","17":"tag-faxcopy"},"_links":{"self":[{"href":"https:\/\/www.ffw-berg.de\/wordpress\/wp-json\/wp\/v2\/posts\/213430","targetHints":{"allow":["GET"]}}],"collection":[{"href":"https:\/\/www.ffw-berg.de\/wordpress\/wp-json\/wp\/v2\/posts"}],"about":[{"href":"https:\/\/www.ffw-berg.de\/wordpress\/wp-json\/wp\/v2\/types\/post"}],"author":[{"embeddable":true,"href":"https:\/\/www.ffw-berg.de\/wordpress\/wp-json\/wp\/v2\/users\/2"}],"replies":[{"embeddable":true,"href":"https:\/\/www.ffw-berg.de\/wordpress\/wp-json\/wp\/v2\/comments?post=213430"}],"version-history":[{"count":0,"href":"https:\/\/www.ffw-berg.de\/wordpress\/wp-json\/wp\/v2\/posts\/213430\/revisions"}],"wp:featuredmedia":[{"embeddable":true,"href":"https:\/\/www.ffw-berg.de\/wordpress\/wp-json\/wp\/v2\/media\/213429"}],"wp:attachment":[{"href":"https:\/\/www.ffw-berg.de\/wordpress\/wp-json\/wp\/v2\/media?parent=213430"}],"wp:term":[{"taxonomy":"category","embeddable":true,"href":"https:\/\/www.ffw-berg.de\/wordpress\/wp-json\/wp\/v2\/categories?post=213430"},{"taxonomy":"post_tag","embeddable":true,"href":"https:\/\/www.ffw-berg.de\/wordpress\/wp-json\/wp\/v2\/tags?post=213430"}],"curies":[{"name":"wp","href":"https:\/\/api.w.org\/{rel}","templated":true}]}}