{"id":213435,"date":"2018-10-20T18:00:17","date_gmt":"2018-10-20T16:00:17","guid":{"rendered":"https:\/\/www.ffw-berg.de\/wordpress\/?p=213435"},"modified":"2026-02-24T12:38:46","modified_gmt":"2026-02-24T11:38:46","slug":"leistungspruefung-wasser-2018","status":"publish","type":"post","link":"https:\/\/www.ffw-berg.de\/wordpress\/leistungspruefung-wasser-2018\/","title":{"rendered":"Leistungspr\u00fcfung Wasser 2018"},"content":{"rendered":"\n<h2 class=\"wp-block-heading\">Drei Gruppen legen Leistungspr\u00fcfung Wasser erfolgreich ab <span style=\"font-family: arial, helvetica, sans-serif; color: #800000;\"><\/span><\/h2>\n\n\n\n<p>Am Samstag den 20. Oktober legten insgesamt drei Gruppen der Freiwilligen Feuerwehr Berg die Leistungspr\u00fcfung \u201cDie Gruppe im L\u00f6scheinsatz\u201c ab. Unter den strengen Augen der Schiedsrichter Hans M\u00fcnzer, Marco Kolbinger und Thomas Dick sowie einiger Zuschauer, stellten die Teilnehmer ihre Kenntnisse im Bereich Brandbek\u00e4mpfung unter Beweis. <span style=\"font-family: arial, helvetica, sans-serif; font-size: 14px;\"><\/span><\/p>\n\n\n\n<ul class=\"wp-block-gallery columns-4 is-cropped wp-block-gallery-1 is-layout-flex wp-block-gallery-is-layout-flex\"><li class=\"blocks-gallery-item\"><figure><a href=\"https:\/\/www.ffw-berg.de\/wordpress\/wp-content\/uploads\/2018\/10\/ffberg_lp_wasser2018-00006.jpg\"><img loading=\"lazy\" decoding=\"async\" width=\"1344\" height=\"2016\" src=\"https:\/\/www.ffw-berg.de\/wordpress\/wp-content\/uploads\/2018\/10\/ffberg_lp_wasser2018-00006.jpg\" alt=\"LP Wasser 2018\" data-id=\"213439\" class=\"wp-image-213439\" srcset=\"https:\/\/www.ffw-berg.de\/wordpress\/wp-content\/uploads\/2018\/10\/ffberg_lp_wasser2018-00006.jpg 1344w, https:\/\/www.ffw-berg.de\/wordpress\/wp-content\/uploads\/2018\/10\/ffberg_lp_wasser2018-00006-80x120.jpg 80w, https:\/\/www.ffw-berg.de\/wordpress\/wp-content\/uploads\/2018\/10\/ffberg_lp_wasser2018-00006-167x250.jpg 167w, https:\/\/www.ffw-berg.de\/wordpress\/wp-content\/uploads\/2018\/10\/ffberg_lp_wasser2018-00006-768x1152.jpg 768w, https:\/\/www.ffw-berg.de\/wordpress\/wp-content\/uploads\/2018\/10\/ffberg_lp_wasser2018-00006-512x768.jpg 512w\" sizes=\"auto, (max-width: 1344px) 100vw, 1344px\" \/><\/a><\/figure><\/li><li class=\"blocks-gallery-item\"><figure><a href=\"https:\/\/www.ffw-berg.de\/wordpress\/wp-content\/uploads\/2018\/10\/ffberg_lp_wasser2018-00057.jpg\"><img loading=\"lazy\" decoding=\"async\" width=\"1224\" height=\"1836\" src=\"https:\/\/www.ffw-berg.de\/wordpress\/wp-content\/uploads\/2018\/10\/ffberg_lp_wasser2018-00057.jpg\" alt=\"ffberg_lp_wasser2018-00057\" data-id=\"213443\" class=\"wp-image-213443\" srcset=\"https:\/\/www.ffw-berg.de\/wordpress\/wp-content\/uploads\/2018\/10\/ffberg_lp_wasser2018-00057.jpg 1224w, https:\/\/www.ffw-berg.de\/wordpress\/wp-content\/uploads\/2018\/10\/ffberg_lp_wasser2018-00057-80x120.jpg 80w, https:\/\/www.ffw-berg.de\/wordpress\/wp-content\/uploads\/2018\/10\/ffberg_lp_wasser2018-00057-167x250.jpg 167w, https:\/\/www.ffw-berg.de\/wordpress\/wp-content\/uploads\/2018\/10\/ffberg_lp_wasser2018-00057-768x1152.jpg 768w, https:\/\/www.ffw-berg.de\/wordpress\/wp-content\/uploads\/2018\/10\/ffberg_lp_wasser2018-00057-512x768.jpg 512w\" sizes=\"auto, (max-width: 1224px) 100vw, 1224px\" \/><\/a><\/figure><\/li><li class=\"blocks-gallery-item\"><figure><a href=\"https:\/\/www.ffw-berg.de\/wordpress\/wp-content\/uploads\/2018\/10\/ffberg_lp_wasser2018-00068.jpg\"><img loading=\"lazy\" decoding=\"async\" width=\"1098\" height=\"1646\" src=\"https:\/\/www.ffw-berg.de\/wordpress\/wp-content\/uploads\/2018\/10\/ffberg_lp_wasser2018-00068.jpg\" alt=\"ffberg_lp_wasser2018-00068\" data-id=\"213445\" class=\"wp-image-213445\" srcset=\"https:\/\/www.ffw-berg.de\/wordpress\/wp-content\/uploads\/2018\/10\/ffberg_lp_wasser2018-00068.jpg 1098w, https:\/\/www.ffw-berg.de\/wordpress\/wp-content\/uploads\/2018\/10\/ffberg_lp_wasser2018-00068-80x120.jpg 80w, https:\/\/www.ffw-berg.de\/wordpress\/wp-content\/uploads\/2018\/10\/ffberg_lp_wasser2018-00068-167x250.jpg 167w, https:\/\/www.ffw-berg.de\/wordpress\/wp-content\/uploads\/2018\/10\/ffberg_lp_wasser2018-00068-768x1151.jpg 768w, https:\/\/www.ffw-berg.de\/wordpress\/wp-content\/uploads\/2018\/10\/ffberg_lp_wasser2018-00068-512x768.jpg 512w\" sizes=\"auto, (max-width: 1098px) 100vw, 1098px\" \/><\/a><\/figure><\/li><li class=\"blocks-gallery-item\"><figure><a href=\"https:\/\/www.ffw-berg.de\/wordpress\/wp-content\/uploads\/2018\/10\/ffberg_lp_wasser2018-00108.jpg\"><img loading=\"lazy\" decoding=\"async\" width=\"1344\" height=\"2016\" src=\"https:\/\/www.ffw-berg.de\/wordpress\/wp-content\/uploads\/2018\/10\/ffberg_lp_wasser2018-00108.jpg\" alt=\"ffberg_lp_wasser2018-00108\" data-id=\"213448\" class=\"wp-image-213448\" srcset=\"https:\/\/www.ffw-berg.de\/wordpress\/wp-content\/uploads\/2018\/10\/ffberg_lp_wasser2018-00108.jpg 1344w, https:\/\/www.ffw-berg.de\/wordpress\/wp-content\/uploads\/2018\/10\/ffberg_lp_wasser2018-00108-80x120.jpg 80w, https:\/\/www.ffw-berg.de\/wordpress\/wp-content\/uploads\/2018\/10\/ffberg_lp_wasser2018-00108-167x250.jpg 167w, https:\/\/www.ffw-berg.de\/wordpress\/wp-content\/uploads\/2018\/10\/ffberg_lp_wasser2018-00108-768x1152.jpg 768w, https:\/\/www.ffw-berg.de\/wordpress\/wp-content\/uploads\/2018\/10\/ffberg_lp_wasser2018-00108-512x768.jpg 512w\" sizes=\"auto, (max-width: 1344px) 100vw, 1344px\" \/><\/a><\/figure><\/li><\/ul>\n\n\n\n<p>Zu Beginn der Leistungspr\u00fcfung mussten je nach abzulegender Stufe verschiedene Zusatzaufgaben aus dem Bereich der Brandbek\u00e4mpfung absolviert werden, bevor die einzelnen Trupps die jeweiligen Knoten und Stiche vorf\u00fchren mussten. Anschlie\u00dfend fand die gemeinsame Einsatz\u00fcbung statt, in der ein Brand eines Nebengeb\u00e4udes ohne Personengef\u00e4hrdung angenommen wurde. Wie im Ernstfall musste hierf\u00fcr eine Verkehrsabsicherung aufgebaut werden. Die Wasserversorgung wurde aus einem \u00dcberflurhydrant sichergestellt, um anschlie\u00dfend den fiktiven Brand mittels drei C-Rohren bek\u00e4mpfen zu k\u00f6nnen. Alle drei Gruppen arbeiteten sehr sauber und schnell und legten die Leistungspr\u00fcfung somit erfolgreich ab. <span style=\"font-family: arial, helvetica, sans-serif; font-size: 14px;\"><\/span><\/p>\n\n\n\n<ul class=\"wp-block-gallery columns-2 is-cropped wp-block-gallery-2 is-layout-flex wp-block-gallery-is-layout-flex\"><li class=\"blocks-gallery-item\"><figure><a href=\"https:\/\/www.ffw-berg.de\/wordpress\/wp-content\/uploads\/2018\/10\/ffberg_lp_wasser2018-00001.jpg\"><img loading=\"lazy\" decoding=\"async\" width=\"2016\" height=\"1344\" src=\"https:\/\/www.ffw-berg.de\/wordpress\/wp-content\/uploads\/2018\/10\/ffberg_lp_wasser2018-00001.jpg\" alt=\"\" data-id=\"213438\" class=\"wp-image-213438\" srcset=\"https:\/\/www.ffw-berg.de\/wordpress\/wp-content\/uploads\/2018\/10\/ffberg_lp_wasser2018-00001.jpg 2016w, https:\/\/www.ffw-berg.de\/wordpress\/wp-content\/uploads\/2018\/10\/ffberg_lp_wasser2018-00001-120x80.jpg 120w, https:\/\/www.ffw-berg.de\/wordpress\/wp-content\/uploads\/2018\/10\/ffberg_lp_wasser2018-00001-300x200.jpg 300w, https:\/\/www.ffw-berg.de\/wordpress\/wp-content\/uploads\/2018\/10\/ffberg_lp_wasser2018-00001-768x512.jpg 768w, https:\/\/www.ffw-berg.de\/wordpress\/wp-content\/uploads\/2018\/10\/ffberg_lp_wasser2018-00001-1080x720.jpg 1080w\" sizes=\"auto, (max-width: 2016px) 100vw, 2016px\" \/><\/a><\/figure><\/li><li class=\"blocks-gallery-item\"><figure><a href=\"https:\/\/www.ffw-berg.de\/wordpress\/wp-content\/uploads\/2018\/10\/ffberg_lp_wasser2018-00041.jpg\"><img loading=\"lazy\" decoding=\"async\" width=\"2016\" height=\"1344\" src=\"https:\/\/www.ffw-berg.de\/wordpress\/wp-content\/uploads\/2018\/10\/ffberg_lp_wasser2018-00041.jpg\" alt=\"ffberg_lp_wasser2018-00041\" data-id=\"213441\" class=\"wp-image-213441\" srcset=\"https:\/\/www.ffw-berg.de\/wordpress\/wp-content\/uploads\/2018\/10\/ffberg_lp_wasser2018-00041.jpg 2016w, https:\/\/www.ffw-berg.de\/wordpress\/wp-content\/uploads\/2018\/10\/ffberg_lp_wasser2018-00041-120x80.jpg 120w, https:\/\/www.ffw-berg.de\/wordpress\/wp-content\/uploads\/2018\/10\/ffberg_lp_wasser2018-00041-300x200.jpg 300w, https:\/\/www.ffw-berg.de\/wordpress\/wp-content\/uploads\/2018\/10\/ffberg_lp_wasser2018-00041-768x512.jpg 768w, https:\/\/www.ffw-berg.de\/wordpress\/wp-content\/uploads\/2018\/10\/ffberg_lp_wasser2018-00041-1080x720.jpg 1080w\" sizes=\"auto, (max-width: 2016px) 100vw, 2016px\" \/><\/a><\/figure><\/li><li class=\"blocks-gallery-item\"><figure><a href=\"https:\/\/www.ffw-berg.de\/wordpress\/wp-content\/uploads\/2018\/10\/ffberg_lp_wasser2018-00072.jpg\"><img loading=\"lazy\" decoding=\"async\" width=\"1580\" height=\"1054\" src=\"https:\/\/www.ffw-berg.de\/wordpress\/wp-content\/uploads\/2018\/10\/ffberg_lp_wasser2018-00072.jpg\" alt=\"ffberg_lp_wasser2018-00072\" data-id=\"213446\" class=\"wp-image-213446\" srcset=\"https:\/\/www.ffw-berg.de\/wordpress\/wp-content\/uploads\/2018\/10\/ffberg_lp_wasser2018-00072.jpg 1580w, https:\/\/www.ffw-berg.de\/wordpress\/wp-content\/uploads\/2018\/10\/ffberg_lp_wasser2018-00072-120x80.jpg 120w, https:\/\/www.ffw-berg.de\/wordpress\/wp-content\/uploads\/2018\/10\/ffberg_lp_wasser2018-00072-300x200.jpg 300w, https:\/\/www.ffw-berg.de\/wordpress\/wp-content\/uploads\/2018\/10\/ffberg_lp_wasser2018-00072-768x512.jpg 768w, https:\/\/www.ffw-berg.de\/wordpress\/wp-content\/uploads\/2018\/10\/ffberg_lp_wasser2018-00072-1080x720.jpg 1080w\" sizes=\"auto, (max-width: 1580px) 100vw, 1580px\" \/><\/a><\/figure><\/li><li class=\"blocks-gallery-item\"><figure><a href=\"https:\/\/www.ffw-berg.de\/wordpress\/wp-content\/uploads\/2018\/10\/ffberg_lp_wasser2018-00017.jpg\"><img loading=\"lazy\" decoding=\"async\" width=\"1877\" height=\"1251\" src=\"https:\/\/www.ffw-berg.de\/wordpress\/wp-content\/uploads\/2018\/10\/ffberg_lp_wasser2018-00017.jpg\" alt=\"ffberg_lp_wasser2018-00017\" data-id=\"213452\" class=\"wp-image-213452\" srcset=\"https:\/\/www.ffw-berg.de\/wordpress\/wp-content\/uploads\/2018\/10\/ffberg_lp_wasser2018-00017.jpg 1877w, https:\/\/www.ffw-berg.de\/wordpress\/wp-content\/uploads\/2018\/10\/ffberg_lp_wasser2018-00017-120x80.jpg 120w, https:\/\/www.ffw-berg.de\/wordpress\/wp-content\/uploads\/2018\/10\/ffberg_lp_wasser2018-00017-300x200.jpg 300w, https:\/\/www.ffw-berg.de\/wordpress\/wp-content\/uploads\/2018\/10\/ffberg_lp_wasser2018-00017-768x512.jpg 768w, https:\/\/www.ffw-berg.de\/wordpress\/wp-content\/uploads\/2018\/10\/ffberg_lp_wasser2018-00017-1080x720.jpg 1080w\" sizes=\"auto, (max-width: 1877px) 100vw, 1877px\" \/><\/a><\/figure><\/li><li class=\"blocks-gallery-item\"><figure><a href=\"https:\/\/www.ffw-berg.de\/wordpress\/wp-content\/uploads\/2018\/10\/ffberg_lp_wasser2018-00095.jpg\"><img loading=\"lazy\" decoding=\"async\" width=\"1790\" height=\"1193\" src=\"https:\/\/www.ffw-berg.de\/wordpress\/wp-content\/uploads\/2018\/10\/ffberg_lp_wasser2018-00095.jpg\" alt=\"ffberg_lp_wasser2018-00095\" data-id=\"213447\" class=\"wp-image-213447\" srcset=\"https:\/\/www.ffw-berg.de\/wordpress\/wp-content\/uploads\/2018\/10\/ffberg_lp_wasser2018-00095.jpg 1790w, https:\/\/www.ffw-berg.de\/wordpress\/wp-content\/uploads\/2018\/10\/ffberg_lp_wasser2018-00095-120x80.jpg 120w, https:\/\/www.ffw-berg.de\/wordpress\/wp-content\/uploads\/2018\/10\/ffberg_lp_wasser2018-00095-300x200.jpg 300w, https:\/\/www.ffw-berg.de\/wordpress\/wp-content\/uploads\/2018\/10\/ffberg_lp_wasser2018-00095-768x512.jpg 768w, https:\/\/www.ffw-berg.de\/wordpress\/wp-content\/uploads\/2018\/10\/ffberg_lp_wasser2018-00095-1080x720.jpg 1080w\" sizes=\"auto, (max-width: 1790px) 100vw, 1790px\" \/><\/a><\/figure><\/li><li class=\"blocks-gallery-item\"><figure><a href=\"https:\/\/www.ffw-berg.de\/wordpress\/wp-content\/uploads\/2018\/10\/ffberg_lp_wasser2018-00063.jpg\"><img loading=\"lazy\" decoding=\"async\" width=\"2016\" height=\"1344\" src=\"https:\/\/www.ffw-berg.de\/wordpress\/wp-content\/uploads\/2018\/10\/ffberg_lp_wasser2018-00063.jpg\" alt=\"ffberg_lp_wasser2018-00063\" data-id=\"213444\" class=\"wp-image-213444\" srcset=\"https:\/\/www.ffw-berg.de\/wordpress\/wp-content\/uploads\/2018\/10\/ffberg_lp_wasser2018-00063.jpg 2016w, https:\/\/www.ffw-berg.de\/wordpress\/wp-content\/uploads\/2018\/10\/ffberg_lp_wasser2018-00063-120x80.jpg 120w, https:\/\/www.ffw-berg.de\/wordpress\/wp-content\/uploads\/2018\/10\/ffberg_lp_wasser2018-00063-300x200.jpg 300w, https:\/\/www.ffw-berg.de\/wordpress\/wp-content\/uploads\/2018\/10\/ffberg_lp_wasser2018-00063-768x512.jpg 768w, https:\/\/www.ffw-berg.de\/wordpress\/wp-content\/uploads\/2018\/10\/ffberg_lp_wasser2018-00063-1080x720.jpg 1080w\" sizes=\"auto, (max-width: 2016px) 100vw, 2016px\" \/><\/a><\/figure><\/li><li class=\"blocks-gallery-item\"><figure><a href=\"https:\/\/www.ffw-berg.de\/wordpress\/wp-content\/uploads\/2018\/10\/ffberg_lp_wasser2018-00035.jpg\"><img loading=\"lazy\" decoding=\"async\" width=\"2016\" height=\"1344\" src=\"https:\/\/www.ffw-berg.de\/wordpress\/wp-content\/uploads\/2018\/10\/ffberg_lp_wasser2018-00035.jpg\" alt=\"ffberg_lp_wasser2018-00035\" data-id=\"213440\" class=\"wp-image-213440\" srcset=\"https:\/\/www.ffw-berg.de\/wordpress\/wp-content\/uploads\/2018\/10\/ffberg_lp_wasser2018-00035.jpg 2016w, https:\/\/www.ffw-berg.de\/wordpress\/wp-content\/uploads\/2018\/10\/ffberg_lp_wasser2018-00035-120x80.jpg 120w, https:\/\/www.ffw-berg.de\/wordpress\/wp-content\/uploads\/2018\/10\/ffberg_lp_wasser2018-00035-300x200.jpg 300w, https:\/\/www.ffw-berg.de\/wordpress\/wp-content\/uploads\/2018\/10\/ffberg_lp_wasser2018-00035-768x512.jpg 768w, https:\/\/www.ffw-berg.de\/wordpress\/wp-content\/uploads\/2018\/10\/ffberg_lp_wasser2018-00035-1080x720.jpg 1080w\" sizes=\"auto, (max-width: 2016px) 100vw, 2016px\" \/><\/a><\/figure><\/li><li class=\"blocks-gallery-item\"><figure><a href=\"https:\/\/www.ffw-berg.de\/wordpress\/wp-content\/uploads\/2018\/10\/ffberg_lp_wasser2018-00115.jpg\"><img loading=\"lazy\" decoding=\"async\" width=\"2016\" height=\"1344\" src=\"https:\/\/www.ffw-berg.de\/wordpress\/wp-content\/uploads\/2018\/10\/ffberg_lp_wasser2018-00115.jpg\" alt=\"ffberg_lp_wasser2018-00115\" data-id=\"213449\" class=\"wp-image-213449\" srcset=\"https:\/\/www.ffw-berg.de\/wordpress\/wp-content\/uploads\/2018\/10\/ffberg_lp_wasser2018-00115.jpg 2016w, https:\/\/www.ffw-berg.de\/wordpress\/wp-content\/uploads\/2018\/10\/ffberg_lp_wasser2018-00115-120x80.jpg 120w, https:\/\/www.ffw-berg.de\/wordpress\/wp-content\/uploads\/2018\/10\/ffberg_lp_wasser2018-00115-300x200.jpg 300w, https:\/\/www.ffw-berg.de\/wordpress\/wp-content\/uploads\/2018\/10\/ffberg_lp_wasser2018-00115-768x512.jpg 768w, https:\/\/www.ffw-berg.de\/wordpress\/wp-content\/uploads\/2018\/10\/ffberg_lp_wasser2018-00115-1080x720.jpg 1080w\" sizes=\"auto, (max-width: 2016px) 100vw, 2016px\" \/><\/a><\/figure><\/li><\/ul>\n\n\n\n<p>Nach der Vergabe der Abzeichen lobten KBM M\u00fcnzer und Gemeinderat Florian M\u00fcller die Teilnehmer f\u00fcr Ihre Leistung. Besonders erfreut zeigten sich beide \u00fcber den jungen Altersdurchschnitt, was von einer funktionierenden Jugendarbeit zeugt. Nach den Gru\u00dfworten fand ein gemeinsames Abendessen zusammen mit den Schiedsrichtern im Gasthaus zur Hulda statt. <span style=\"font-family: arial, helvetica, sans-serif; font-size: 14px;\"><\/span><\/p>\n\n\n\n<div class=\"wp-block-image\"><figure class=\"aligncenter\"><img loading=\"lazy\" decoding=\"async\" width=\"1630\" height=\"912\" src=\"https:\/\/www.ffw-berg.de\/wordpress\/wp-content\/uploads\/2018\/10\/ffberg_lp_wasser2018-00146-e1540397569433.jpg\" alt=\"ffberg_lp_wasser2018-00146\" class=\"wp-image-213451\" srcset=\"https:\/\/www.ffw-berg.de\/wordpress\/wp-content\/uploads\/2018\/10\/ffberg_lp_wasser2018-00146-e1540397569433.jpg 1630w, https:\/\/www.ffw-berg.de\/wordpress\/wp-content\/uploads\/2018\/10\/ffberg_lp_wasser2018-00146-e1540397569433-120x67.jpg 120w, https:\/\/www.ffw-berg.de\/wordpress\/wp-content\/uploads\/2018\/10\/ffberg_lp_wasser2018-00146-e1540397569433-300x168.jpg 300w, https:\/\/www.ffw-berg.de\/wordpress\/wp-content\/uploads\/2018\/10\/ffberg_lp_wasser2018-00146-e1540397569433-768x430.jpg 768w, https:\/\/www.ffw-berg.de\/wordpress\/wp-content\/uploads\/2018\/10\/ffberg_lp_wasser2018-00146-e1540397569433-1080x604.jpg 1080w\" sizes=\"auto, (max-width: 1630px) 100vw, 1630px\" \/><\/figure><\/div>\n\n\n\n<h4 class=\"wp-block-heading\">Folgende Stufen wurden abgelegt <span style=\"font-family: arial, helvetica, sans-serif; color: #800000;\">:<\/span><\/h4>\n\n\n\n<p class=\"has-background has-cyan-bluish-gray-background-color\"><span style=\"font-family: arial, helvetica, sans-serif; font-size: 14px;\"><span style=\"color: #ff0000;\"><\/span><strong>Stufe 1:<\/strong> Emma Eibisch, Nicolas Fichna, Anna Haas, Lena Haas, Fabian Korn, Ronny K\u00f6hler, Florian M\u00fcller, Marcel Resch, Cosima Rubner <\/span><\/p>\n\n\n\n<p class=\"has-background has-cyan-bluish-gray-background-color\"><strong>Stufe 2:<\/strong>&nbsp;Felix Korn,&nbsp;Linda Eibisch, Dominik Kolbinger (FF K\u00f6ditz), Paul R\u00f6del <span style=\"font-family: arial, helvetica, sans-serif; font-size: 14px;\"><span style=\"color: #ff0000;\"><\/span><\/span><\/p>\n\n\n\n<p class=\"has-background has-cyan-bluish-gray-background-color\"><span style=\"font-family: arial, helvetica, sans-serif; font-size: 14px;\"><span style=\"color: #ff0000;\"><\/span><strong>Stufe 4:<\/strong> Christoph Schlegel<\/span><\/p>\n\n\n\n<p class=\"has-background has-cyan-bluish-gray-background-color\"><strong>Stufe 5:<\/strong> Luisa Geisler, Florian Hofmann, Thomas Reichstein, Maximilian Schaller<span style=\"font-family: arial, helvetica, sans-serif; font-size: 14px;\"><span style=\"color: #ff0000;\"><\/span><\/span><\/p>\n\n\n\n<p class=\"has-background has-cyan-bluish-gray-background-color\"><strong>Stufe 6:<\/strong> Sascha Knipp<span style=\"font-family: arial, helvetica, sans-serif; font-size: 14px;\"><span style=\"color: #ff0000;\"><\/span><\/span><\/p>\n\n\n\n<p style=\"font-size:11px\">Bericht: Maximilian Schaller <span style=\"font-size: 12px;\"><span style=\"font-family: arial, helvetica, sans-serif;\"><\/span><\/span><\/p>\n\n\n\n<p style=\"text-align:center\">Vielen Dank an <em>Beschl Photoworks<\/em> f\u00fcr die Bereitstellung der Bilder. <span style=\"font-size: 14px;\"><span style=\"font-family: arial, helvetica, sans-serif;\"><\/span><\/span><\/p>\n\n\n\n<hr class=\"wp-block-separator\"\/>\n\n\n\n<h4 class=\"wp-block-heading\" style=\"text-align:center\">Alle Bilder von der Leistungspr\u00fcfung finden Sie in unserem Album bei <span style=\"font-family: arial, helvetica, sans-serif; color: #800000;\"><\/span><\/h4>\n\n\n\n<figure class=\"wp-block-embed is-type-rich is-provider-google-photos\"><div class=\"wp-block-embed__wrapper\">\n<blockquote class=\"embedly-card\" data-card-controls=\"0\" data-card-align=\"center\" data-card-theme=\"light\"><h4><a href=\"https:\/\/photos.app.goo.gl\/38wRksXewD6B5CWN6\">No Title<\/a><\/h4><p>No Description<\/p><\/blockquote><script async src=\"\/\/cdn.embedly.com\/widgets\/platform.js\" charset=\"UTF-8\"><\/script>\n<\/div><\/figure>\n","protected":false},"excerpt":{"rendered":"<div class=\"mh-excerpt\">Am Samstag den 20. Oktober legten insgesamt drei Gruppen der FF Berg die Leistungspr\u00fcfung \u201cDie Gruppe im L\u00f6scheinsatz\u201c ab. Unter den strengen Augen der Schiedsrichter Hans M\u00fcnzer, Marco Kolbinger und Thomas Dick stellten die Teilnehmer ihre Kenntnisse im Bereich Brandbek\u00e4mpfung unter Beweis.<\/div>\n<p> <a class=\"mh-excerpt-more\" href=\"https:\/\/www.ffw-berg.de\/wordpress\/leistungspruefung-wasser-2018\/\" title=\"Leistungspr\u00fcfung Wasser 2018\">[  Mehr &gt;&gt; ]<\/a><\/p>\n","protected":false},"author":2,"featured_media":213450,"comment_status":"closed","ping_status":"open","sticky":false,"template":"","format":"standard","meta":{"footnotes":""},"categories":[896,749],"tags":[81,322,583,886,887,888,889,890,891],"class_list":{"0":"post-213435","1":"post","2":"type-post","3":"status-publish","4":"format-standard","5":"has-post-thumbnail","7":"category-pressearchiv","8":"category-leistungspruefung","9":"tag-verkehrsabsicherung","10":"tag-c-rohr","11":"tag-leistungspruefung","12":"tag-lpw2018","13":"tag-leistungspruefung-wasser","14":"tag-knoten-und-stiche","15":"tag-brandbekaempfung","16":"tag-ueberflurhydrant","17":"tag-wasserversorgung"},"_links":{"self":[{"href":"https:\/\/www.ffw-berg.de\/wordpress\/wp-json\/wp\/v2\/posts\/213435","targetHints":{"allow":["GET"]}}],"collection":[{"href":"https:\/\/www.ffw-berg.de\/wordpress\/wp-json\/wp\/v2\/posts"}],"about":[{"href":"https:\/\/www.ffw-berg.de\/wordpress\/wp-json\/wp\/v2\/types\/post"}],"author":[{"embeddable":true,"href":"https:\/\/www.ffw-berg.de\/wordpress\/wp-json\/wp\/v2\/users\/2"}],"replies":[{"embeddable":true,"href":"https:\/\/www.ffw-berg.de\/wordpress\/wp-json\/wp\/v2\/comments?post=213435"}],"version-history":[{"count":0,"href":"https:\/\/www.ffw-berg.de\/wordpress\/wp-json\/wp\/v2\/posts\/213435\/revisions"}],"wp:featuredmedia":[{"embeddable":true,"href":"https:\/\/www.ffw-berg.de\/wordpress\/wp-json\/wp\/v2\/media\/213450"}],"wp:attachment":[{"href":"https:\/\/www.ffw-berg.de\/wordpress\/wp-json\/wp\/v2\/media?parent=213435"}],"wp:term":[{"taxonomy":"category","embeddable":true,"href":"https:\/\/www.ffw-berg.de\/wordpress\/wp-json\/wp\/v2\/categories?post=213435"},{"taxonomy":"post_tag","embeddable":true,"href":"https:\/\/www.ffw-berg.de\/wordpress\/wp-json\/wp\/v2\/tags?post=213435"}],"curies":[{"name":"wp","href":"https:\/\/api.w.org\/{rel}","templated":true}]}}