{"id":213576,"date":"2018-11-07T19:02:39","date_gmt":"2018-11-07T18:02:39","guid":{"rendered":"https:\/\/www.ffw-berg.de\/wordpress\/?p=213576"},"modified":"2018-12-31T22:38:37","modified_gmt":"2018-12-31T21:38:37","slug":"einsatz-vom-07-11-18-brand-pkw","status":"publish","type":"post","link":"https:\/\/www.ffw-berg.de\/wordpress\/einsatz-vom-07-11-18-brand-pkw\/","title":{"rendered":"Einsatz vom 07.11.18 &#8211; Brand PKW"},"content":{"rendered":"\n<div class=\"wp-block-columns has-2-columns is-layout-flex wp-container-core-columns-is-layout-9d6595d7 wp-block-columns-is-layout-flex\">\n<div class=\"wp-block-column is-layout-flow wp-block-column-is-layout-flow\">\n<p style=\"color:#800000\" class=\"has-text-color\"><strong>Nr.<\/strong><\/p>\n\n\n\n<p style=\"color:#800000\" class=\"has-text-color\"><strong>Alarmzeit<\/strong><\/p>\n\n\n\n<p style=\"color:#800000\" class=\"has-text-color\"><strong>Einsatzdauer<\/strong><\/p>\n\n\n\n<p style=\"color:#800000\" class=\"has-text-color\"><strong>Einsatzort<\/strong><\/p>\n\n\n\n<p style=\"color:#800000\" class=\"has-text-color\"><strong>Einsatzart&nbsp;<\/strong><\/p>\n\n\n\n<p style=\"color:#800000\" class=\"has-text-color\"><strong>Eingesetzte Fahrzeuge&nbsp;<\/strong><\/p>\n\n\n\n<p style=\"color:#800000\" class=\"has-text-color\"><strong>Einsatzmittel<\/strong><\/p>\n<\/div>\n\n\n\n<div class=\"wp-block-column is-layout-flow wp-block-column-is-layout-flow\">\n<p><strong>38<\/strong><\/p>\n\n\n\n<p><strong>19.50 Uhr<\/strong><\/p>\n\n\n\n<p><strong>1,02 Std<\/strong><\/p>\n\n\n\n<p><strong>ST2692 \u2013 Brucker Senke<\/strong><\/p>\n\n\n\n<p><strong>B 3 | Brand mit PKW<\/strong><\/p>\n\n\n\n<p><strong>HLF 20, LF 8\/6, MTW, VSA<\/strong><\/p>\n\n\n\n<p><strong>Beleuchtungsger\u00e4te, Ger\u00e4t zur Verkehrslenkung, Kommunikationsger\u00e4t<\/strong><\/p>\n<\/div>\n<\/div>\n\n\n\n<hr class=\"wp-block-separator is-style-wide\"\/>\n\n\n\n<h4 class=\"wp-block-heading\"><strong><span style=\"font-family: arial, helvetica, sans-serif; color: #993300;\">Einsatzbericht<\/span><\/strong><\/h4>\n\n\n\n<p>Die Feuerwehr Berg und Bruck wurde zu einem gemeldeten PKW Brand alarmiert.<\/p>\n\n\n\n<p>Bereits auf der Anfahrt kam die Meldung \u00fcber die Polizei, dass es sich lediglich um rauchende Airbags handelte, die nach einem Wildunfall ausgel\u00f6st hatten. Von seiten der Feuerwehr wunden schlie\u00dflich verkehrsregelnde Ma\u00dfnahmen durchgef\u00fchrt. Ein Personenschaden entstand nicht.<\/p>\n\n\n\n<hr class=\"wp-block-separator is-style-wide\"\/>\n\n\n\n<h4 class=\"wp-block-heading\" style=\"text-align:center\"><span style=\"font-family: arial, helvetica, sans-serif; color: #800000;\">Einsatzfotos:<\/span><\/h4>\n\n\n\n<ul class=\"wp-block-gallery columns-3 is-cropped wp-block-gallery-1 is-layout-flex wp-block-gallery-is-layout-flex\"><li class=\"blocks-gallery-item\"><figure><a href=\"https:\/\/www.ffw-berg.de\/wordpress\/wp-content\/uploads\/2018\/11\/07_11_18_vu1.jpg\"><img loading=\"lazy\" decoding=\"async\" width=\"720\" height=\"480\" src=\"https:\/\/www.ffw-berg.de\/wordpress\/wp-content\/uploads\/2018\/11\/07_11_18_vu1.jpg\" alt=\"07_11_18_vu1\" data-id=\"213582\" class=\"wp-image-213582\" srcset=\"https:\/\/www.ffw-berg.de\/wordpress\/wp-content\/uploads\/2018\/11\/07_11_18_vu1.jpg 720w, https:\/\/www.ffw-berg.de\/wordpress\/wp-content\/uploads\/2018\/11\/07_11_18_vu1-120x80.jpg 120w, https:\/\/www.ffw-berg.de\/wordpress\/wp-content\/uploads\/2018\/11\/07_11_18_vu1-300x200.jpg 300w\" sizes=\"auto, (max-width: 720px) 100vw, 720px\" \/><\/a><\/figure><\/li><li class=\"blocks-gallery-item\"><figure><a href=\"https:\/\/www.ffw-berg.de\/wordpress\/wp-content\/uploads\/2018\/11\/07_11_18_vu0.jpg\"><img loading=\"lazy\" decoding=\"async\" width=\"720\" height=\"480\" src=\"https:\/\/www.ffw-berg.de\/wordpress\/wp-content\/uploads\/2018\/11\/07_11_18_vu0.jpg\" alt=\"07_11_18_vu0\" data-id=\"213581\" class=\"wp-image-213581\" srcset=\"https:\/\/www.ffw-berg.de\/wordpress\/wp-content\/uploads\/2018\/11\/07_11_18_vu0.jpg 720w, https:\/\/www.ffw-berg.de\/wordpress\/wp-content\/uploads\/2018\/11\/07_11_18_vu0-120x80.jpg 120w, https:\/\/www.ffw-berg.de\/wordpress\/wp-content\/uploads\/2018\/11\/07_11_18_vu0-300x200.jpg 300w\" sizes=\"auto, (max-width: 720px) 100vw, 720px\" \/><\/a><\/figure><\/li><li class=\"blocks-gallery-item\"><figure><a href=\"https:\/\/www.ffw-berg.de\/wordpress\/wp-content\/uploads\/2018\/11\/07_11_18_vu2.jpg\"><img loading=\"lazy\" decoding=\"async\" width=\"720\" height=\"480\" src=\"https:\/\/www.ffw-berg.de\/wordpress\/wp-content\/uploads\/2018\/11\/07_11_18_vu2.jpg\" alt=\"07_11_18_vu2\" data-id=\"213583\" class=\"wp-image-213583\" srcset=\"https:\/\/www.ffw-berg.de\/wordpress\/wp-content\/uploads\/2018\/11\/07_11_18_vu2.jpg 720w, https:\/\/www.ffw-berg.de\/wordpress\/wp-content\/uploads\/2018\/11\/07_11_18_vu2-120x80.jpg 120w, https:\/\/www.ffw-berg.de\/wordpress\/wp-content\/uploads\/2018\/11\/07_11_18_vu2-300x200.jpg 300w\" sizes=\"auto, (max-width: 720px) 100vw, 720px\" \/><\/a><\/figure><\/li><\/ul>\n\n\n\n<p style=\"font-size:10px;text-align:center\"><span style=\"font-family: arial, helvetica, sans-serif; font-size: 12px;\">Bilder mit freundlicher Genehmigung von Pressefotograph Stephan Fricke<\/span><\/p>\n","protected":false},"excerpt":{"rendered":"<div class=\"mh-excerpt\">Nr. 38 | Alarmzeit: 19.02 Uhr | ST2692 \u2013 Brucker Senke | B<\/p>\n<p>Eingesetzte Fahrzeuge: HLF 20, LF 8\/6, MTW, VSA<\/p><\/div>\n<p> <a class=\"mh-excerpt-more\" href=\"https:\/\/www.ffw-berg.de\/wordpress\/einsatz-vom-07-11-18-brand-pkw\/\" title=\"Einsatz vom 07.11.18 &#8211; Brand PKW\">[  Mehr &gt;&gt; ]<\/a><\/p>\n","protected":false},"author":2,"featured_media":213582,"comment_status":"closed","ping_status":"open","sticky":false,"template":"","format":"standard","meta":{"footnotes":""},"categories":[722],"tags":[142,147,149,706],"class_list":{"0":"post-213576","1":"post","2":"type-post","3":"status-publish","4":"format-standard","5":"has-post-thumbnail","7":"category-einsaetze-2018","8":"tag-geraet-zur-verkehrssicherung-lenkung","9":"tag-kommunikationsmittel","10":"tag-lf-86","11":"tag-hlf-20"},"_links":{"self":[{"href":"https:\/\/www.ffw-berg.de\/wordpress\/wp-json\/wp\/v2\/posts\/213576","targetHints":{"allow":["GET"]}}],"collection":[{"href":"https:\/\/www.ffw-berg.de\/wordpress\/wp-json\/wp\/v2\/posts"}],"about":[{"href":"https:\/\/www.ffw-berg.de\/wordpress\/wp-json\/wp\/v2\/types\/post"}],"author":[{"embeddable":true,"href":"https:\/\/www.ffw-berg.de\/wordpress\/wp-json\/wp\/v2\/users\/2"}],"replies":[{"embeddable":true,"href":"https:\/\/www.ffw-berg.de\/wordpress\/wp-json\/wp\/v2\/comments?post=213576"}],"version-history":[{"count":0,"href":"https:\/\/www.ffw-berg.de\/wordpress\/wp-json\/wp\/v2\/posts\/213576\/revisions"}],"wp:featuredmedia":[{"embeddable":true,"href":"https:\/\/www.ffw-berg.de\/wordpress\/wp-json\/wp\/v2\/media\/213582"}],"wp:attachment":[{"href":"https:\/\/www.ffw-berg.de\/wordpress\/wp-json\/wp\/v2\/media?parent=213576"}],"wp:term":[{"taxonomy":"category","embeddable":true,"href":"https:\/\/www.ffw-berg.de\/wordpress\/wp-json\/wp\/v2\/categories?post=213576"},{"taxonomy":"post_tag","embeddable":true,"href":"https:\/\/www.ffw-berg.de\/wordpress\/wp-json\/wp\/v2\/tags?post=213576"}],"curies":[{"name":"wp","href":"https:\/\/api.w.org\/{rel}","templated":true}]}}