{"id":213631,"date":"2018-12-08T11:42:45","date_gmt":"2018-12-08T10:42:45","guid":{"rendered":"https:\/\/www.ffw-berg.de\/wordpress\/?p=213631"},"modified":"2018-12-31T22:38:12","modified_gmt":"2018-12-31T21:38:12","slug":"einsatz-vom-08-12-18-kleinbrand-in-gebaeude","status":"publish","type":"post","link":"https:\/\/www.ffw-berg.de\/wordpress\/einsatz-vom-08-12-18-kleinbrand-in-gebaeude\/","title":{"rendered":"Einsatz vom 08.12.18 &#8211; Kleinbrand in Geb\u00e4ude"},"content":{"rendered":"\n<p><span style=\"font-family: arial, helvetica, sans-serif;\"><\/span><\/p>\n\n\n\n<div class=\"wp-block-columns has-2-columns is-layout-flex wp-container-core-columns-is-layout-9d6595d7 wp-block-columns-is-layout-flex\">\n<div class=\"wp-block-column is-layout-flow wp-block-column-is-layout-flow\">\n<p style=\"color:#800000\" class=\"has-text-color\"><strong>Nr.:<\/strong><\/p>\n\n\n\n<p style=\"color:#800000\" class=\"has-text-color\"><strong>Alarmzeit:<\/strong><\/p>\n\n\n\n<p style=\"color:#800000\" class=\"has-text-color\"><strong>Einsatzdauer:<\/strong><\/p>\n\n\n\n<p style=\"color:#800000\" class=\"has-text-color\"><strong>Einsatzort:<\/strong><\/p>\n\n\n\n<p style=\"color:#800000\" class=\"has-text-color\"><strong>Einsatzart:<\/strong><\/p>\n\n\n\n<p style=\"color:#800000\" class=\"has-text-color\"><strong>Eingesetzte Fahrzeuge:<\/strong><\/p>\n\n\n\n<p style=\"color:#800000\" class=\"has-text-color\"><strong>Einsatzmittel:<\/strong><br \/><\/p>\n<\/div>\n\n\n\n<div class=\"wp-block-column is-layout-flow wp-block-column-is-layout-flow\">\n<p>40<\/p>\n\n\n\n<p>21.44 Uhr<\/p>\n\n\n\n<p>1,28 Std.<\/p>\n\n\n\n<p>Zum Wassersteig, Berg<\/p>\n\n\n\n<p>B3 | Kleinbrand im Geb\u00e4ude\/Keller<\/p>\n\n\n\n<p>HLF 20, LF 8\/6, MTW, MZF<\/p>\n\n\n\n<p>Kommunikationsger\u00e4t, C-\/D-Rohre, Hydrant 1000 ltr., Fahrzeug-L\u00f6schwasser 1000 ltr.<br \/><\/p>\n<\/div>\n<\/div>\n\n\n\n<hr class=\"wp-block-separator is-style-wide\"\/>\n\n\n\n<h4 class=\"wp-block-heading\"><strong><span style=\"font-family: arial, helvetica, sans-serif; color: #993300;\">Einsatzbericht<\/span><\/strong><\/h4>\n\n\n\n<p>Die Feuerwehr Berg wurde wegen eines Brandes einer Heizungsanlage alarmiert.<\/p>\n\n\n\n<p>Bei Eintreffen war das Feuer durch die Bewohner bereits abgel\u00f6scht. Durch die Feuerwehr wurde das Geb\u00e4ude bel\u00fcftet, die Brandstelle abgek\u00fchlt und auf Glut-Nester mit der W\u00e4rmebildkamera kontrolliert.<\/p>\n","protected":false},"excerpt":{"rendered":"<div class=\"mh-excerpt\">Nr. 40 | Zeit: 21.44 Uhr | Zum Wassersteig, Berg | B<\/p>\n<p>Eingesetzte Fahrzeuge: HLF 20, LF 8\/6, MTW, MZF<\/p><\/div>\n<p> <a class=\"mh-excerpt-more\" href=\"https:\/\/www.ffw-berg.de\/wordpress\/einsatz-vom-08-12-18-kleinbrand-in-gebaeude\/\" title=\"Einsatz vom 08.12.18 &#8211; Kleinbrand in Geb\u00e4ude\">[  Mehr &gt;&gt; ]<\/a><\/p>\n","protected":false},"author":2,"featured_media":212207,"comment_status":"closed","ping_status":"open","sticky":false,"template":"","format":"standard","meta":{"footnotes":""},"categories":[722],"tags":[71,72,95,364,168,562,567,568,706,828],"class_list":{"0":"post-213631","1":"post","2":"type-post","3":"status-publish","4":"format-standard","5":"has-post-thumbnail","7":"category-einsaetze-2018","8":"tag-wbk","9":"tag-brand","10":"tag-pa","11":"tag-mtw","12":"tag-beleuchtungsgeraete","13":"tag-kommunikationsgeraete","14":"tag-c-d-rohre","15":"tag-be-entluefter","16":"tag-hlf-20","17":"tag-hitzeschutzbekleidung"},"_links":{"self":[{"href":"https:\/\/www.ffw-berg.de\/wordpress\/wp-json\/wp\/v2\/posts\/213631","targetHints":{"allow":["GET"]}}],"collection":[{"href":"https:\/\/www.ffw-berg.de\/wordpress\/wp-json\/wp\/v2\/posts"}],"about":[{"href":"https:\/\/www.ffw-berg.de\/wordpress\/wp-json\/wp\/v2\/types\/post"}],"author":[{"embeddable":true,"href":"https:\/\/www.ffw-berg.de\/wordpress\/wp-json\/wp\/v2\/users\/2"}],"replies":[{"embeddable":true,"href":"https:\/\/www.ffw-berg.de\/wordpress\/wp-json\/wp\/v2\/comments?post=213631"}],"version-history":[{"count":0,"href":"https:\/\/www.ffw-berg.de\/wordpress\/wp-json\/wp\/v2\/posts\/213631\/revisions"}],"wp:featuredmedia":[{"embeddable":true,"href":"https:\/\/www.ffw-berg.de\/wordpress\/wp-json\/wp\/v2\/media\/212207"}],"wp:attachment":[{"href":"https:\/\/www.ffw-berg.de\/wordpress\/wp-json\/wp\/v2\/media?parent=213631"}],"wp:term":[{"taxonomy":"category","embeddable":true,"href":"https:\/\/www.ffw-berg.de\/wordpress\/wp-json\/wp\/v2\/categories?post=213631"},{"taxonomy":"post_tag","embeddable":true,"href":"https:\/\/www.ffw-berg.de\/wordpress\/wp-json\/wp\/v2\/tags?post=213631"}],"curies":[{"name":"wp","href":"https:\/\/api.w.org\/{rel}","templated":true}]}}