{"id":214543,"date":"2019-01-25T18:00:13","date_gmt":"2019-01-25T17:00:13","guid":{"rendered":"https:\/\/www.ffw-berg.de\/wordpress\/?p=214543"},"modified":"2026-02-24T12:39:21","modified_gmt":"2026-02-24T11:39:21","slug":"jhv-der-jugendgruppe-2019","status":"publish","type":"post","link":"https:\/\/www.ffw-berg.de\/wordpress\/jhv-der-jugendgruppe-2019\/","title":{"rendered":"JHV der Jugendgruppe 2019"},"content":{"rendered":"\n<h2 class=\"wp-block-heading\">Jahreshauptversammlung Jugendgruppe | 75 Dienste mit 1602 Arbeitsstunden | 4 Neueintritte<\/h2>\n\n\n\n<p>Auf ein ausbildungsintensives und arbeitsreiches Jahr konnte die  Jugendgruppe der Freiwilligen Feuerwehr Berg am vergangenen Freitag bei  ihrer Jahreshauptversammlung zur\u00fcckblicken. Jugendwart Holger Wurzbacher  durfte neben den Jugendlichen, die beiden Kommandanten, den  Vorsitzenden sowie B\u00fcrgermeisterin Patricia Rubner im  Feuerwehrger\u00e4tehaus begr\u00fc\u00dfen.<\/p>\n\n\n\n<figure class=\"wp-block-image\"><a href=\"https:\/\/www.ffw-berg.de\/wordpress\/wp-content\/uploads\/2019\/02\/jf_jhv2019.jpg\"><img loading=\"lazy\" decoding=\"async\" width=\"1080\" height=\"720\" src=\"https:\/\/www.ffw-berg.de\/wordpress\/wp-content\/uploads\/2019\/02\/jf_jhv2019-1080x720.jpg\" alt=\"\" class=\"wp-image-214544\" srcset=\"https:\/\/www.ffw-berg.de\/wordpress\/wp-content\/uploads\/2019\/02\/jf_jhv2019-1080x720.jpg 1080w, https:\/\/www.ffw-berg.de\/wordpress\/wp-content\/uploads\/2019\/02\/jf_jhv2019-120x80.jpg 120w, https:\/\/www.ffw-berg.de\/wordpress\/wp-content\/uploads\/2019\/02\/jf_jhv2019-300x200.jpg 300w, https:\/\/www.ffw-berg.de\/wordpress\/wp-content\/uploads\/2019\/02\/jf_jhv2019-768x512.jpg 768w, https:\/\/www.ffw-berg.de\/wordpress\/wp-content\/uploads\/2019\/02\/jf_jhv2019.jpg 2048w\" sizes=\"auto, (max-width: 1080px) 100vw, 1080px\" \/><\/a><\/figure>\n\n\n\n<p>Im T\u00e4tigkeitsbericht der  Jugendwarte blickte Jugendwart Maximilian Schaller auf insgesamt 75  Dienste im vergangenen Jahr zur\u00fcck, an denen die Jugendlichen insgesamt  1602 Stunden Feuerwehrdienst geleistet haben. Neben dieser beachtlichen  Summe stemmten die Jugendlichen au\u00dferdem einen Gro\u00dfteil der bisher knapp  1100 Stunden f\u00fcr die Errichtung ihres neuen Jugendraumes, wof\u00fcr es  nochmals ein besonderes Lob gab. Besonders erfreut zeigte er sich \u00fcber  die vier Neueintritte, die 2018 verzeichnet werden konnten, somit ergibt  sich zum 31.12.2018 ein Stand von 13 Jugendlichen. <\/p>\n\n\n\n<p>Jugendsprecherin Emma Eibisch erg\u00e4nzte den Bericht mit einem R\u00fcckblick  auf das letzte Jahr aus Sicht der Jugendlichen. Neben zahlreichen  \u00dcbungen und Unterrichten hob sie vor allem die Bayerische  Jugendleistungspr\u00fcfung, die Jugendflamme und den Wissenstest hervor,  welche von einigen Jugendlichen erfolgreich ablegt wurde. Im Herbst  legten f\u00fcnf Anw\u00e4rter, zusammen mit der aktiven Wehr, bei der Abnahme der  Leistungspr\u00fcfung Wasser die Stufe Bronze ab. Am Kuppelcup in Zedtwitz  belegten zwei Marschgruppen den 3. und 4. Platz, am  Jugendleistungsmarsch in Zedtwitz belegte die Marschgruppe einen guten  12. Platz. Das Highlight im vergangenen Jahr war f\u00fcr die  Feuerwehranw\u00e4rter der gemeinsame Berufsfeuerwehrtag mit der  Bereitschaftsjugend der BRK-Bereitschaft Berg, bei dem die Jugendlichen  in den t\u00e4glichen Ablauf einer Berufsfeuerwehr hereinschnuppern durften. <\/p>\n\n\n\n<p>Die Kassenpr\u00fcfer Lukas Berger und Jan Vogel bescheinigten der  Kassenwartin Anna Haas eine einwandfrei gef\u00fchrte Kasse, welche  anschlie\u00dfend durch die Versammlung per Handzeichen entlastet wurde. <\/p>\n\n\n\n<p>Nachdem die bisherige Jugendordnung in den letzten Jahren in mehreren  Punkten \u00fcberarbeitet werden musste, stand die neue aktualisiert Fassung  an der Jahreshauptversammlung zur Abstimmung. Nach Erl\u00e4uterung der  \u00c4nderungen, wurde die neue Jugendordnung einstimmig von den Jugendlichen  beschlossen.<\/p>\n\n\n\n<p>Bei der Wahl zum neuen Jugendsprecher setzt sich  Jan Vogel und Maximilian Rie\u00df als sein Stellvertreter durch, um in  Zukunft die Interessen der Jugendgruppe zu vertreten. Die Kasse wird nun  von der Kassenwartin Cosima Rubner und den Kassenpr\u00fcfern Florian M\u00fcller  und Lukas Berger verwaltet.<\/p>\n\n\n\n<p>Anschlie\u00dfend gab Jugendwart Holger  Wurzbacher einen Ausblick auf das Jahr 2019, welches wieder einen gut  gef\u00fcllten Dienstplan aufweist. Neben verschiedensten  Ausbildungseinheiten, Leistungspr\u00fcfungen und Wettk\u00e4mpfen, soll auch die  Deutsche Jugendleistungsspange abgelegt werden. Au\u00dferdem sind wieder einige Highlights wie der Berufsfeuerwehrtag Naila oder das  Kreisjugendzeltlager in Selbitz und viele gemeinsame Gruppenabende im  neu errichteten Jugendabend geplant, damit der Spa\u00df nicht zu kurz kommt.<\/p>\n\n\n\n<p>In den Gru\u00dfworten dankten Kommandant Martin Wurzbacher und Vorstand  Gerhard Br\u00fchschwein den Jugendlichen f\u00fcr Ihre Unterst\u00fctzung und  Engagement bei den Terminen der aktiven Wehr und des Vereins. Besonders  wurde der Einsatz der Jugendlichen bei der Errichtung des lang ersehnten  Jugendraums gelobt, ohne welchen dieser nicht realisiert werden konnte.  B\u00fcrgermeisterin Patricia Rubner bezeichnete den verwirklichten  Jugendraum als einen Meilenstein in der Jugendarbeit im Berger Winkel,  durch welchen die Zusammenarbeit der Feuerwehren und Vereine weiter  gef\u00f6rdert wird. <\/p>\n\n\n\n<p>Abschlie\u00dfend \u00fcberreichte Felix Korn, stellvertretend f\u00fcr  alle Helfer, den Erl\u00f6s von der letztj\u00e4hrigen Spendenaktion an  Halloween. Insgesamt konnten nochmals \u00fcber 900\u20ac \u00fcbergeben werden, welche in die Ausstattung des Jugendraumes investiert werden sollen.<\/p>\n\n\n\n<p style=\"font-size:11px\">Bericht: Maximilian Schaller, Jugendwart<\/p>\n","protected":false},"excerpt":{"rendered":"<div class=\"mh-excerpt\">75 Dienste und 1602 Arbeitsstunden geleistet!<br \/>\nAuf ein ausbildungsintensives und arbeitsreiches Jahr konnte die Jugendgruppe der Freiwilligen Feuerwehr Berg am vergangenen Freitag bei ihrer Jahreshauptversammlung zur\u00fcckblicken.<\/div>\n<p> <a class=\"mh-excerpt-more\" href=\"https:\/\/www.ffw-berg.de\/wordpress\/jhv-der-jugendgruppe-2019\/\" title=\"JHV der Jugendgruppe 2019\">[  Mehr &gt;&gt; ]<\/a><\/p>\n","protected":false},"author":2,"featured_media":214544,"comment_status":"closed","ping_status":"open","sticky":false,"template":"","format":"standard","meta":{"footnotes":""},"categories":[66],"tags":[938,939,103,940,257,342,461,482,582,614,660,796,797,799,800,887,936],"class_list":{"0":"post-214543","1":"post","2":"type-post","3":"status-publish","4":"format-standard","5":"has-post-thumbnail","7":"category-jf-jhv","8":"tag-neueintritte","9":"tag-kuppelcup","10":"tag-uebungen","11":"tag-jugenraum","12":"tag-unterrichte","13":"tag-jugendfeuerwehr","14":"tag-jugendleistungsmarsch","15":"tag-spenden","16":"tag-bayerische-jugendleistungspruefung","17":"tag-jugendflamme","18":"tag-mta","19":"tag-berufsfeuerwehrtag","20":"tag-kreijugendzeltlager","21":"tag-wissenstest","22":"tag-jugendsprecher","23":"tag-leistungspruefung-wasser","24":"tag-jf-jhv2019"},"_links":{"self":[{"href":"https:\/\/www.ffw-berg.de\/wordpress\/wp-json\/wp\/v2\/posts\/214543","targetHints":{"allow":["GET"]}}],"collection":[{"href":"https:\/\/www.ffw-berg.de\/wordpress\/wp-json\/wp\/v2\/posts"}],"about":[{"href":"https:\/\/www.ffw-berg.de\/wordpress\/wp-json\/wp\/v2\/types\/post"}],"author":[{"embeddable":true,"href":"https:\/\/www.ffw-berg.de\/wordpress\/wp-json\/wp\/v2\/users\/2"}],"replies":[{"embeddable":true,"href":"https:\/\/www.ffw-berg.de\/wordpress\/wp-json\/wp\/v2\/comments?post=214543"}],"version-history":[{"count":0,"href":"https:\/\/www.ffw-berg.de\/wordpress\/wp-json\/wp\/v2\/posts\/214543\/revisions"}],"wp:featuredmedia":[{"embeddable":true,"href":"https:\/\/www.ffw-berg.de\/wordpress\/wp-json\/wp\/v2\/media\/214544"}],"wp:attachment":[{"href":"https:\/\/www.ffw-berg.de\/wordpress\/wp-json\/wp\/v2\/media?parent=214543"}],"wp:term":[{"taxonomy":"category","embeddable":true,"href":"https:\/\/www.ffw-berg.de\/wordpress\/wp-json\/wp\/v2\/categories?post=214543"},{"taxonomy":"post_tag","embeddable":true,"href":"https:\/\/www.ffw-berg.de\/wordpress\/wp-json\/wp\/v2\/tags?post=214543"}],"curies":[{"name":"wp","href":"https:\/\/api.w.org\/{rel}","templated":true}]}}