{"id":214717,"date":"2019-03-08T23:00:24","date_gmt":"2019-03-08T22:00:24","guid":{"rendered":"https:\/\/www.ffw-berg.de\/wordpress\/?p=214717"},"modified":"2026-02-24T12:39:44","modified_gmt":"2026-02-24T11:39:44","slug":"jhv-2019-vier-jugendliche-verstaerken-die-wehr","status":"publish","type":"post","link":"https:\/\/www.ffw-berg.de\/wordpress\/jhv-2019-vier-jugendliche-verstaerken-die-wehr\/","title":{"rendered":"JHV 2019 &#8211; Vier Jugendliche  verst\u00e4rken die Wehr"},"content":{"rendered":"\n<p class=\"has-text-color has-cyan-bluish-gray-color\"><em>Quelle: Amtliche Bekanntmachungen der Gemeinde Berg in \u201eWir im Frankenwald\u201c vom 22.03.19<\/em><\/p>\n\n\n\n<h2 class=\"wp-block-heading\">Bau des Jugendraumes H\u00f6hepunkt 2019 | 700 Einsatzstunden bei 56 Eins\u00e4tzen<\/h2>\n\n\n\n<p>Berg\u00a0&#8211; Der Bau des Jugendraumes im Feuerwehrhaus Berg war ohne Zweifel der H\u00f6hepunkt im vergangenen Jahr. Dar\u00fcber waren sich alle Vertreter der Freiwilligen Feuerwehr Berg anl\u00e4sslich der Jahreshauptversammlung im Gasthaus \u201eZur Traube\u201c einig. <\/p>\n\n\n\n<figure class=\"wp-block-image\"><a href=\"https:\/\/www.ffw-berg.de\/wordpress\/wp-content\/uploads\/2019\/04\/ffberg_jhv_2019_1.jpg\"><img loading=\"lazy\" decoding=\"async\" width=\"1080\" height=\"608\" src=\"https:\/\/www.ffw-berg.de\/wordpress\/wp-content\/uploads\/2019\/04\/ffberg_jhv_2019_1-1080x608.jpg\" alt=\"ffberg_jhv_2019_1\" class=\"wp-image-214722\" srcset=\"https:\/\/www.ffw-berg.de\/wordpress\/wp-content\/uploads\/2019\/04\/ffberg_jhv_2019_1-1080x608.jpg 1080w, https:\/\/www.ffw-berg.de\/wordpress\/wp-content\/uploads\/2019\/04\/ffberg_jhv_2019_1-120x68.jpg 120w, https:\/\/www.ffw-berg.de\/wordpress\/wp-content\/uploads\/2019\/04\/ffberg_jhv_2019_1-300x169.jpg 300w, https:\/\/www.ffw-berg.de\/wordpress\/wp-content\/uploads\/2019\/04\/ffberg_jhv_2019_1-768x432.jpg 768w, https:\/\/www.ffw-berg.de\/wordpress\/wp-content\/uploads\/2019\/04\/ffberg_jhv_2019_1-678x381.jpg 678w, https:\/\/www.ffw-berg.de\/wordpress\/wp-content\/uploads\/2019\/04\/ffberg_jhv_2019_1.jpg 1920w\" sizes=\"auto, (max-width: 1080px) 100vw, 1080px\" \/><\/a><\/figure>\n\n\n\n<p>Der Vorstand des Feuerwehrvereins, Gerhard Br\u00fchschwein, konnte zur turnusgem\u00e4\u00dfen Versammlung rund 70 aktive und passive Kameraden und Mitglieder begr\u00fc\u00dfen. In seinem Jahresbericht betonte vor allem die besondere ehrenamtliche Leistung des Gaubenausbaus: \u201eNach zehn langen Jahren, in denen wir auf die Verwirklichung gewartet haben, war es im letzten Jahr endlich soweit!\u201c, freute sich Br\u00fchschwein, dass durch die Bauma\u00dfnahme letztendlich drei vollwertige R\u00e4ume im Feuerwehrhaus gewonnen werden konnten. In bislang 1.267 ehrenamtlich geleisteten Arbeitsstunden entstanden ein kleiner Lagerraum, der neue Jugendraum und eine dazu geh\u00f6rige Teek\u00fcche. Er lobte vor allem auch den Arbeitseifer, die Motivation und den Einsatz der Jugendlichen, die sich f\u00fcr \u201eihren\u201c Jugendraum richtig ins Zeug gelegt haben. Auch den gro\u00dfz\u00fcgigen Spendern, die mit Geld- und Sachleistungen die Fertigstellung erst erm\u00f6glicht haben, dankte er ausf\u00fchrlich.<\/p>\n\n\n\n<p>Auch Kommandant Martin Wurzbacher legte w\u00e4hrend der Jahreshauptversammlung seinen T\u00e4tigkeitsbericht ab und zog ein positives Res\u00fcmee \u00fcber das abgelaufene Jahr: \u201eDie Kameradinnen und Kameraden der Freiwilligen Feuerwehr Berg leisteten rund 700 Einsatzstunden bei insgesamt 56 Eins\u00e4tzen, darunter 24 Br\u00e4nde, 22 technische Hilfeleistungen, zwei Sicherheitswachen und zwei sonstige T\u00e4tigkeiten. Besonders hob er die Ausbildungsaktivit\u00e4ten hervor, deren Schwerpunkte die Modulare Truppausbildung, die Truppf\u00fchrerqualifikation, die Teilnahme am Modul Absturzsicherung, die Ausbildung zum Fahrsicherheitstraining mit dem neuen HLF 20 sowie dem Mannschaftstransportwagen, die Atem- schutzger\u00e4tetr\u00e4gerausbildung sowie ein Motors\u00e4genlehrgang und die Ausbildung zum Sanit\u00e4ter waren. <\/p>\n\n\n\n<p>Nach den Berichten des Ger\u00e4tewartes Thomas Reichstein und des Kassenwarts Roger Unglaub und der entsprechenden Entlastung der Vorstandschaft durch Kassenpr\u00fcfer Marco Kolbinger gab Kommandant Martin Wurzbacher einen \u00dcberblick \u00fcber die aktuellen Mitgliederzahlen: Der FFw Berg geh\u00f6ren jeweils 54 aktive Kameradinnen und Kameraden und 54 passive Vereinsmitglieder an. Die Jugendgruppe besteht aus 13 Jugendlichen, drei Ehrenmitglieder konnten in der Vergangenheit ernannt werden. <\/p>\n\n\n\n<p>Per Handschlag nahm Wurzbacher vier Jugendliche in die Jugendgruppe neu auf, n\u00e4mlich Sina Ebert, Max Eimert, Nicolas Fichna und Lukas Hermann. Und mit Stefanie Dick, Sascha Knipp, Ronny K\u00f6hler und Marcel Resch vier Neuzug\u00e4nge in die aktive Wehr. Bef\u00f6rdert wurden Anna Haas und Lena Haas zur Feuerwehrfrau, Lukas Berger und Marcel Resch zum Feuerwehrmann. Zudem wurden Paul R\u00f6del und Christoph Schlegel zum Oberfeuerwehrmann ernannt. <\/p>\n\n\n\n<p>Eine besondere Ehrung wurde Ehrenvorstand Dieter Narr zuteil, der von Kreisbrandinspektor Rolf Hornfischer f\u00fcr 40 Jahre aktiven Feuerwehrdienst und von Vereinsvorstand Gerhard Br\u00fchschwein f\u00fcr 40 Jahre Mitgliedschaft im Feuerwehrverein geehrt wurde. <\/p>\n\n\n\n<ul class=\"wp-block-gallery columns-2 is-cropped wp-block-gallery-1 is-layout-flex wp-block-gallery-is-layout-flex\"><li class=\"blocks-gallery-item\"><figure><a href=\"https:\/\/www.ffw-berg.de\/wordpress\/wp-content\/uploads\/2019\/04\/ffberg_jhv_2019_0-1080x608.jpg\"><img loading=\"lazy\" decoding=\"async\" width=\"1080\" height=\"608\" src=\"https:\/\/www.ffw-berg.de\/wordpress\/wp-content\/uploads\/2019\/04\/ffberg_jhv_2019_0-1080x608.jpg\" alt=\"ffberg_jhv_2019_0\" data-id=\"214721\" data-link=\"https:\/\/www.ffw-berg.de\/wordpress\/ffberg_jhv_2019_0\/\" class=\"wp-image-214721\" srcset=\"https:\/\/www.ffw-berg.de\/wordpress\/wp-content\/uploads\/2019\/04\/ffberg_jhv_2019_0-1080x608.jpg 1080w, https:\/\/www.ffw-berg.de\/wordpress\/wp-content\/uploads\/2019\/04\/ffberg_jhv_2019_0-120x68.jpg 120w, https:\/\/www.ffw-berg.de\/wordpress\/wp-content\/uploads\/2019\/04\/ffberg_jhv_2019_0-300x169.jpg 300w, https:\/\/www.ffw-berg.de\/wordpress\/wp-content\/uploads\/2019\/04\/ffberg_jhv_2019_0-768x432.jpg 768w, https:\/\/www.ffw-berg.de\/wordpress\/wp-content\/uploads\/2019\/04\/ffberg_jhv_2019_0-678x381.jpg 678w, https:\/\/www.ffw-berg.de\/wordpress\/wp-content\/uploads\/2019\/04\/ffberg_jhv_2019_0.jpg 1920w\" sizes=\"auto, (max-width: 1080px) 100vw, 1080px\" \/><\/a><\/figure><\/li><li class=\"blocks-gallery-item\"><figure><a href=\"https:\/\/www.ffw-berg.de\/wordpress\/wp-content\/uploads\/2019\/04\/ffberg_jhv_2019_2-1080x608.jpg\"><img loading=\"lazy\" decoding=\"async\" width=\"1080\" height=\"608\" src=\"https:\/\/www.ffw-berg.de\/wordpress\/wp-content\/uploads\/2019\/04\/ffberg_jhv_2019_2-1080x608.jpg\" alt=\"ffberg_jhv_2019_2\" data-id=\"214723\" data-link=\"https:\/\/www.ffw-berg.de\/wordpress\/ffberg_jhv_2019_2\/\" class=\"wp-image-214723\" srcset=\"https:\/\/www.ffw-berg.de\/wordpress\/wp-content\/uploads\/2019\/04\/ffberg_jhv_2019_2-1080x608.jpg 1080w, https:\/\/www.ffw-berg.de\/wordpress\/wp-content\/uploads\/2019\/04\/ffberg_jhv_2019_2-120x68.jpg 120w, https:\/\/www.ffw-berg.de\/wordpress\/wp-content\/uploads\/2019\/04\/ffberg_jhv_2019_2-300x169.jpg 300w, https:\/\/www.ffw-berg.de\/wordpress\/wp-content\/uploads\/2019\/04\/ffberg_jhv_2019_2-768x432.jpg 768w, https:\/\/www.ffw-berg.de\/wordpress\/wp-content\/uploads\/2019\/04\/ffberg_jhv_2019_2-678x381.jpg 678w, https:\/\/www.ffw-berg.de\/wordpress\/wp-content\/uploads\/2019\/04\/ffberg_jhv_2019_2.jpg 1920w\" sizes=\"auto, (max-width: 1080px) 100vw, 1080px\" \/><\/a><\/figure><\/li><\/ul>\n\n\n\n<p>In ihren Gru\u00dfworten lobten Kreisbrandinspektor Rolf Hornfischer und Kreisbrandmeister Hans M\u00fcnzer die Aktivit\u00e4ten der Berger Wehr und betonten die Leistungsf\u00e4higkeit und Einsatzbereitschaft. <\/p>\n\n\n\n<p>B\u00fcrgermeisterin Patricia Rubner bezeichnete in ihrer Ansprache den Ausbau des Jugendraumes als echtes Zukunftsprojekt, von dem die ganze Gemeinde profitieren wird. \u201eMit eurer Arbeitshaltung, Einsatzbereitschaft und Motivation habt ihr dem Gemeinderat die beste Begr\u00fcndung f\u00fcr diese Investition geliefert\u201c.<\/p>\n","protected":false},"excerpt":{"rendered":"<div class=\"mh-excerpt\">Quelle: Amtliche Bekanntmachungen der Gemeinde Berg in \u201eWir im Frankenwald\u201c vom 22.03.19 Bau des Jugendraumes H\u00f6hepunkt 2019 | 700 Einsatzstunden bei 56 Eins\u00e4tzen Berg\u00a0&#8211; Der Bau des Jugendraumes im Feuerwehrhaus <a class=\"mh-excerpt-more\" href=\"https:\/\/www.ffw-berg.de\/wordpress\/jhv-2019-vier-jugendliche-verstaerken-die-wehr\/\" title=\"JHV 2019 &#8211; Vier Jugendliche  verst\u00e4rken die Wehr\">[  Mehr &gt;&gt; ]<\/a><\/div>\n","protected":false},"author":2,"featured_media":214722,"comment_status":"closed","ping_status":"open","sticky":false,"template":"","format":"standard","meta":{"footnotes":""},"categories":[896,48],"tags":[953,261,262,272,413,443,467,660,870,947,948,949,950,951,952],"class_list":{"0":"post-214717","1":"post","2":"type-post","3":"status-publish","4":"format-standard","5":"has-post-thumbnail","7":"category-pressearchiv","8":"category-press_rss","9":"tag-jhv_2019","10":"tag-ehrungen","11":"tag-befoerderungen","12":"tag-kbm","13":"tag-neuaufnahmen","14":"tag-kbr","15":"tag-kbi","16":"tag-mta","17":"tag-jugendraum","18":"tag-gaubenausbau","19":"tag-einsatzstunden","20":"tag-einsaetze","21":"tag-truppfuehrerqualifikation","22":"tag-absturzsicherung","23":"tag-mitgliederzahlen"},"_links":{"self":[{"href":"https:\/\/www.ffw-berg.de\/wordpress\/wp-json\/wp\/v2\/posts\/214717","targetHints":{"allow":["GET"]}}],"collection":[{"href":"https:\/\/www.ffw-berg.de\/wordpress\/wp-json\/wp\/v2\/posts"}],"about":[{"href":"https:\/\/www.ffw-berg.de\/wordpress\/wp-json\/wp\/v2\/types\/post"}],"author":[{"embeddable":true,"href":"https:\/\/www.ffw-berg.de\/wordpress\/wp-json\/wp\/v2\/users\/2"}],"replies":[{"embeddable":true,"href":"https:\/\/www.ffw-berg.de\/wordpress\/wp-json\/wp\/v2\/comments?post=214717"}],"version-history":[{"count":0,"href":"https:\/\/www.ffw-berg.de\/wordpress\/wp-json\/wp\/v2\/posts\/214717\/revisions"}],"wp:featuredmedia":[{"embeddable":true,"href":"https:\/\/www.ffw-berg.de\/wordpress\/wp-json\/wp\/v2\/media\/214722"}],"wp:attachment":[{"href":"https:\/\/www.ffw-berg.de\/wordpress\/wp-json\/wp\/v2\/media?parent=214717"}],"wp:term":[{"taxonomy":"category","embeddable":true,"href":"https:\/\/www.ffw-berg.de\/wordpress\/wp-json\/wp\/v2\/categories?post=214717"},{"taxonomy":"post_tag","embeddable":true,"href":"https:\/\/www.ffw-berg.de\/wordpress\/wp-json\/wp\/v2\/tags?post=214717"}],"curies":[{"name":"wp","href":"https:\/\/api.w.org\/{rel}","templated":true}]}}