{"id":214827,"date":"2019-05-10T19:37:24","date_gmt":"2019-05-10T17:37:24","guid":{"rendered":"https:\/\/www.ffw-berg.de\/wordpress\/?p=214827"},"modified":"2019-12-31T22:35:00","modified_gmt":"2019-12-31T21:35:00","slug":"einsatz-vom-02-05-19-vu-mit-pkw-2","status":"publish","type":"post","link":"https:\/\/www.ffw-berg.de\/wordpress\/einsatz-vom-02-05-19-vu-mit-pkw-2\/","title":{"rendered":"Einsatz vom 10.05.19 &#8211; VU mit PKW"},"content":{"rendered":"\n<div class=\"wp-block-columns has-2-columns is-layout-flex wp-container-core-columns-is-layout-9d6595d7 wp-block-columns-is-layout-flex\">\n<div class=\"wp-block-column is-layout-flow wp-block-column-is-layout-flow\">\n<p style=\"color:#800000\" class=\"has-text-color\"><strong>Nr.:<\/strong><\/p>\n\n\n\n<p style=\"color:#800000\" class=\"has-text-color\"><strong>Alarmzeit:<\/strong><\/p>\n\n\n\n<p style=\"color:#800000\" class=\"has-text-color\"><strong>Einsatzdauer:<\/strong><\/p>\n\n\n\n<p style=\"color:#800000\" class=\"has-text-color\"><strong>Einsatzort:<\/strong><\/p>\n\n\n\n<p style=\"color:#800000\" class=\"has-text-color\"><strong>Einsatzart:<\/strong><\/p>\n\n\n\n<p style=\"color:#800000\" class=\"has-text-color\"><strong>Eingesetzte Fahrzeuge:<\/strong><\/p>\n\n\n\n<p style=\"color:#800000\" class=\"has-text-color\"><strong>Einsatzmittel:<\/strong><br \/><\/p>\n<\/div>\n\n\n\n<div class=\"wp-block-column is-layout-flow wp-block-column-is-layout-flow\">\n<p>26<\/p>\n\n\n\n<p>19.37 Uhr<\/p>\n\n\n\n<p>2,53 Std.<\/p>\n\n\n\n<p>BAB A9 Fahrtrichtung Norden, Km 248<\/p>\n\n\n\n<p>THL 3 | VU mit mehreren PKW<\/p>\n\n\n\n<p>HLF 20, LF 8\/6, MZF, MTW, VSA<\/p>\n\n\n\n<p>Ger\u00e4t zur Verkehrslenkung, \u00d6lbindemittel, Kommunikationsger\u00e4t, Notfallkoffer<br \/><\/p>\n<\/div>\n<\/div>\n\n\n\n<hr class=\"wp-block-separator is-style-wide\"\/>\n\n\n\n<h4 class=\"wp-block-heading\"><strong>Einsatzbericht<\/strong><\/h4>\n\n\n\n<p>Die Feuerwehr Berg wurde zu einem Verkehrsunfall mit mehreren PKW auf der A9 alarmiert.<\/p>\n\n\n\n<p>Der Einsatzort sollte zwischen der Anschlussstelle Rudolphstein und Berg in  Fahrtrichtung S\u00fcden liegen. Bei der Anfahrt stellte sich heraus das der Unfall in Fahrtrichtung Norden im selben Streckenabschnitt war.<br \/>Durch die Feuerwehr wurde die Erstversorgung bis zum Eintreffen des Rettungsdienstes \u00dcbernommen. Es wurde die Unfallstelle abgesichert bis die Bergungsarbeiten abgeschlossen waren und die Fahrbahn von der Polizei freigegeben worden ist. Desweiteren wurde die Fahrbahn von Tr\u00fcmmerteilen und Erde befreit und gereinigt. Betriebsstoffe wurden gebunden. Insgesamt waren 3 PKW beteiligt.<\/p>\n\n\n\n<h4 class=\"wp-block-heading\" style=\"text-align:center\">Einsatzfotos:<\/h4>\n\n\n\n<ul class=\"wp-block-gallery columns-2 is-cropped wp-block-gallery-1 is-layout-flex wp-block-gallery-is-layout-flex\"><li class=\"blocks-gallery-item\"><figure><a href=\"https:\/\/www.ffw-berg.de\/wordpress\/wp-content\/uploads\/2019\/05\/10-05-19_vu2-1080x608.jpg\"><img loading=\"lazy\" decoding=\"async\" width=\"1080\" height=\"608\" src=\"https:\/\/www.ffw-berg.de\/wordpress\/wp-content\/uploads\/2019\/05\/10-05-19_vu2-1080x608.jpg\" alt=\"\" data-id=\"214833\" data-link=\"https:\/\/www.ffw-berg.de\/wordpress\/10-05-19_vu2\/\" class=\"wp-image-214833\" srcset=\"https:\/\/www.ffw-berg.de\/wordpress\/wp-content\/uploads\/2019\/05\/10-05-19_vu2-1080x608.jpg 1080w, https:\/\/www.ffw-berg.de\/wordpress\/wp-content\/uploads\/2019\/05\/10-05-19_vu2-120x68.jpg 120w, https:\/\/www.ffw-berg.de\/wordpress\/wp-content\/uploads\/2019\/05\/10-05-19_vu2-300x169.jpg 300w, https:\/\/www.ffw-berg.de\/wordpress\/wp-content\/uploads\/2019\/05\/10-05-19_vu2-768x432.jpg 768w, https:\/\/www.ffw-berg.de\/wordpress\/wp-content\/uploads\/2019\/05\/10-05-19_vu2-678x381.jpg 678w, https:\/\/www.ffw-berg.de\/wordpress\/wp-content\/uploads\/2019\/05\/10-05-19_vu2.jpg 1920w\" sizes=\"auto, (max-width: 1080px) 100vw, 1080px\" \/><\/a><\/figure><\/li><li class=\"blocks-gallery-item\"><figure><a href=\"https:\/\/www.ffw-berg.de\/wordpress\/wp-content\/uploads\/2019\/05\/10-05-19_vu1-1080x608.jpg\"><img loading=\"lazy\" decoding=\"async\" width=\"1080\" height=\"608\" src=\"https:\/\/www.ffw-berg.de\/wordpress\/wp-content\/uploads\/2019\/05\/10-05-19_vu1-1080x608.jpg\" alt=\"\" data-id=\"214832\" data-link=\"https:\/\/www.ffw-berg.de\/wordpress\/10-05-19_vu1\/\" class=\"wp-image-214832\" srcset=\"https:\/\/www.ffw-berg.de\/wordpress\/wp-content\/uploads\/2019\/05\/10-05-19_vu1-1080x608.jpg 1080w, https:\/\/www.ffw-berg.de\/wordpress\/wp-content\/uploads\/2019\/05\/10-05-19_vu1-120x68.jpg 120w, https:\/\/www.ffw-berg.de\/wordpress\/wp-content\/uploads\/2019\/05\/10-05-19_vu1-300x169.jpg 300w, https:\/\/www.ffw-berg.de\/wordpress\/wp-content\/uploads\/2019\/05\/10-05-19_vu1-768x432.jpg 768w, https:\/\/www.ffw-berg.de\/wordpress\/wp-content\/uploads\/2019\/05\/10-05-19_vu1-678x381.jpg 678w, https:\/\/www.ffw-berg.de\/wordpress\/wp-content\/uploads\/2019\/05\/10-05-19_vu1.jpg 1920w\" sizes=\"auto, (max-width: 1080px) 100vw, 1080px\" \/><\/a><\/figure><\/li><li class=\"blocks-gallery-item\"><figure><a href=\"https:\/\/www.ffw-berg.de\/wordpress\/wp-content\/uploads\/2019\/05\/10-05-19_vu3-1080x608.jpg\"><img loading=\"lazy\" decoding=\"async\" width=\"1080\" height=\"608\" src=\"https:\/\/www.ffw-berg.de\/wordpress\/wp-content\/uploads\/2019\/05\/10-05-19_vu3-1080x608.jpg\" alt=\"\" data-id=\"214834\" data-link=\"https:\/\/www.ffw-berg.de\/wordpress\/10-05-19_vu3\/\" class=\"wp-image-214834\" srcset=\"https:\/\/www.ffw-berg.de\/wordpress\/wp-content\/uploads\/2019\/05\/10-05-19_vu3-1080x608.jpg 1080w, https:\/\/www.ffw-berg.de\/wordpress\/wp-content\/uploads\/2019\/05\/10-05-19_vu3-120x68.jpg 120w, https:\/\/www.ffw-berg.de\/wordpress\/wp-content\/uploads\/2019\/05\/10-05-19_vu3-300x169.jpg 300w, https:\/\/www.ffw-berg.de\/wordpress\/wp-content\/uploads\/2019\/05\/10-05-19_vu3-768x432.jpg 768w, https:\/\/www.ffw-berg.de\/wordpress\/wp-content\/uploads\/2019\/05\/10-05-19_vu3-678x381.jpg 678w, https:\/\/www.ffw-berg.de\/wordpress\/wp-content\/uploads\/2019\/05\/10-05-19_vu3.jpg 1920w\" sizes=\"auto, (max-width: 1080px) 100vw, 1080px\" \/><\/a><\/figure><\/li><li class=\"blocks-gallery-item\"><figure><a href=\"https:\/\/www.ffw-berg.de\/wordpress\/wp-content\/uploads\/2019\/05\/10-05-19_vu5-1080x608.jpg\"><img loading=\"lazy\" decoding=\"async\" width=\"1080\" height=\"608\" src=\"https:\/\/www.ffw-berg.de\/wordpress\/wp-content\/uploads\/2019\/05\/10-05-19_vu5-1080x608.jpg\" alt=\"\" data-id=\"214836\" data-link=\"https:\/\/www.ffw-berg.de\/wordpress\/10-05-19_vu5\/\" class=\"wp-image-214836\" srcset=\"https:\/\/www.ffw-berg.de\/wordpress\/wp-content\/uploads\/2019\/05\/10-05-19_vu5-1080x608.jpg 1080w, https:\/\/www.ffw-berg.de\/wordpress\/wp-content\/uploads\/2019\/05\/10-05-19_vu5-120x68.jpg 120w, https:\/\/www.ffw-berg.de\/wordpress\/wp-content\/uploads\/2019\/05\/10-05-19_vu5-300x169.jpg 300w, https:\/\/www.ffw-berg.de\/wordpress\/wp-content\/uploads\/2019\/05\/10-05-19_vu5-768x432.jpg 768w, https:\/\/www.ffw-berg.de\/wordpress\/wp-content\/uploads\/2019\/05\/10-05-19_vu5-678x381.jpg 678w, https:\/\/www.ffw-berg.de\/wordpress\/wp-content\/uploads\/2019\/05\/10-05-19_vu5.jpg 1920w\" sizes=\"auto, (max-width: 1080px) 100vw, 1080px\" \/><\/a><\/figure><\/li><li class=\"blocks-gallery-item\"><figure><a href=\"https:\/\/www.ffw-berg.de\/wordpress\/wp-content\/uploads\/2019\/05\/10-05-19_vu0-1080x608.jpg\"><img loading=\"lazy\" decoding=\"async\" width=\"1080\" height=\"608\" src=\"https:\/\/www.ffw-berg.de\/wordpress\/wp-content\/uploads\/2019\/05\/10-05-19_vu0-1080x608.jpg\" alt=\"\" data-id=\"214831\" data-link=\"https:\/\/www.ffw-berg.de\/wordpress\/10-05-19_vu0\/\" class=\"wp-image-214831\" srcset=\"https:\/\/www.ffw-berg.de\/wordpress\/wp-content\/uploads\/2019\/05\/10-05-19_vu0-1080x608.jpg 1080w, https:\/\/www.ffw-berg.de\/wordpress\/wp-content\/uploads\/2019\/05\/10-05-19_vu0-120x68.jpg 120w, https:\/\/www.ffw-berg.de\/wordpress\/wp-content\/uploads\/2019\/05\/10-05-19_vu0-300x169.jpg 300w, https:\/\/www.ffw-berg.de\/wordpress\/wp-content\/uploads\/2019\/05\/10-05-19_vu0-768x432.jpg 768w, https:\/\/www.ffw-berg.de\/wordpress\/wp-content\/uploads\/2019\/05\/10-05-19_vu0-678x381.jpg 678w, https:\/\/www.ffw-berg.de\/wordpress\/wp-content\/uploads\/2019\/05\/10-05-19_vu0.jpg 1920w\" sizes=\"auto, (max-width: 1080px) 100vw, 1080px\" \/><\/a><\/figure><\/li><\/ul>\n","protected":false},"excerpt":{"rendered":"<div class=\"mh-excerpt\">Nr. 26 | Zeit: 19.37 Uhr | BAB A9 Fahrtrichtung Norden | THL<\/p>\n<p>Eingesetzte Fahrzeuge:<br \/>\nHLF 20, LF 8\/6, MZF, MTW, VSA<\/p><\/div>\n<p> <a class=\"mh-excerpt-more\" href=\"https:\/\/www.ffw-berg.de\/wordpress\/einsatz-vom-02-05-19-vu-mit-pkw-2\/\" title=\"Einsatz vom 10.05.19 &#8211; VU mit PKW\">[  Mehr &gt;&gt; ]<\/a><\/p>\n","protected":false},"author":2,"featured_media":214832,"comment_status":"closed","ping_status":"open","sticky":false,"template":"","format":"standard","meta":{"footnotes":""},"categories":[849],"tags":[82,362,363,364,147,203,572,685,706],"class_list":{"0":"post-214827","1":"post","2":"type-post","3":"status-publish","4":"format-standard","5":"has-post-thumbnail","7":"category-einsaetze-2019","8":"tag-lf86","9":"tag-vsa","10":"tag-mzf","11":"tag-mtw","12":"tag-kommunikationsmittel","13":"tag-chemische-oelbindemittel","14":"tag-verkehrslenkungsgeraet","15":"tag-notfallkoffer","16":"tag-hlf-20"},"_links":{"self":[{"href":"https:\/\/www.ffw-berg.de\/wordpress\/wp-json\/wp\/v2\/posts\/214827","targetHints":{"allow":["GET"]}}],"collection":[{"href":"https:\/\/www.ffw-berg.de\/wordpress\/wp-json\/wp\/v2\/posts"}],"about":[{"href":"https:\/\/www.ffw-berg.de\/wordpress\/wp-json\/wp\/v2\/types\/post"}],"author":[{"embeddable":true,"href":"https:\/\/www.ffw-berg.de\/wordpress\/wp-json\/wp\/v2\/users\/2"}],"replies":[{"embeddable":true,"href":"https:\/\/www.ffw-berg.de\/wordpress\/wp-json\/wp\/v2\/comments?post=214827"}],"version-history":[{"count":0,"href":"https:\/\/www.ffw-berg.de\/wordpress\/wp-json\/wp\/v2\/posts\/214827\/revisions"}],"wp:featuredmedia":[{"embeddable":true,"href":"https:\/\/www.ffw-berg.de\/wordpress\/wp-json\/wp\/v2\/media\/214832"}],"wp:attachment":[{"href":"https:\/\/www.ffw-berg.de\/wordpress\/wp-json\/wp\/v2\/media?parent=214827"}],"wp:term":[{"taxonomy":"category","embeddable":true,"href":"https:\/\/www.ffw-berg.de\/wordpress\/wp-json\/wp\/v2\/categories?post=214827"},{"taxonomy":"post_tag","embeddable":true,"href":"https:\/\/www.ffw-berg.de\/wordpress\/wp-json\/wp\/v2\/tags?post=214827"}],"curies":[{"name":"wp","href":"https:\/\/api.w.org\/{rel}","templated":true}]}}