{"id":214847,"date":"2019-05-22T22:35:43","date_gmt":"2019-05-22T20:35:43","guid":{"rendered":"https:\/\/www.ffw-berg.de\/wordpress\/?p=214847"},"modified":"2019-12-31T22:34:48","modified_gmt":"2019-12-31T21:34:48","slug":"einsatz-vom-22-05-19-vu-mit-pkw","status":"publish","type":"post","link":"https:\/\/www.ffw-berg.de\/wordpress\/einsatz-vom-22-05-19-vu-mit-pkw\/","title":{"rendered":"Einsatz vom 22.05.19 &#8211; VU mit PKW"},"content":{"rendered":"\n<div class=\"wp-block-columns has-2-columns is-layout-flex wp-container-core-columns-is-layout-9d6595d7 wp-block-columns-is-layout-flex\">\n<div class=\"wp-block-column is-layout-flow wp-block-column-is-layout-flow\">\n<p style=\"color:#800000\" class=\"has-text-color\"><strong>Nr.:<\/strong><\/p>\n\n\n\n<p style=\"color:#800000\" class=\"has-text-color\"><strong>Alarmzeit:<\/strong><\/p>\n\n\n\n<p style=\"color:#800000\" class=\"has-text-color\"><strong>Einsatzdauer:<\/strong><\/p>\n\n\n\n<p style=\"color:#800000\" class=\"has-text-color\"><strong>Einsatzort:<\/strong><\/p>\n\n\n\n<p style=\"color:#800000\" class=\"has-text-color\"><strong>Einsatzart:<\/strong><\/p>\n\n\n\n<p style=\"color:#800000\" class=\"has-text-color\"><strong>Eingesetzte Fahrzeuge:<\/strong><\/p>\n\n\n\n<p style=\"color:#800000\" class=\"has-text-color\"><strong>Einsatzmittel:<\/strong><br \/><\/p>\n<\/div>\n\n\n\n<div class=\"wp-block-column is-layout-flow wp-block-column-is-layout-flow\">\n<p>27<\/p>\n\n\n\n<p>22.35 Uhr<\/p>\n\n\n\n<p>1,87 Std.<\/p>\n\n\n\n<p>BAB A9 Fahrtrichtung S\u00fcden, Km 246<\/p>\n\n\n\n<p>THL 3 | VU mit PKW<\/p>\n\n\n\n<p>HLF 20, LF 8\/6, MZF, MTW, VSA<\/p>\n\n\n\n<p>Ger\u00e4t zur Verkehrslenkung, \u00d6lbindemittel, Beleuchtungsger\u00e4t, Kommunikationsger\u00e4t<br \/><\/p>\n<\/div>\n<\/div>\n\n\n\n<hr class=\"wp-block-separator is-style-wide\"\/>\n\n\n\n<h4 class=\"wp-block-heading\"><strong>Einsatzbericht<\/strong><\/h4>\n\n\n\n<p>Die Feuerwehr Berg wurde zu einem Verkehrsunfall mit einem PKW auf der A9 alarmiert.<\/p>\n\n\n\n<p>Hier kam ein in Richtung S\u00fcden fahrender PKW ins Schleidern, kollidierte erst mit einem LKW, danach streifte er die Leitplanke, wobei er sich einen Reifen aufschlitzte, kollidierte wieder mit dem LKW und kam schlie\u00dflich auf dem Fahrzeugdach zu liegen.<br \/>Beim Eintreffen der ersten Hilfsorganisationen wurde der Fahrer bereits auf dem Standstreifen von Ersthelfern versorgt.<br \/>Durch die Feuerwehr wurde aufgrund der Tr\u00fcmmerteile zun\u00e4chst die Autobahn komplett gesperrt. Nach der Spurensicherung durch die Polizei wurden die Fahrstreifen gereinigt, Betriebsstoffe wurden gebunden.<br \/>Nach Abtransport der verletzten Person wurde die Absperrung auf die beiden linken Fahrstreifen begrenzt um den Verkehr an der Unfallstelle vorbei zu f\u00fchren.<br \/>Nach Abschluss der Bergungsarbeiten wurde die Einsatzstelle an die Autobahnmeisterei \u00fcbergeben.<\/p>\n\n\n\n<h4 class=\"wp-block-heading\" style=\"text-align:center\">Einsatzfotos:<\/h4>\n\n\n\n<ul class=\"wp-block-gallery columns-2 is-cropped wp-block-gallery-1 is-layout-flex wp-block-gallery-is-layout-flex\"><li class=\"blocks-gallery-item\"><figure><img loading=\"lazy\" decoding=\"async\" width=\"1080\" height=\"608\" src=\"https:\/\/www.ffw-berg.de\/wordpress\/wp-content\/uploads\/2019\/05\/22-05-19_vu2-1080x608.jpg\" alt=\"\" data-id=\"214843\" data-link=\"https:\/\/www.ffw-berg.de\/wordpress\/22-05-19_vu2\/\" class=\"wp-image-214843\" srcset=\"https:\/\/www.ffw-berg.de\/wordpress\/wp-content\/uploads\/2019\/05\/22-05-19_vu2-1080x608.jpg 1080w, https:\/\/www.ffw-berg.de\/wordpress\/wp-content\/uploads\/2019\/05\/22-05-19_vu2-120x68.jpg 120w, https:\/\/www.ffw-berg.de\/wordpress\/wp-content\/uploads\/2019\/05\/22-05-19_vu2-300x169.jpg 300w, https:\/\/www.ffw-berg.de\/wordpress\/wp-content\/uploads\/2019\/05\/22-05-19_vu2-768x432.jpg 768w, https:\/\/www.ffw-berg.de\/wordpress\/wp-content\/uploads\/2019\/05\/22-05-19_vu2-678x381.jpg 678w, https:\/\/www.ffw-berg.de\/wordpress\/wp-content\/uploads\/2019\/05\/22-05-19_vu2.jpg 1920w\" sizes=\"auto, (max-width: 1080px) 100vw, 1080px\" \/><\/figure><\/li><li class=\"blocks-gallery-item\"><figure><img loading=\"lazy\" decoding=\"async\" width=\"1080\" height=\"608\" src=\"https:\/\/www.ffw-berg.de\/wordpress\/wp-content\/uploads\/2019\/05\/22-05-19_vu4-1080x608.jpg\" alt=\"\" data-id=\"214845\" data-link=\"https:\/\/www.ffw-berg.de\/wordpress\/22-05-19_vu4\/\" class=\"wp-image-214845\" srcset=\"https:\/\/www.ffw-berg.de\/wordpress\/wp-content\/uploads\/2019\/05\/22-05-19_vu4-1080x608.jpg 1080w, https:\/\/www.ffw-berg.de\/wordpress\/wp-content\/uploads\/2019\/05\/22-05-19_vu4-120x68.jpg 120w, https:\/\/www.ffw-berg.de\/wordpress\/wp-content\/uploads\/2019\/05\/22-05-19_vu4-300x169.jpg 300w, https:\/\/www.ffw-berg.de\/wordpress\/wp-content\/uploads\/2019\/05\/22-05-19_vu4-768x432.jpg 768w, https:\/\/www.ffw-berg.de\/wordpress\/wp-content\/uploads\/2019\/05\/22-05-19_vu4-678x381.jpg 678w, https:\/\/www.ffw-berg.de\/wordpress\/wp-content\/uploads\/2019\/05\/22-05-19_vu4.jpg 1920w\" sizes=\"auto, (max-width: 1080px) 100vw, 1080px\" \/><\/figure><\/li><li class=\"blocks-gallery-item\"><figure><img loading=\"lazy\" decoding=\"async\" width=\"1080\" height=\"608\" src=\"https:\/\/www.ffw-berg.de\/wordpress\/wp-content\/uploads\/2019\/05\/22-05-19_vu1-1080x608.jpg\" alt=\"\" data-id=\"214842\" data-link=\"https:\/\/www.ffw-berg.de\/wordpress\/22-05-19_vu1\/\" class=\"wp-image-214842\" srcset=\"https:\/\/www.ffw-berg.de\/wordpress\/wp-content\/uploads\/2019\/05\/22-05-19_vu1-1080x608.jpg 1080w, https:\/\/www.ffw-berg.de\/wordpress\/wp-content\/uploads\/2019\/05\/22-05-19_vu1-120x68.jpg 120w, https:\/\/www.ffw-berg.de\/wordpress\/wp-content\/uploads\/2019\/05\/22-05-19_vu1-300x169.jpg 300w, https:\/\/www.ffw-berg.de\/wordpress\/wp-content\/uploads\/2019\/05\/22-05-19_vu1-768x432.jpg 768w, https:\/\/www.ffw-berg.de\/wordpress\/wp-content\/uploads\/2019\/05\/22-05-19_vu1-678x381.jpg 678w, https:\/\/www.ffw-berg.de\/wordpress\/wp-content\/uploads\/2019\/05\/22-05-19_vu1.jpg 1920w\" sizes=\"auto, (max-width: 1080px) 100vw, 1080px\" \/><\/figure><\/li><li class=\"blocks-gallery-item\"><figure><img loading=\"lazy\" decoding=\"async\" width=\"1080\" height=\"608\" src=\"https:\/\/www.ffw-berg.de\/wordpress\/wp-content\/uploads\/2019\/05\/22-05-19_vu0-1080x608.jpg\" alt=\"\" data-id=\"214841\" data-link=\"https:\/\/www.ffw-berg.de\/wordpress\/22-05-19_vu0\/\" class=\"wp-image-214841\" srcset=\"https:\/\/www.ffw-berg.de\/wordpress\/wp-content\/uploads\/2019\/05\/22-05-19_vu0-1080x608.jpg 1080w, https:\/\/www.ffw-berg.de\/wordpress\/wp-content\/uploads\/2019\/05\/22-05-19_vu0-120x68.jpg 120w, https:\/\/www.ffw-berg.de\/wordpress\/wp-content\/uploads\/2019\/05\/22-05-19_vu0-300x169.jpg 300w, https:\/\/www.ffw-berg.de\/wordpress\/wp-content\/uploads\/2019\/05\/22-05-19_vu0-768x432.jpg 768w, https:\/\/www.ffw-berg.de\/wordpress\/wp-content\/uploads\/2019\/05\/22-05-19_vu0-678x381.jpg 678w, https:\/\/www.ffw-berg.de\/wordpress\/wp-content\/uploads\/2019\/05\/22-05-19_vu0.jpg 1920w\" sizes=\"auto, (max-width: 1080px) 100vw, 1080px\" \/><\/figure><\/li><li class=\"blocks-gallery-item\"><figure><img loading=\"lazy\" decoding=\"async\" width=\"1080\" height=\"608\" src=\"https:\/\/www.ffw-berg.de\/wordpress\/wp-content\/uploads\/2019\/05\/22-05-19_vu5-1080x608.jpg\" alt=\"\" data-id=\"214846\" data-link=\"https:\/\/www.ffw-berg.de\/wordpress\/22-05-19_vu5\/\" class=\"wp-image-214846\" srcset=\"https:\/\/www.ffw-berg.de\/wordpress\/wp-content\/uploads\/2019\/05\/22-05-19_vu5-1080x608.jpg 1080w, https:\/\/www.ffw-berg.de\/wordpress\/wp-content\/uploads\/2019\/05\/22-05-19_vu5-120x68.jpg 120w, https:\/\/www.ffw-berg.de\/wordpress\/wp-content\/uploads\/2019\/05\/22-05-19_vu5-300x169.jpg 300w, https:\/\/www.ffw-berg.de\/wordpress\/wp-content\/uploads\/2019\/05\/22-05-19_vu5-768x432.jpg 768w, https:\/\/www.ffw-berg.de\/wordpress\/wp-content\/uploads\/2019\/05\/22-05-19_vu5-678x381.jpg 678w, https:\/\/www.ffw-berg.de\/wordpress\/wp-content\/uploads\/2019\/05\/22-05-19_vu5.jpg 1920w\" sizes=\"auto, (max-width: 1080px) 100vw, 1080px\" \/><\/figure><\/li><li class=\"blocks-gallery-item\"><figure><img loading=\"lazy\" decoding=\"async\" width=\"1080\" height=\"608\" src=\"https:\/\/www.ffw-berg.de\/wordpress\/wp-content\/uploads\/2019\/05\/22-05-19_vu3-1080x608.jpg\" alt=\"\" data-id=\"214844\" data-link=\"https:\/\/www.ffw-berg.de\/wordpress\/22-05-19_vu3\/\" class=\"wp-image-214844\" srcset=\"https:\/\/www.ffw-berg.de\/wordpress\/wp-content\/uploads\/2019\/05\/22-05-19_vu3-1080x608.jpg 1080w, https:\/\/www.ffw-berg.de\/wordpress\/wp-content\/uploads\/2019\/05\/22-05-19_vu3-120x68.jpg 120w, https:\/\/www.ffw-berg.de\/wordpress\/wp-content\/uploads\/2019\/05\/22-05-19_vu3-300x169.jpg 300w, https:\/\/www.ffw-berg.de\/wordpress\/wp-content\/uploads\/2019\/05\/22-05-19_vu3-768x432.jpg 768w, https:\/\/www.ffw-berg.de\/wordpress\/wp-content\/uploads\/2019\/05\/22-05-19_vu3-678x381.jpg 678w, https:\/\/www.ffw-berg.de\/wordpress\/wp-content\/uploads\/2019\/05\/22-05-19_vu3.jpg 1920w\" sizes=\"auto, (max-width: 1080px) 100vw, 1080px\" \/><\/figure><\/li><\/ul>\n","protected":false},"excerpt":{"rendered":"<div class=\"mh-excerpt\">Nr. 27 | Zeit: 22.35 Uhr | BAB A9 Fahrtrichtung S\u00fcden | THL<\/p>\n<p>Eingesetzte Fahrzeuge:<br \/>\nHLF 20, LF 8\/6, MZF, MTW, VSA<\/p><\/div>\n<p> <a class=\"mh-excerpt-more\" href=\"https:\/\/www.ffw-berg.de\/wordpress\/einsatz-vom-22-05-19-vu-mit-pkw\/\" title=\"Einsatz vom 22.05.19 &#8211; VU mit PKW\">[  Mehr &gt;&gt; ]<\/a><\/p>\n","protected":false},"author":2,"featured_media":214846,"comment_status":"closed","ping_status":"open","sticky":false,"template":"","format":"standard","meta":{"footnotes":""},"categories":[849],"tags":[82,362,363,364,147,168,203,572,706],"class_list":{"0":"post-214847","1":"post","2":"type-post","3":"status-publish","4":"format-standard","5":"has-post-thumbnail","7":"category-einsaetze-2019","8":"tag-lf86","9":"tag-vsa","10":"tag-mzf","11":"tag-mtw","12":"tag-kommunikationsmittel","13":"tag-beleuchtungsgeraete","14":"tag-chemische-oelbindemittel","15":"tag-verkehrslenkungsgeraet","16":"tag-hlf-20"},"_links":{"self":[{"href":"https:\/\/www.ffw-berg.de\/wordpress\/wp-json\/wp\/v2\/posts\/214847","targetHints":{"allow":["GET"]}}],"collection":[{"href":"https:\/\/www.ffw-berg.de\/wordpress\/wp-json\/wp\/v2\/posts"}],"about":[{"href":"https:\/\/www.ffw-berg.de\/wordpress\/wp-json\/wp\/v2\/types\/post"}],"author":[{"embeddable":true,"href":"https:\/\/www.ffw-berg.de\/wordpress\/wp-json\/wp\/v2\/users\/2"}],"replies":[{"embeddable":true,"href":"https:\/\/www.ffw-berg.de\/wordpress\/wp-json\/wp\/v2\/comments?post=214847"}],"version-history":[{"count":0,"href":"https:\/\/www.ffw-berg.de\/wordpress\/wp-json\/wp\/v2\/posts\/214847\/revisions"}],"wp:featuredmedia":[{"embeddable":true,"href":"https:\/\/www.ffw-berg.de\/wordpress\/wp-json\/wp\/v2\/media\/214846"}],"wp:attachment":[{"href":"https:\/\/www.ffw-berg.de\/wordpress\/wp-json\/wp\/v2\/media?parent=214847"}],"wp:term":[{"taxonomy":"category","embeddable":true,"href":"https:\/\/www.ffw-berg.de\/wordpress\/wp-json\/wp\/v2\/categories?post=214847"},{"taxonomy":"post_tag","embeddable":true,"href":"https:\/\/www.ffw-berg.de\/wordpress\/wp-json\/wp\/v2\/tags?post=214847"}],"curies":[{"name":"wp","href":"https:\/\/api.w.org\/{rel}","templated":true}]}}