{"id":214850,"date":"2019-05-25T20:00:58","date_gmt":"2019-05-25T18:00:58","guid":{"rendered":"https:\/\/www.ffw-berg.de\/wordpress\/?p=214850"},"modified":"2026-02-24T12:35:08","modified_gmt":"2026-02-24T11:35:08","slug":"deutsche-jugendleistungsspange-2019-erfolgreich-abgelegt","status":"publish","type":"post","link":"https:\/\/www.ffw-berg.de\/wordpress\/deutsche-jugendleistungsspange-2019-erfolgreich-abgelegt\/","title":{"rendered":"Deutsche Jugendleistungsspange 2019 erfolgreich abgelegt"},"content":{"rendered":"\n<h2 class=\"wp-block-heading\">Alle teilnehmenden Gruppen haben die Leistungsspange erfolgreich ablegt<\/h2>\n\n\n\n<p>Am Samstag den 25.05.19 legten insgesamt 11 Gruppen, bestehend aus 97 Jugendlichen der Landkreise Hof und Wunsiedel, die Deutsche Jugendleistungsspange in Schauenstein ab. Unter den Teilnehmern nahmen auch neun Jugendliche der Feuerwehren Berg und Joditz mit einer gemeinsamen Gruppe an der Abnahme teil.<\/p>\n\n\n\n<figure class=\"wp-block-image\"><img loading=\"lazy\" decoding=\"async\" width=\"1080\" height=\"608\" src=\"https:\/\/www.ffw-berg.de\/wordpress\/wp-content\/uploads\/2019\/05\/jl_spange2019_3-1080x608.jpg\" alt=\"jl_spange2019_3\" class=\"wp-image-214855\" srcset=\"https:\/\/www.ffw-berg.de\/wordpress\/wp-content\/uploads\/2019\/05\/jl_spange2019_3-1080x608.jpg 1080w, https:\/\/www.ffw-berg.de\/wordpress\/wp-content\/uploads\/2019\/05\/jl_spange2019_3-120x68.jpg 120w, https:\/\/www.ffw-berg.de\/wordpress\/wp-content\/uploads\/2019\/05\/jl_spange2019_3-300x169.jpg 300w, https:\/\/www.ffw-berg.de\/wordpress\/wp-content\/uploads\/2019\/05\/jl_spange2019_3-768x432.jpg 768w, https:\/\/www.ffw-berg.de\/wordpress\/wp-content\/uploads\/2019\/05\/jl_spange2019_3-678x381.jpg 678w, https:\/\/www.ffw-berg.de\/wordpress\/wp-content\/uploads\/2019\/05\/jl_spange2019_3.jpg 1920w\" sizes=\"auto, (max-width: 1080px) 100vw, 1080px\" \/><\/figure>\n\n\n\n<p>F\u00fcr die Feuerwehranw\u00e4rter im Alter von 15 bis 18 Jahren ist die Deutsche Jugendleistungsspange die h\u00f6chste Auszeichnung in der Jugendfeuerwehr. <\/p>\n\n\n\n<p>In insgesamt f\u00fcnf Disziplinen m\u00fcssen die Jugendlichen ihr feuerwehrtechnisches Wissen und K\u00f6nnen sowie ihre Fitness unter Beweis stellen. Dazu z\u00e4hlen das Verlegen einer 120 m langen Schlauchleitung, der Aufbau eines kompletten L\u00f6schangriffs, die Beantwortung von Fragen aus dem Feuerwehrbereich, Kugelsto\u00dfen sowie ein Staffellauf \u00fcber einer L\u00e4nge von 1500 m. Neben der Schnelligkeit wird bei jeder \u00dcbung auch das Auftreten der gesamten Gruppe bewertet, wodurch die Zusammenarbeit der Gruppenmitglieder gef\u00f6rdert werden soll.<\/p>\n\n\n\n<ul class=\"wp-block-gallery columns-3 is-cropped wp-block-gallery-1 is-layout-flex wp-block-gallery-is-layout-flex\"><li class=\"blocks-gallery-item\"><figure><a href=\"https:\/\/www.ffw-berg.de\/wordpress\/wp-content\/uploads\/2019\/05\/jl_spange2019_1-1080x608.jpg\"><img loading=\"lazy\" decoding=\"async\" width=\"1080\" height=\"608\" src=\"https:\/\/www.ffw-berg.de\/wordpress\/wp-content\/uploads\/2019\/05\/jl_spange2019_1-1080x608.jpg\" alt=\"jl_spange2019_1\" data-id=\"214854\" data-link=\"https:\/\/www.ffw-berg.de\/wordpress\/jl_spange2019_1\/\" class=\"wp-image-214854\" srcset=\"https:\/\/www.ffw-berg.de\/wordpress\/wp-content\/uploads\/2019\/05\/jl_spange2019_1-1080x608.jpg 1080w, https:\/\/www.ffw-berg.de\/wordpress\/wp-content\/uploads\/2019\/05\/jl_spange2019_1-120x68.jpg 120w, https:\/\/www.ffw-berg.de\/wordpress\/wp-content\/uploads\/2019\/05\/jl_spange2019_1-300x169.jpg 300w, https:\/\/www.ffw-berg.de\/wordpress\/wp-content\/uploads\/2019\/05\/jl_spange2019_1-768x432.jpg 768w, https:\/\/www.ffw-berg.de\/wordpress\/wp-content\/uploads\/2019\/05\/jl_spange2019_1-678x381.jpg 678w, https:\/\/www.ffw-berg.de\/wordpress\/wp-content\/uploads\/2019\/05\/jl_spange2019_1.jpg 1920w\" sizes=\"auto, (max-width: 1080px) 100vw, 1080px\" \/><\/a><\/figure><\/li><li class=\"blocks-gallery-item\"><figure><a href=\"https:\/\/www.ffw-berg.de\/wordpress\/wp-content\/uploads\/2019\/05\/jl_spange2019_30-1080x608.jpg\"><img loading=\"lazy\" decoding=\"async\" width=\"1080\" height=\"608\" src=\"https:\/\/www.ffw-berg.de\/wordpress\/wp-content\/uploads\/2019\/05\/jl_spange2019_30-1080x608.jpg\" alt=\"jl_spange2019_30\" data-id=\"214861\" data-link=\"https:\/\/www.ffw-berg.de\/wordpress\/jl_spange2019_30\/\" class=\"wp-image-214861\" srcset=\"https:\/\/www.ffw-berg.de\/wordpress\/wp-content\/uploads\/2019\/05\/jl_spange2019_30-1080x608.jpg 1080w, https:\/\/www.ffw-berg.de\/wordpress\/wp-content\/uploads\/2019\/05\/jl_spange2019_30-120x68.jpg 120w, https:\/\/www.ffw-berg.de\/wordpress\/wp-content\/uploads\/2019\/05\/jl_spange2019_30-300x169.jpg 300w, https:\/\/www.ffw-berg.de\/wordpress\/wp-content\/uploads\/2019\/05\/jl_spange2019_30-768x432.jpg 768w, https:\/\/www.ffw-berg.de\/wordpress\/wp-content\/uploads\/2019\/05\/jl_spange2019_30-678x381.jpg 678w, https:\/\/www.ffw-berg.de\/wordpress\/wp-content\/uploads\/2019\/05\/jl_spange2019_30.jpg 1920w\" sizes=\"auto, (max-width: 1080px) 100vw, 1080px\" \/><\/a><\/figure><\/li><li class=\"blocks-gallery-item\"><figure><a href=\"https:\/\/www.ffw-berg.de\/wordpress\/wp-content\/uploads\/2019\/05\/jl_spange2019_13-1080x608.jpg\"><img loading=\"lazy\" decoding=\"async\" width=\"1080\" height=\"608\" src=\"https:\/\/www.ffw-berg.de\/wordpress\/wp-content\/uploads\/2019\/05\/jl_spange2019_13-1080x608.jpg\" alt=\"jl_spange2019_13\" data-id=\"214857\" data-link=\"https:\/\/www.ffw-berg.de\/wordpress\/jl_spange2019_13\/\" class=\"wp-image-214857\" srcset=\"https:\/\/www.ffw-berg.de\/wordpress\/wp-content\/uploads\/2019\/05\/jl_spange2019_13-1080x608.jpg 1080w, https:\/\/www.ffw-berg.de\/wordpress\/wp-content\/uploads\/2019\/05\/jl_spange2019_13-120x68.jpg 120w, https:\/\/www.ffw-berg.de\/wordpress\/wp-content\/uploads\/2019\/05\/jl_spange2019_13-300x169.jpg 300w, https:\/\/www.ffw-berg.de\/wordpress\/wp-content\/uploads\/2019\/05\/jl_spange2019_13-768x432.jpg 768w, https:\/\/www.ffw-berg.de\/wordpress\/wp-content\/uploads\/2019\/05\/jl_spange2019_13-678x381.jpg 678w, https:\/\/www.ffw-berg.de\/wordpress\/wp-content\/uploads\/2019\/05\/jl_spange2019_13.jpg 1920w\" sizes=\"auto, (max-width: 1080px) 100vw, 1080px\" \/><\/a><\/figure><\/li><li class=\"blocks-gallery-item\"><figure><a href=\"https:\/\/www.ffw-berg.de\/wordpress\/wp-content\/uploads\/2019\/05\/jl_spange2019_18-1080x608.jpg\"><img loading=\"lazy\" decoding=\"async\" width=\"1080\" height=\"608\" src=\"https:\/\/www.ffw-berg.de\/wordpress\/wp-content\/uploads\/2019\/05\/jl_spange2019_18-1080x608.jpg\" alt=\"jl_spange2019_18\" data-id=\"214858\" data-link=\"https:\/\/www.ffw-berg.de\/wordpress\/jl_spange2019_18\/\" class=\"wp-image-214858\" srcset=\"https:\/\/www.ffw-berg.de\/wordpress\/wp-content\/uploads\/2019\/05\/jl_spange2019_18-1080x608.jpg 1080w, https:\/\/www.ffw-berg.de\/wordpress\/wp-content\/uploads\/2019\/05\/jl_spange2019_18-120x68.jpg 120w, https:\/\/www.ffw-berg.de\/wordpress\/wp-content\/uploads\/2019\/05\/jl_spange2019_18-300x169.jpg 300w, https:\/\/www.ffw-berg.de\/wordpress\/wp-content\/uploads\/2019\/05\/jl_spange2019_18-768x432.jpg 768w, https:\/\/www.ffw-berg.de\/wordpress\/wp-content\/uploads\/2019\/05\/jl_spange2019_18-678x381.jpg 678w, https:\/\/www.ffw-berg.de\/wordpress\/wp-content\/uploads\/2019\/05\/jl_spange2019_18.jpg 1920w\" sizes=\"auto, (max-width: 1080px) 100vw, 1080px\" \/><\/a><\/figure><\/li><li class=\"blocks-gallery-item\"><figure><a href=\"https:\/\/www.ffw-berg.de\/wordpress\/wp-content\/uploads\/2019\/05\/jl_spange2019_29-1080x608.jpg\"><img loading=\"lazy\" decoding=\"async\" width=\"1080\" height=\"608\" src=\"https:\/\/www.ffw-berg.de\/wordpress\/wp-content\/uploads\/2019\/05\/jl_spange2019_29-1080x608.jpg\" alt=\"jl_spange2019_29\" data-id=\"214860\" data-link=\"https:\/\/www.ffw-berg.de\/wordpress\/jl_spange2019_29\/\" class=\"wp-image-214860\" srcset=\"https:\/\/www.ffw-berg.de\/wordpress\/wp-content\/uploads\/2019\/05\/jl_spange2019_29-1080x608.jpg 1080w, https:\/\/www.ffw-berg.de\/wordpress\/wp-content\/uploads\/2019\/05\/jl_spange2019_29-120x68.jpg 120w, https:\/\/www.ffw-berg.de\/wordpress\/wp-content\/uploads\/2019\/05\/jl_spange2019_29-300x169.jpg 300w, https:\/\/www.ffw-berg.de\/wordpress\/wp-content\/uploads\/2019\/05\/jl_spange2019_29-768x432.jpg 768w, https:\/\/www.ffw-berg.de\/wordpress\/wp-content\/uploads\/2019\/05\/jl_spange2019_29-678x381.jpg 678w, https:\/\/www.ffw-berg.de\/wordpress\/wp-content\/uploads\/2019\/05\/jl_spange2019_29.jpg 1920w\" sizes=\"auto, (max-width: 1080px) 100vw, 1080px\" \/><\/a><\/figure><\/li><li class=\"blocks-gallery-item\"><figure><a href=\"https:\/\/www.ffw-berg.de\/wordpress\/wp-content\/uploads\/2019\/05\/jl_spange2019_24-1080x608.jpg\"><img loading=\"lazy\" decoding=\"async\" width=\"1080\" height=\"608\" src=\"https:\/\/www.ffw-berg.de\/wordpress\/wp-content\/uploads\/2019\/05\/jl_spange2019_24-1080x608.jpg\" alt=\"jl_spange2019_24\" data-id=\"214859\" data-link=\"https:\/\/www.ffw-berg.de\/wordpress\/jl_spange2019_24\/\" class=\"wp-image-214859\" srcset=\"https:\/\/www.ffw-berg.de\/wordpress\/wp-content\/uploads\/2019\/05\/jl_spange2019_24-1080x608.jpg 1080w, https:\/\/www.ffw-berg.de\/wordpress\/wp-content\/uploads\/2019\/05\/jl_spange2019_24-120x68.jpg 120w, https:\/\/www.ffw-berg.de\/wordpress\/wp-content\/uploads\/2019\/05\/jl_spange2019_24-300x169.jpg 300w, https:\/\/www.ffw-berg.de\/wordpress\/wp-content\/uploads\/2019\/05\/jl_spange2019_24-768x432.jpg 768w, https:\/\/www.ffw-berg.de\/wordpress\/wp-content\/uploads\/2019\/05\/jl_spange2019_24-678x381.jpg 678w, https:\/\/www.ffw-berg.de\/wordpress\/wp-content\/uploads\/2019\/05\/jl_spange2019_24.jpg 1920w\" sizes=\"auto, (max-width: 1080px) 100vw, 1080px\" \/><\/a><\/figure><\/li><li class=\"blocks-gallery-item\"><figure><a href=\"https:\/\/www.ffw-berg.de\/wordpress\/wp-content\/uploads\/2019\/05\/jl_spange2019_8-1080x608.jpg\"><img loading=\"lazy\" decoding=\"async\" width=\"1080\" height=\"608\" src=\"https:\/\/www.ffw-berg.de\/wordpress\/wp-content\/uploads\/2019\/05\/jl_spange2019_8-1080x608.jpg\" alt=\"jl_spange2019_8\" data-id=\"214856\" data-link=\"https:\/\/www.ffw-berg.de\/wordpress\/jl_spange2019_8\/\" class=\"wp-image-214856\" srcset=\"https:\/\/www.ffw-berg.de\/wordpress\/wp-content\/uploads\/2019\/05\/jl_spange2019_8-1080x608.jpg 1080w, https:\/\/www.ffw-berg.de\/wordpress\/wp-content\/uploads\/2019\/05\/jl_spange2019_8-120x68.jpg 120w, https:\/\/www.ffw-berg.de\/wordpress\/wp-content\/uploads\/2019\/05\/jl_spange2019_8-300x169.jpg 300w, https:\/\/www.ffw-berg.de\/wordpress\/wp-content\/uploads\/2019\/05\/jl_spange2019_8-768x432.jpg 768w, https:\/\/www.ffw-berg.de\/wordpress\/wp-content\/uploads\/2019\/05\/jl_spange2019_8-678x381.jpg 678w, https:\/\/www.ffw-berg.de\/wordpress\/wp-content\/uploads\/2019\/05\/jl_spange2019_8.jpg 1920w\" sizes=\"auto, (max-width: 1080px) 100vw, 1080px\" \/><\/a><\/figure><\/li><\/ul>\n\n\n\n<p>Nachdem alle Gruppen die Leistungsspange erfolgreich ablegten, erhielten die Jugendlichen die Abzeichen per Handschlag von dem Abnahmeberechtigten der DJF und der anwesenden F\u00fchrungsdienstgrade der Landkreise Hof und Wunsiedel.<\/p>\n\n\n\n<figure class=\"wp-block-image\"><img loading=\"lazy\" decoding=\"async\" width=\"1080\" height=\"608\" src=\"https:\/\/www.ffw-berg.de\/wordpress\/wp-content\/uploads\/2019\/05\/jl_spange2019_36-1080x608.jpg\" alt=\"jl_spange2019_36\" class=\"wp-image-214862\" srcset=\"https:\/\/www.ffw-berg.de\/wordpress\/wp-content\/uploads\/2019\/05\/jl_spange2019_36-1080x608.jpg 1080w, https:\/\/www.ffw-berg.de\/wordpress\/wp-content\/uploads\/2019\/05\/jl_spange2019_36-120x68.jpg 120w, https:\/\/www.ffw-berg.de\/wordpress\/wp-content\/uploads\/2019\/05\/jl_spange2019_36-300x169.jpg 300w, https:\/\/www.ffw-berg.de\/wordpress\/wp-content\/uploads\/2019\/05\/jl_spange2019_36-768x432.jpg 768w, https:\/\/www.ffw-berg.de\/wordpress\/wp-content\/uploads\/2019\/05\/jl_spange2019_36-678x381.jpg 678w, https:\/\/www.ffw-berg.de\/wordpress\/wp-content\/uploads\/2019\/05\/jl_spange2019_36.jpg 1920w\" sizes=\"auto, (max-width: 1080px) 100vw, 1080px\" \/><\/figure>\n\n\n\n<p>Herzlichen Gl\u00fcckwunsch nochmals unsere Jugendlichen Lukas Berger, Emma Eibisch, Nicolas Fichna, Kevin Fickenscher, Florian M\u00fcller, Cosima Rubner, Jan Vogel, Jonas Wurzel (Feuerwehr Joditz) zur bestandenen Jugendleistungsspange!<\/p>\n\n\n\n<figure class=\"wp-block-image\"><img loading=\"lazy\" decoding=\"async\" width=\"1080\" height=\"608\" src=\"https:\/\/www.ffw-berg.de\/wordpress\/wp-content\/uploads\/2019\/05\/jl_spange2019_45-1080x608.jpg\" alt=\"jl_spange2019_45\" class=\"wp-image-214863\" srcset=\"https:\/\/www.ffw-berg.de\/wordpress\/wp-content\/uploads\/2019\/05\/jl_spange2019_45-1080x608.jpg 1080w, https:\/\/www.ffw-berg.de\/wordpress\/wp-content\/uploads\/2019\/05\/jl_spange2019_45-120x68.jpg 120w, https:\/\/www.ffw-berg.de\/wordpress\/wp-content\/uploads\/2019\/05\/jl_spange2019_45-300x169.jpg 300w, https:\/\/www.ffw-berg.de\/wordpress\/wp-content\/uploads\/2019\/05\/jl_spange2019_45-768x432.jpg 768w, https:\/\/www.ffw-berg.de\/wordpress\/wp-content\/uploads\/2019\/05\/jl_spange2019_45-678x381.jpg 678w, https:\/\/www.ffw-berg.de\/wordpress\/wp-content\/uploads\/2019\/05\/jl_spange2019_45.jpg 1920w\" sizes=\"auto, (max-width: 1080px) 100vw, 1080px\" \/><\/figure>\n\n\n\n<p>Vielen Dank auch noch einmal an Michelle Kolbinger (Feuerwehr Lamitz) und Antonia Krantz (Feuerwehr Joditz) die als Auff\u00fcller bzw. Ersatzmann fungierten.<\/p>\n\n\n\n<p class=\"has-small-font-size\">Bericht und Bilder: Maximilian Schaller (Jugendwart)<\/p>\n\n\n\n<h4 class=\"wp-block-heading\" style=\"text-align:center\">Alle Bilder in unserem Album bei<\/h4>\n\n\n\n<figure class=\"wp-block-embed is-type-rich is-provider-google-photos\"><div class=\"wp-block-embed__wrapper\">\n<blockquote class=\"embedly-card\" data-card-controls=\"0\" data-card-align=\"center\" data-card-theme=\"light\"><h4><a href=\"https:\/\/photos.app.goo.gl\/mqBGSFCAdA5cRfsJ9\">No Title<\/a><\/h4><p>No Description<\/p><\/blockquote><script async src=\"\/\/cdn.embedly.com\/widgets\/platform.js\" charset=\"UTF-8\"><\/script>\n<\/div><\/figure>\n","protected":false},"excerpt":{"rendered":"<div class=\"mh-excerpt\">Am Samstag den 25.05.19 legten insgesamt 11 Gruppen, bestehend aus 97 Jugendlichen der Landkreise Hof und Wunsiedel, die Deutsche Jugendleistungsspange in Schauenstein ab. Unter den Teilnehmern nahmen auch neun Jugendliche der Feuerwehren Berg und Joditz erfolgreich teil.<\/div>\n<p> <a class=\"mh-excerpt-more\" href=\"https:\/\/www.ffw-berg.de\/wordpress\/deutsche-jugendleistungsspange-2019-erfolgreich-abgelegt\/\" title=\"Deutsche Jugendleistungsspange 2019 erfolgreich abgelegt\">[  Mehr &gt;&gt; ]<\/a><\/p>\n","protected":false},"author":2,"featured_media":214861,"comment_status":"closed","ping_status":"open","sticky":false,"template":"","format":"standard","meta":{"footnotes":""},"categories":[6,64],"tags":[101,297,342,399,798,979,980,981,982,983,984,985,987],"class_list":{"0":"post-214850","1":"post","2":"type-post","3":"status-publish","4":"format-standard","5":"has-post-thumbnail","7":"category-jugend","8":"category-jf-leistungsspange","9":"tag-jugendgruppe","10":"tag-ff-bergofr","11":"tag-jugendfeuerwehr","12":"tag-loeschangriff","13":"tag-deutsche-jugendleistungsspange","14":"tag-ff-joditz","15":"tag-schlauchleitung","16":"tag-kugelstossen","17":"tag-staffellauf","18":"tag-zusammenarbeit","19":"tag-djf","20":"tag-schauenstein","21":"tag-djls2019"},"_links":{"self":[{"href":"https:\/\/www.ffw-berg.de\/wordpress\/wp-json\/wp\/v2\/posts\/214850","targetHints":{"allow":["GET"]}}],"collection":[{"href":"https:\/\/www.ffw-berg.de\/wordpress\/wp-json\/wp\/v2\/posts"}],"about":[{"href":"https:\/\/www.ffw-berg.de\/wordpress\/wp-json\/wp\/v2\/types\/post"}],"author":[{"embeddable":true,"href":"https:\/\/www.ffw-berg.de\/wordpress\/wp-json\/wp\/v2\/users\/2"}],"replies":[{"embeddable":true,"href":"https:\/\/www.ffw-berg.de\/wordpress\/wp-json\/wp\/v2\/comments?post=214850"}],"version-history":[{"count":0,"href":"https:\/\/www.ffw-berg.de\/wordpress\/wp-json\/wp\/v2\/posts\/214850\/revisions"}],"wp:featuredmedia":[{"embeddable":true,"href":"https:\/\/www.ffw-berg.de\/wordpress\/wp-json\/wp\/v2\/media\/214861"}],"wp:attachment":[{"href":"https:\/\/www.ffw-berg.de\/wordpress\/wp-json\/wp\/v2\/media?parent=214850"}],"wp:term":[{"taxonomy":"category","embeddable":true,"href":"https:\/\/www.ffw-berg.de\/wordpress\/wp-json\/wp\/v2\/categories?post=214850"},{"taxonomy":"post_tag","embeddable":true,"href":"https:\/\/www.ffw-berg.de\/wordpress\/wp-json\/wp\/v2\/tags?post=214850"}],"curies":[{"name":"wp","href":"https:\/\/api.w.org\/{rel}","templated":true}]}}