{"id":214866,"date":"2019-05-30T23:00:04","date_gmt":"2019-05-30T21:00:04","guid":{"rendered":"https:\/\/www.ffw-berg.de\/wordpress\/?p=214866"},"modified":"2026-02-24T12:35:18","modified_gmt":"2026-02-24T11:35:18","slug":"unser-himmelfahrtsmarsch-2019","status":"publish","type":"post","link":"https:\/\/www.ffw-berg.de\/wordpress\/unser-himmelfahrtsmarsch-2019\/","title":{"rendered":"Unser Himmelfahrtsmarsch 2019"},"content":{"rendered":"\n<h2 class=\"wp-block-heading\">Von Marxgr\u00fcn durchs H\u00f6llental, Blechschmidtenhammer, Eichenstein, Issigau, Reitzenstein und Hadermannsgr\u00fcn nach Berg<\/h2>\n\n\n\n<p>Bei absolutem Kaiserwetter fuhren wir p\u00fcnktlich um 08 Uhr im Shuttle in Berg ab zu unserem Startpunkt am Ger\u00e4tehaus der FF Marxgr\u00fcn.<\/p>\n\n\n\n<ul class=\"wp-block-gallery columns-2 is-cropped wp-block-gallery-1 is-layout-flex wp-block-gallery-is-layout-flex\"><li class=\"blocks-gallery-item\"><figure><a href=\"https:\/\/www.ffw-berg.de\/wordpress\/wp-content\/uploads\/2019\/06\/himmelfahrt2019_2-1080x608.jpg\"><img loading=\"lazy\" decoding=\"async\" width=\"1080\" height=\"608\" src=\"https:\/\/www.ffw-berg.de\/wordpress\/wp-content\/uploads\/2019\/06\/himmelfahrt2019_2-1080x608.jpg\" alt=\"himmelfahrt2019_2\" data-id=\"214888\" data-link=\"https:\/\/www.ffw-berg.de\/wordpress\/himmelfahrt2019_2\/\" class=\"wp-image-214888\" srcset=\"https:\/\/www.ffw-berg.de\/wordpress\/wp-content\/uploads\/2019\/06\/himmelfahrt2019_2-1080x608.jpg 1080w, https:\/\/www.ffw-berg.de\/wordpress\/wp-content\/uploads\/2019\/06\/himmelfahrt2019_2-120x68.jpg 120w, https:\/\/www.ffw-berg.de\/wordpress\/wp-content\/uploads\/2019\/06\/himmelfahrt2019_2-300x169.jpg 300w, https:\/\/www.ffw-berg.de\/wordpress\/wp-content\/uploads\/2019\/06\/himmelfahrt2019_2-768x432.jpg 768w, https:\/\/www.ffw-berg.de\/wordpress\/wp-content\/uploads\/2019\/06\/himmelfahrt2019_2-678x381.jpg 678w, https:\/\/www.ffw-berg.de\/wordpress\/wp-content\/uploads\/2019\/06\/himmelfahrt2019_2.jpg 1920w\" sizes=\"auto, (max-width: 1080px) 100vw, 1080px\" \/><\/a><figcaption>Startpunkt Marxgr\u00fcn<\/figcaption><\/figure><\/li><li class=\"blocks-gallery-item\"><figure><a href=\"https:\/\/www.ffw-berg.de\/wordpress\/wp-content\/uploads\/2019\/06\/himmelfahrt2019_4-1080x608.jpg\"><img loading=\"lazy\" decoding=\"async\" width=\"1080\" height=\"608\" src=\"https:\/\/www.ffw-berg.de\/wordpress\/wp-content\/uploads\/2019\/06\/himmelfahrt2019_4-1080x608.jpg\" alt=\"himmelfahrt2019_4\" data-id=\"214889\" data-link=\"https:\/\/www.ffw-berg.de\/wordpress\/himmelfahrt2019_4\/\" class=\"wp-image-214889\" srcset=\"https:\/\/www.ffw-berg.de\/wordpress\/wp-content\/uploads\/2019\/06\/himmelfahrt2019_4-1080x608.jpg 1080w, https:\/\/www.ffw-berg.de\/wordpress\/wp-content\/uploads\/2019\/06\/himmelfahrt2019_4-120x68.jpg 120w, https:\/\/www.ffw-berg.de\/wordpress\/wp-content\/uploads\/2019\/06\/himmelfahrt2019_4-300x169.jpg 300w, https:\/\/www.ffw-berg.de\/wordpress\/wp-content\/uploads\/2019\/06\/himmelfahrt2019_4-768x432.jpg 768w, https:\/\/www.ffw-berg.de\/wordpress\/wp-content\/uploads\/2019\/06\/himmelfahrt2019_4-678x381.jpg 678w, https:\/\/www.ffw-berg.de\/wordpress\/wp-content\/uploads\/2019\/06\/himmelfahrt2019_4.jpg 1920w\" sizes=\"auto, (max-width: 1080px) 100vw, 1080px\" \/><\/a><figcaption>Gruppenbild vor Abmarsch<\/figcaption><\/figure><\/li><\/ul>\n\n\n\n<p>Unsere etwa 18 km lange Route f\u00fchrte uns durch das komplette <a rel=\"noreferrer noopener\" aria-label=\"H\u00f6llental (\u00f6ffnet in neuem Tab)\" href=\"https:\/\/www.freizeitfuehrer-franken.de\/wanderung-hoellental.html\" target=\"_blank\"><strong>H\u00f6llental<\/strong><\/a>.  Nat\u00fcrlich war auch unterwegs generalstabm\u00e4\u00dfig f\u00fcr die marschierende Truppe gesorgt. So erreichten wir unseren 1. Versorgungspunkt etwa 1 km nach der Ortschaft H\u00f6lle am <strong><a rel=\"noreferrer noopener\" aria-label=\" (\u00f6ffnet in neuem Tab)\" href=\"https:\/\/www.landkreis-hof.de\/barfusspfad-im-hoellental-neu\/\" target=\"_blank\">neu angelegten Barfusspfad<\/a><\/strong> (parallel zum Hauptweg am Teufelssteg).<\/p>\n\n\n\n<p>Danach ging es weiter vorbei am Kraftwerk H\u00f6llental mit Font\u00e4ne nach Blechschmidtenhammer (<strong><a href=\"https:\/\/www.frankenwald-tourismus.de\/de\/poi\/detail\/595246b4975a970fefb3b745\" target=\"_blank\" rel=\"noreferrer noopener\" aria-label=\" (\u00f6ffnet in neuem Tab)\">Naturpark-Infozentrum &#8211; am alten Bahnhof<\/a><\/strong>). Hier erwartete uns bereits unser Versorgungsfahrzeug zum zweiten Mal.<\/p>\n\n\n\n<p>Von dort aus wanderten wir \u00fcber die \u201cEichensteiner Treppen\u201c mit Blick auf den Hirschsprung-Felsen zum Aussichtspunkt &#8222;K\u00f6nig David&#8220; , wo unser Gruppenbild entstand. <\/p>\n\n\n\n<ul class=\"wp-block-gallery columns-2 is-cropped wp-block-gallery-2 is-layout-flex wp-block-gallery-is-layout-flex\"><li class=\"blocks-gallery-item\"><figure><a href=\"https:\/\/www.ffw-berg.de\/wordpress\/wp-content\/uploads\/2019\/06\/himmelfahrt2019_5-1080x608.jpg\"><img loading=\"lazy\" decoding=\"async\" width=\"1080\" height=\"608\" src=\"https:\/\/www.ffw-berg.de\/wordpress\/wp-content\/uploads\/2019\/06\/himmelfahrt2019_5-1080x608.jpg\" alt=\"himmelfahrt2019_5\" data-id=\"214890\" data-link=\"https:\/\/www.ffw-berg.de\/wordpress\/himmelfahrt2019_5\/\" class=\"wp-image-214890\" srcset=\"https:\/\/www.ffw-berg.de\/wordpress\/wp-content\/uploads\/2019\/06\/himmelfahrt2019_5-1080x608.jpg 1080w, https:\/\/www.ffw-berg.de\/wordpress\/wp-content\/uploads\/2019\/06\/himmelfahrt2019_5-120x68.jpg 120w, https:\/\/www.ffw-berg.de\/wordpress\/wp-content\/uploads\/2019\/06\/himmelfahrt2019_5-300x169.jpg 300w, https:\/\/www.ffw-berg.de\/wordpress\/wp-content\/uploads\/2019\/06\/himmelfahrt2019_5-768x432.jpg 768w, https:\/\/www.ffw-berg.de\/wordpress\/wp-content\/uploads\/2019\/06\/himmelfahrt2019_5-678x381.jpg 678w, https:\/\/www.ffw-berg.de\/wordpress\/wp-content\/uploads\/2019\/06\/himmelfahrt2019_5.jpg 1920w\" sizes=\"auto, (max-width: 1080px) 100vw, 1080px\" \/><\/a><figcaption>Durch das H\u00f6llental<\/figcaption><\/figure><\/li><li class=\"blocks-gallery-item\"><figure><a href=\"https:\/\/www.ffw-berg.de\/wordpress\/wp-content\/uploads\/2019\/06\/himmelfahrt2019_8-1080x608.jpg\"><img loading=\"lazy\" decoding=\"async\" width=\"1080\" height=\"608\" src=\"https:\/\/www.ffw-berg.de\/wordpress\/wp-content\/uploads\/2019\/06\/himmelfahrt2019_8-1080x608.jpg\" alt=\"himmelfahrt2019_8\" data-id=\"214898\" data-link=\"https:\/\/www.ffw-berg.de\/wordpress\/himmelfahrt2019_8\/\" class=\"wp-image-214898\" srcset=\"https:\/\/www.ffw-berg.de\/wordpress\/wp-content\/uploads\/2019\/06\/himmelfahrt2019_8-1080x608.jpg 1080w, https:\/\/www.ffw-berg.de\/wordpress\/wp-content\/uploads\/2019\/06\/himmelfahrt2019_8-120x68.jpg 120w, https:\/\/www.ffw-berg.de\/wordpress\/wp-content\/uploads\/2019\/06\/himmelfahrt2019_8-300x169.jpg 300w, https:\/\/www.ffw-berg.de\/wordpress\/wp-content\/uploads\/2019\/06\/himmelfahrt2019_8-768x432.jpg 768w, https:\/\/www.ffw-berg.de\/wordpress\/wp-content\/uploads\/2019\/06\/himmelfahrt2019_8-678x381.jpg 678w, https:\/\/www.ffw-berg.de\/wordpress\/wp-content\/uploads\/2019\/06\/himmelfahrt2019_8.jpg 1920w\" sizes=\"auto, (max-width: 1080px) 100vw, 1080px\" \/><\/a><figcaption>Alte Br\u00fccke der H\u00f6llentalbahn<\/figcaption><\/figure><\/li><li class=\"blocks-gallery-item\"><figure><a href=\"https:\/\/www.ffw-berg.de\/wordpress\/wp-content\/uploads\/2019\/06\/himmelfahrt2019_10-1080x608.jpg\"><img loading=\"lazy\" decoding=\"async\" width=\"1080\" height=\"608\" src=\"https:\/\/www.ffw-berg.de\/wordpress\/wp-content\/uploads\/2019\/06\/himmelfahrt2019_10-1080x608.jpg\" alt=\"himmelfahrt2019_10\" data-id=\"214891\" data-link=\"https:\/\/www.ffw-berg.de\/wordpress\/himmelfahrt2019_10\/\" class=\"wp-image-214891\" srcset=\"https:\/\/www.ffw-berg.de\/wordpress\/wp-content\/uploads\/2019\/06\/himmelfahrt2019_10-1080x608.jpg 1080w, https:\/\/www.ffw-berg.de\/wordpress\/wp-content\/uploads\/2019\/06\/himmelfahrt2019_10-120x68.jpg 120w, https:\/\/www.ffw-berg.de\/wordpress\/wp-content\/uploads\/2019\/06\/himmelfahrt2019_10-300x169.jpg 300w, https:\/\/www.ffw-berg.de\/wordpress\/wp-content\/uploads\/2019\/06\/himmelfahrt2019_10-768x432.jpg 768w, https:\/\/www.ffw-berg.de\/wordpress\/wp-content\/uploads\/2019\/06\/himmelfahrt2019_10-678x381.jpg 678w, https:\/\/www.ffw-berg.de\/wordpress\/wp-content\/uploads\/2019\/06\/himmelfahrt2019_10.jpg 1915w\" sizes=\"auto, (max-width: 1080px) 100vw, 1080px\" \/><\/a><figcaption>Kraftwerk H\u00f6llental<\/figcaption><\/figure><\/li><li class=\"blocks-gallery-item\"><figure><a href=\"https:\/\/www.ffw-berg.de\/wordpress\/wp-content\/uploads\/2019\/06\/himmelfahrt2019_12-1080x608.jpg\"><img loading=\"lazy\" decoding=\"async\" width=\"1080\" height=\"608\" src=\"https:\/\/www.ffw-berg.de\/wordpress\/wp-content\/uploads\/2019\/06\/himmelfahrt2019_12-1080x608.jpg\" alt=\"himmelfahrt2019_12\" data-id=\"214892\" data-link=\"https:\/\/www.ffw-berg.de\/wordpress\/himmelfahrt2019_12\/\" class=\"wp-image-214892\" srcset=\"https:\/\/www.ffw-berg.de\/wordpress\/wp-content\/uploads\/2019\/06\/himmelfahrt2019_12-1080x608.jpg 1080w, https:\/\/www.ffw-berg.de\/wordpress\/wp-content\/uploads\/2019\/06\/himmelfahrt2019_12-120x68.jpg 120w, https:\/\/www.ffw-berg.de\/wordpress\/wp-content\/uploads\/2019\/06\/himmelfahrt2019_12-300x169.jpg 300w, https:\/\/www.ffw-berg.de\/wordpress\/wp-content\/uploads\/2019\/06\/himmelfahrt2019_12-768x432.jpg 768w, https:\/\/www.ffw-berg.de\/wordpress\/wp-content\/uploads\/2019\/06\/himmelfahrt2019_12-678x381.jpg 678w, https:\/\/www.ffw-berg.de\/wordpress\/wp-content\/uploads\/2019\/06\/himmelfahrt2019_12.jpg 1440w\" sizes=\"auto, (max-width: 1080px) 100vw, 1080px\" \/><\/a><figcaption>Blick auf den Hirschsprung<\/figcaption><\/figure><\/li><li class=\"blocks-gallery-item\"><figure><a href=\"https:\/\/www.ffw-berg.de\/wordpress\/wp-content\/uploads\/2019\/06\/himmelfahrt2019_19-1080x608.jpg\"><img loading=\"lazy\" decoding=\"async\" width=\"1080\" height=\"608\" src=\"https:\/\/www.ffw-berg.de\/wordpress\/wp-content\/uploads\/2019\/06\/himmelfahrt2019_19-1080x608.jpg\" alt=\"himmelfahrt2019_19\" data-id=\"214899\" data-link=\"https:\/\/www.ffw-berg.de\/wordpress\/himmelfahrt2019_19\/\" class=\"wp-image-214899\" srcset=\"https:\/\/www.ffw-berg.de\/wordpress\/wp-content\/uploads\/2019\/06\/himmelfahrt2019_19-1080x608.jpg 1080w, https:\/\/www.ffw-berg.de\/wordpress\/wp-content\/uploads\/2019\/06\/himmelfahrt2019_19-120x68.jpg 120w, https:\/\/www.ffw-berg.de\/wordpress\/wp-content\/uploads\/2019\/06\/himmelfahrt2019_19-300x169.jpg 300w, https:\/\/www.ffw-berg.de\/wordpress\/wp-content\/uploads\/2019\/06\/himmelfahrt2019_19-768x432.jpg 768w, https:\/\/www.ffw-berg.de\/wordpress\/wp-content\/uploads\/2019\/06\/himmelfahrt2019_19-678x381.jpg 678w, https:\/\/www.ffw-berg.de\/wordpress\/wp-content\/uploads\/2019\/06\/himmelfahrt2019_19.jpg 1920w\" sizes=\"auto, (max-width: 1080px) 100vw, 1080px\" \/><\/a><figcaption>Aussichtspunkt &#8222;K\u00f6nig David&#8220;<\/figcaption><\/figure><\/li><\/ul>\n\n\n\n<p>Unserer Mittagseinkehr lag vom Aussichtspunkt nur 15 Minuten entfernt in  Eichenstein beim <a rel=\"noreferrer noopener\" aria-label=\"Gasthaus &quot;Zum Hirschsprung&quot; (\u00f6ffnet in neuem Tab)\" href=\"https:\/\/www.yelp.de\/biz\/zum-hirschsprung-issigau\" target=\"_blank\"><strong>Gasthaus &#8222;Zum Hirschsprung<\/strong>&#8222;<\/a>. Immer wieder einen Besuch wert!<\/p>\n\n\n\n<p>Nach dieser St\u00e4rkung wanderten wir weiter \u00fcber Issigau nach Reitzenstein, wo wir kurz im dortigen Biergarten des Gasthauses &#8222;Zum K\u00fchlen Grund&#8220; einkehrten. \u00dcber Mohrenhaus (Steinb\u00fchl) liefen wir weiter nach Hadermannsgr\u00fcn. Am Ortseingang erwartete uns zum letzten Mal unsere Versorgungseinheit. Dann ging es zur\u00fcck nach Berg ans Ger\u00e4tehaus, wo wir diesen herrlichen Tag beim Abschlussgrillen ausklingen lie\u00dfen. Hier stie\u00df auch wieder unsere Damengruppe zu uns und auch Kameraden, die an diesem Tag nicht mitwandern konnten, trafen sich zur geselligen Abschlussrunde.<\/p>\n\n\n\n<ul class=\"wp-block-gallery columns-2 is-cropped wp-block-gallery-3 is-layout-flex wp-block-gallery-is-layout-flex\"><li class=\"blocks-gallery-item\"><figure><img loading=\"lazy\" decoding=\"async\" width=\"1080\" height=\"608\" src=\"https:\/\/www.ffw-berg.de\/wordpress\/wp-content\/uploads\/2019\/06\/himmelfahrt2019_22-1080x608.jpg\" alt=\"himmelfahrt2019_22\" data-id=\"214894\" data-link=\"https:\/\/www.ffw-berg.de\/wordpress\/himmelfahrt2019_22\/\" class=\"wp-image-214894\" srcset=\"https:\/\/www.ffw-berg.de\/wordpress\/wp-content\/uploads\/2019\/06\/himmelfahrt2019_22-1080x608.jpg 1080w, https:\/\/www.ffw-berg.de\/wordpress\/wp-content\/uploads\/2019\/06\/himmelfahrt2019_22-120x68.jpg 120w, https:\/\/www.ffw-berg.de\/wordpress\/wp-content\/uploads\/2019\/06\/himmelfahrt2019_22-300x169.jpg 300w, https:\/\/www.ffw-berg.de\/wordpress\/wp-content\/uploads\/2019\/06\/himmelfahrt2019_22-768x432.jpg 768w, https:\/\/www.ffw-berg.de\/wordpress\/wp-content\/uploads\/2019\/06\/himmelfahrt2019_22-678x381.jpg 678w, https:\/\/www.ffw-berg.de\/wordpress\/wp-content\/uploads\/2019\/06\/himmelfahrt2019_22.jpg 1920w\" sizes=\"auto, (max-width: 1080px) 100vw, 1080px\" \/><figcaption>Nach Issigau<\/figcaption><\/figure><\/li><li class=\"blocks-gallery-item\"><figure><img loading=\"lazy\" decoding=\"async\" width=\"1080\" height=\"608\" src=\"https:\/\/www.ffw-berg.de\/wordpress\/wp-content\/uploads\/2019\/06\/himmelfahrt2019_25-1080x608.jpg\" alt=\"himmelfahrt2019_25\" data-id=\"214895\" data-link=\"https:\/\/www.ffw-berg.de\/wordpress\/himmelfahrt2019_25\/\" class=\"wp-image-214895\" srcset=\"https:\/\/www.ffw-berg.de\/wordpress\/wp-content\/uploads\/2019\/06\/himmelfahrt2019_25-1080x608.jpg 1080w, https:\/\/www.ffw-berg.de\/wordpress\/wp-content\/uploads\/2019\/06\/himmelfahrt2019_25-120x68.jpg 120w, https:\/\/www.ffw-berg.de\/wordpress\/wp-content\/uploads\/2019\/06\/himmelfahrt2019_25-300x169.jpg 300w, https:\/\/www.ffw-berg.de\/wordpress\/wp-content\/uploads\/2019\/06\/himmelfahrt2019_25-768x432.jpg 768w, https:\/\/www.ffw-berg.de\/wordpress\/wp-content\/uploads\/2019\/06\/himmelfahrt2019_25-678x381.jpg 678w, https:\/\/www.ffw-berg.de\/wordpress\/wp-content\/uploads\/2019\/06\/himmelfahrt2019_25.jpg 1920w\" sizes=\"auto, (max-width: 1080px) 100vw, 1080px\" \/><figcaption>Zwischen Reitzenstein und Hadermannsgr\u00fcn<\/figcaption><\/figure><\/li><\/ul>\n\n\n\n<p>Wir bedanken uns bei allen Teilnehmern und vor allem bei unseren Versorgungsteam, dass uns hervorragend auf der Strecke betreute. Fotos: Maximilian Schaller<\/p>\n\n\n\n<h4 class=\"wp-block-heading\" style=\"text-align:center\">Alle Bilder in unserem Album bei<\/h4>\n\n\n\n<figure class=\"wp-block-embed is-type-rich is-provider-google-photos\"><div class=\"wp-block-embed__wrapper\">\n<blockquote class=\"embedly-card\" data-card-controls=\"0\" data-card-align=\"center\" data-card-theme=\"light\"><h4><a href=\"https:\/\/photos.app.goo.gl\/QkWpKhmUVMwNjkEK6\">No Title<\/a><\/h4><p>No Description<\/p><\/blockquote><script async src=\"\/\/cdn.embedly.com\/widgets\/platform.js\" charset=\"UTF-8\"><\/script>\n<\/div><\/figure>\n","protected":false},"excerpt":{"rendered":"<div class=\"mh-excerpt\">Bei Kaiserwetter f\u00fchrte unser Weg etwa 18 km von Marxgr\u00fcn durchs H\u00f6llental, Blechschmidtenhammer, Eichenstein, Issigau, Reitzenstein und Hadermannsgr\u00fcn nach Berg ans Ger\u00e4tehaus, wo unser Abschlussgrillen stattfand.<\/div>\n<p> <a class=\"mh-excerpt-more\" href=\"https:\/\/www.ffw-berg.de\/wordpress\/unser-himmelfahrtsmarsch-2019\/\" title=\"Unser Himmelfahrtsmarsch 2019\">[  Mehr &gt;&gt; ]<\/a><\/p>\n","protected":false},"author":2,"featured_media":214899,"comment_status":"closed","ping_status":"open","sticky":false,"template":"","format":"standard","meta":{"footnotes":""},"categories":[18,5],"tags":[90,210,452,485,502,988,989,990,991,992,993],"class_list":{"0":"post-214866","1":"post","2":"type-post","3":"status-publish","4":"format-standard","5":"has-post-thumbnail","7":"category-himmelfahrt","8":"category-verein","9":"tag-issigau","10":"tag-berg-ortsgebiet","11":"tag-hadermannsgruen","12":"tag-marxgruen","13":"tag-reitzenstein","14":"tag-hoellental","15":"tag-blechschiedenhammer","16":"tag-hirschsprung","17":"tag-koenig-david","18":"tag-eichenstein","19":"tag-vatertag2019"},"_links":{"self":[{"href":"https:\/\/www.ffw-berg.de\/wordpress\/wp-json\/wp\/v2\/posts\/214866","targetHints":{"allow":["GET"]}}],"collection":[{"href":"https:\/\/www.ffw-berg.de\/wordpress\/wp-json\/wp\/v2\/posts"}],"about":[{"href":"https:\/\/www.ffw-berg.de\/wordpress\/wp-json\/wp\/v2\/types\/post"}],"author":[{"embeddable":true,"href":"https:\/\/www.ffw-berg.de\/wordpress\/wp-json\/wp\/v2\/users\/2"}],"replies":[{"embeddable":true,"href":"https:\/\/www.ffw-berg.de\/wordpress\/wp-json\/wp\/v2\/comments?post=214866"}],"version-history":[{"count":0,"href":"https:\/\/www.ffw-berg.de\/wordpress\/wp-json\/wp\/v2\/posts\/214866\/revisions"}],"wp:featuredmedia":[{"embeddable":true,"href":"https:\/\/www.ffw-berg.de\/wordpress\/wp-json\/wp\/v2\/media\/214899"}],"wp:attachment":[{"href":"https:\/\/www.ffw-berg.de\/wordpress\/wp-json\/wp\/v2\/media?parent=214866"}],"wp:term":[{"taxonomy":"category","embeddable":true,"href":"https:\/\/www.ffw-berg.de\/wordpress\/wp-json\/wp\/v2\/categories?post=214866"},{"taxonomy":"post_tag","embeddable":true,"href":"https:\/\/www.ffw-berg.de\/wordpress\/wp-json\/wp\/v2\/tags?post=214866"}],"curies":[{"name":"wp","href":"https:\/\/api.w.org\/{rel}","templated":true}]}}