{"id":214881,"date":"2019-06-03T11:32:25","date_gmt":"2019-06-03T09:32:25","guid":{"rendered":"https:\/\/www.ffw-berg.de\/wordpress\/?p=214881"},"modified":"2019-12-31T22:34:27","modified_gmt":"2019-12-31T21:34:27","slug":"einsatz-vom-03-06-19-vu-mit-pkw","status":"publish","type":"post","link":"https:\/\/www.ffw-berg.de\/wordpress\/einsatz-vom-03-06-19-vu-mit-pkw\/","title":{"rendered":"Einsatz vom 03.06.19 &#8211; VU mit PKW"},"content":{"rendered":"\n<div class=\"wp-block-columns has-2-columns is-layout-flex wp-container-core-columns-is-layout-9d6595d7 wp-block-columns-is-layout-flex\">\n<div class=\"wp-block-column is-layout-flow wp-block-column-is-layout-flow\">\n<p style=\"color:#800000\" class=\"has-text-color\"><strong>Nr.:<\/strong><\/p>\n\n\n\n<p style=\"color:#800000\" class=\"has-text-color\"><strong>Alarmzeit:<\/strong><\/p>\n\n\n\n<p style=\"color:#800000\" class=\"has-text-color\"><strong>Einsatzdauer:<\/strong><\/p>\n\n\n\n<p style=\"color:#800000\" class=\"has-text-color\"><strong>Einsatzort:<\/strong><\/p>\n\n\n\n<p style=\"color:#800000\" class=\"has-text-color\"><strong>Einsatzart:<\/strong><\/p>\n\n\n\n<p style=\"color:#800000\" class=\"has-text-color\"><strong>Eingesetzte Fahrzeuge:<\/strong><\/p>\n\n\n\n<p style=\"color:#800000\" class=\"has-text-color\"><strong>Einsatzmittel:<\/strong><br \/><\/p>\n<\/div>\n\n\n\n<div class=\"wp-block-column is-layout-flow wp-block-column-is-layout-flow\">\n<p>29<\/p>\n\n\n\n<p>11.32 Uhr<\/p>\n\n\n\n<p>1,17 Std.<\/p>\n\n\n\n<p>ST2692 AS Berg BAB 9<\/p>\n\n\n\n<p>THL 3 | VU mit PKW<\/p>\n\n\n\n<p>HLF 20, LF 8\/6, MZF, MTW<\/p>\n\n\n\n<p>Ger\u00e4t zur Verkehrslenkung, \u00d6lbindemittel, Kommunikationsger\u00e4t<br \/><\/p>\n<\/div>\n<\/div>\n\n\n\n<hr class=\"wp-block-separator is-style-wide\"\/>\n\n\n\n<h4 class=\"wp-block-heading\"><strong>Einsatzbericht<\/strong><\/h4>\n\n\n\n<p>Die Feuerwehr Berg wurde zu einem Verkehrsunfall an der Anschlussstelle Berg in Fahrtrichtung Norden alarmiert. <\/p>\n\n\n\n<p>Ein BMW, der auf die BAB 9 abbiegen wollte, \u00fcbersah ein entgegenkommendes Fahrzeug und stie\u00df frontal mit diesem zusammen. Durch die Feuerwehr wurde die Unfallstelle abgesichert, die Fahrbahn gereinigt, Betriebsstoffe gebunden und verkehrslenkende Ma\u00dfnahmen durchgef\u00fchrt.<\/p>\n\n\n\n<h4 class=\"wp-block-heading\" style=\"text-align:center\">Einsatzfotos:<\/h4>\n\n\n\n<ul class=\"wp-block-gallery columns-1 is-cropped wp-block-gallery-1 is-layout-flex wp-block-gallery-is-layout-flex\"><li class=\"blocks-gallery-item\"><figure><a href=\"https:\/\/www.ffw-berg.de\/wordpress\/wp-content\/uploads\/2019\/06\/03-06-19_vu0-1080x608.jpg\"><img loading=\"lazy\" decoding=\"async\" width=\"1080\" height=\"608\" src=\"https:\/\/www.ffw-berg.de\/wordpress\/wp-content\/uploads\/2019\/06\/03-06-19_vu0-1080x608.jpg\" alt=\"03-06-19_vu0\" data-id=\"214872\" data-link=\"https:\/\/www.ffw-berg.de\/wordpress\/03-06-19_vu0\/\" class=\"wp-image-214872\" srcset=\"https:\/\/www.ffw-berg.de\/wordpress\/wp-content\/uploads\/2019\/06\/03-06-19_vu0-1080x608.jpg 1080w, https:\/\/www.ffw-berg.de\/wordpress\/wp-content\/uploads\/2019\/06\/03-06-19_vu0-120x68.jpg 120w, https:\/\/www.ffw-berg.de\/wordpress\/wp-content\/uploads\/2019\/06\/03-06-19_vu0-300x169.jpg 300w, https:\/\/www.ffw-berg.de\/wordpress\/wp-content\/uploads\/2019\/06\/03-06-19_vu0-768x432.jpg 768w, https:\/\/www.ffw-berg.de\/wordpress\/wp-content\/uploads\/2019\/06\/03-06-19_vu0-678x381.jpg 678w, https:\/\/www.ffw-berg.de\/wordpress\/wp-content\/uploads\/2019\/06\/03-06-19_vu0.jpg 1920w\" sizes=\"auto, (max-width: 1080px) 100vw, 1080px\" \/><\/a><\/figure><\/li><li class=\"blocks-gallery-item\"><figure><a href=\"https:\/\/www.ffw-berg.de\/wordpress\/wp-content\/uploads\/2019\/06\/03-06-19_vu1-1080x608.jpg\"><img loading=\"lazy\" decoding=\"async\" width=\"1080\" height=\"608\" src=\"https:\/\/www.ffw-berg.de\/wordpress\/wp-content\/uploads\/2019\/06\/03-06-19_vu1-1080x608.jpg\" alt=\"03-06-19_vu1\" data-id=\"214873\" data-link=\"https:\/\/www.ffw-berg.de\/wordpress\/03-06-19_vu1\/\" class=\"wp-image-214873\" srcset=\"https:\/\/www.ffw-berg.de\/wordpress\/wp-content\/uploads\/2019\/06\/03-06-19_vu1-1080x608.jpg 1080w, https:\/\/www.ffw-berg.de\/wordpress\/wp-content\/uploads\/2019\/06\/03-06-19_vu1-120x68.jpg 120w, https:\/\/www.ffw-berg.de\/wordpress\/wp-content\/uploads\/2019\/06\/03-06-19_vu1-300x169.jpg 300w, https:\/\/www.ffw-berg.de\/wordpress\/wp-content\/uploads\/2019\/06\/03-06-19_vu1-768x432.jpg 768w, https:\/\/www.ffw-berg.de\/wordpress\/wp-content\/uploads\/2019\/06\/03-06-19_vu1-678x381.jpg 678w, https:\/\/www.ffw-berg.de\/wordpress\/wp-content\/uploads\/2019\/06\/03-06-19_vu1.jpg 1920w\" sizes=\"auto, (max-width: 1080px) 100vw, 1080px\" \/><\/a><\/figure><\/li><\/ul>\n","protected":false},"excerpt":{"rendered":"<div class=\"mh-excerpt\">Nr. 29 | Zeit: 11.32 Uhr | ST2692 AS Berg | THL<\/p>\n<p>Eingesetzte Fahrzeuge:<br \/>\nHLF 20, LF 8\/6, MZF, MTW<\/p><\/div>\n<p> <a class=\"mh-excerpt-more\" href=\"https:\/\/www.ffw-berg.de\/wordpress\/einsatz-vom-03-06-19-vu-mit-pkw\/\" title=\"Einsatz vom 03.06.19 &#8211; VU mit PKW\">[  Mehr &gt;&gt; ]<\/a><\/p>\n","protected":false},"author":2,"featured_media":214873,"comment_status":"closed","ping_status":"open","sticky":false,"template":"","format":"standard","meta":{"footnotes":""},"categories":[849],"tags":[82,363,364,147,203,572,706],"class_list":{"0":"post-214881","1":"post","2":"type-post","3":"status-publish","4":"format-standard","5":"has-post-thumbnail","7":"category-einsaetze-2019","8":"tag-lf86","9":"tag-mzf","10":"tag-mtw","11":"tag-kommunikationsmittel","12":"tag-chemische-oelbindemittel","13":"tag-verkehrslenkungsgeraet","14":"tag-hlf-20"},"_links":{"self":[{"href":"https:\/\/www.ffw-berg.de\/wordpress\/wp-json\/wp\/v2\/posts\/214881","targetHints":{"allow":["GET"]}}],"collection":[{"href":"https:\/\/www.ffw-berg.de\/wordpress\/wp-json\/wp\/v2\/posts"}],"about":[{"href":"https:\/\/www.ffw-berg.de\/wordpress\/wp-json\/wp\/v2\/types\/post"}],"author":[{"embeddable":true,"href":"https:\/\/www.ffw-berg.de\/wordpress\/wp-json\/wp\/v2\/users\/2"}],"replies":[{"embeddable":true,"href":"https:\/\/www.ffw-berg.de\/wordpress\/wp-json\/wp\/v2\/comments?post=214881"}],"version-history":[{"count":0,"href":"https:\/\/www.ffw-berg.de\/wordpress\/wp-json\/wp\/v2\/posts\/214881\/revisions"}],"wp:featuredmedia":[{"embeddable":true,"href":"https:\/\/www.ffw-berg.de\/wordpress\/wp-json\/wp\/v2\/media\/214873"}],"wp:attachment":[{"href":"https:\/\/www.ffw-berg.de\/wordpress\/wp-json\/wp\/v2\/media?parent=214881"}],"wp:term":[{"taxonomy":"category","embeddable":true,"href":"https:\/\/www.ffw-berg.de\/wordpress\/wp-json\/wp\/v2\/categories?post=214881"},{"taxonomy":"post_tag","embeddable":true,"href":"https:\/\/www.ffw-berg.de\/wordpress\/wp-json\/wp\/v2\/tags?post=214881"}],"curies":[{"name":"wp","href":"https:\/\/api.w.org\/{rel}","templated":true}]}}