{"id":214916,"date":"2017-06-12T22:00:56","date_gmt":"2017-06-12T20:00:56","guid":{"rendered":"https:\/\/www.ffw-berg.de\/wordpress\/?p=214916"},"modified":"2019-06-16T15:13:16","modified_gmt":"2019-06-16T13:13:16","slug":"unser-hallenfest-2017","status":"publish","type":"post","link":"https:\/\/www.ffw-berg.de\/wordpress\/unser-hallenfest-2017\/","title":{"rendered":"Unser Hallenfest 2017"},"content":{"rendered":"\n<h2 class=\"wp-block-heading\">Sommerwetter beim Hallenfest mit Kuppel-Cup 2017 in Berg<\/h2>\n\n\n\n<p>Ideales Wettkampfwetter begleitete in diesem Jahr unser Hallenfest und die Ausrichtung des 6. Kuppel-Cups 2017.<\/p>\n\n\n\n<figure class=\"wp-block-image\"><img loading=\"lazy\" decoding=\"async\" width=\"700\" height=\"394\" src=\"https:\/\/www.ffw-berg.de\/wordpress\/wp-content\/uploads\/2017\/06\/kuppelcup2017-17-700x394.jpg\" alt=\"\" class=\"wp-image-211291\" srcset=\"https:\/\/www.ffw-berg.de\/wordpress\/wp-content\/uploads\/2017\/06\/kuppelcup2017-17-700x394.jpg 700w, https:\/\/www.ffw-berg.de\/wordpress\/wp-content\/uploads\/2017\/06\/kuppelcup2017-17-120x68.jpg 120w, https:\/\/www.ffw-berg.de\/wordpress\/wp-content\/uploads\/2017\/06\/kuppelcup2017-17-678x381.jpg 678w, https:\/\/www.ffw-berg.de\/wordpress\/wp-content\/uploads\/2017\/06\/kuppelcup2017-17-300x169.jpg 300w, https:\/\/www.ffw-berg.de\/wordpress\/wp-content\/uploads\/2017\/06\/kuppelcup2017-17-768x432.jpg 768w, https:\/\/www.ffw-berg.de\/wordpress\/wp-content\/uploads\/2017\/06\/kuppelcup2017-17.jpg 1600w\" sizes=\"auto, (max-width: 700px) 100vw, 700px\" \/><\/figure>\n\n\n\n<p>Als Sieger des letzten Jahres richtete die FF Berg den  Kuppel-Cup 2017 aus. Unsere Schau\u00fcbung anl\u00e4sslich des Hallenfestes fand wegen der Ausrichtung des Wettkampfes nicht statt.  Stattdessen zog es am Samstag ab 14 Uhr zahlreiche interessierte B\u00fcrger zum Wettkampfplatz hinter dem Ger\u00e4tehaus Berg. Neben den teilnehmenden Feuerwehren mit ihren Fans, brachten auch die Besucher einen gesunden Appetit mit, so dass Leckeres aus der Bratwurstbude, aber auch schon Kaffee und Kuchen sowie jede Menge k\u00fchlende Getr\u00e4nke ihre zahlreichen Abnehmer fanden.  <\/p>\n\n\n\n<figure class=\"wp-block-image\"><img loading=\"lazy\" decoding=\"async\" width=\"700\" height=\"395\" src=\"https:\/\/www.ffw-berg.de\/wordpress\/wp-content\/uploads\/2017\/06\/kuppelcup2017-30-700x395.jpg\" alt=\"\" class=\"wp-image-211296\" srcset=\"https:\/\/www.ffw-berg.de\/wordpress\/wp-content\/uploads\/2017\/06\/kuppelcup2017-30-700x395.jpg 700w, https:\/\/www.ffw-berg.de\/wordpress\/wp-content\/uploads\/2017\/06\/kuppelcup2017-30-120x68.jpg 120w, https:\/\/www.ffw-berg.de\/wordpress\/wp-content\/uploads\/2017\/06\/kuppelcup2017-30-300x169.jpg 300w, https:\/\/www.ffw-berg.de\/wordpress\/wp-content\/uploads\/2017\/06\/kuppelcup2017-30-768x433.jpg 768w, https:\/\/www.ffw-berg.de\/wordpress\/wp-content\/uploads\/2017\/06\/kuppelcup2017-30.jpg 1600w\" sizes=\"auto, (max-width: 700px) 100vw, 700px\" \/><figcaption>Unsere Kuppel-Cup Sieger vor dem neuen MTW, der bereits am Tag zuvor offiziell \u00fcbergeben wurde. <br \/>Von links: KBI Hornfischer, Alexander Egelkraut, Holger Wurzbacher, Thomas Reichstein, Florian Hofmann, Kdt. Martin Wurzbacher und B\u00fcrgermeisterin Patricia Rubner<\/figcaption><\/figure>\n\n\n\n<p>Der offizielle Festbetrieb startete wie immer ab 17 Uhr nach der  Siegerehrung des Kuppel-Cups. Der Sieger hie\u00df auch in diesem Jahr Feuerwehr Berg! Beide Berger Teams entschieden das Turnier f\u00fcr sich und errangen einen Doppelsieg. Bereits danach wurde entschieden, den Kuppelcup in 2018 nicht nochmals auszutragen und stattdessen den Wettbewerb in den Inspektionsbereich I den Kameraden der FF Zedtwitz zu \u00fcbergeben, die ihn auch 2018 ausgerichtet hat.<\/p>\n\n\n\n<p class=\"has-background has-very-light-gray-background-color\">Alle Bilder&nbsp;zum <strong><a rel=\"noreferrer noopener\" aria-label=\" (\u00f6ffnet in neuem Tab)\" href=\"https:\/\/goo.gl\/photos\/ibp462RxtJCzDm4a9\" target=\"_blank\">Kuppel-Cup 2017 in unserem Album bei Google Photos<\/a><\/strong> sowie auf unseren eigenen <strong><a href=\"https:\/\/www.ffw-berg.de\/wordpress\/6-kuppel-cup-2017-berichte-fotos\/\">Berichtsseiten hier.<\/a><\/strong> Den Bericht von der \u00dcbergabe unseres neuen MTW<a href=\"https:\/\/www.ffw-berg.de\/wordpress\/feierliche-uebergabe-mtw-141\/\"><strong> finden Sie hier<\/strong><\/a>.<\/p>\n\n\n\n<p>2017 war auch das Jahr, in dem wir erstmals unseren G\u00e4sten hinter dem Ger\u00e4tehaus einen kleinen Biergarten anboten, der bei den sehr angenehmen Temperaturen bis in die Nacht gerne genutzt wurde.<\/p>\n\n\n\n<ul class=\"wp-block-gallery columns-2 is-cropped wp-block-gallery-1 is-layout-flex wp-block-gallery-is-layout-flex\"><li class=\"blocks-gallery-item\"><figure><img loading=\"lazy\" decoding=\"async\" width=\"1080\" height=\"607\" src=\"https:\/\/www.ffw-berg.de\/wordpress\/wp-content\/uploads\/2019\/06\/kuppelcup2017-151-1080x607.jpg\" alt=\"kuppelcup2017-151\" data-id=\"214922\" data-link=\"https:\/\/www.ffw-berg.de\/wordpress\/kuppelcup2017-151\/\" class=\"wp-image-214922\" srcset=\"https:\/\/www.ffw-berg.de\/wordpress\/wp-content\/uploads\/2019\/06\/kuppelcup2017-151-1080x607.jpg 1080w, https:\/\/www.ffw-berg.de\/wordpress\/wp-content\/uploads\/2019\/06\/kuppelcup2017-151-120x67.jpg 120w, https:\/\/www.ffw-berg.de\/wordpress\/wp-content\/uploads\/2019\/06\/kuppelcup2017-151-300x169.jpg 300w, https:\/\/www.ffw-berg.de\/wordpress\/wp-content\/uploads\/2019\/06\/kuppelcup2017-151-768x432.jpg 768w, https:\/\/www.ffw-berg.de\/wordpress\/wp-content\/uploads\/2019\/06\/kuppelcup2017-151-678x381.jpg 678w, https:\/\/www.ffw-berg.de\/wordpress\/wp-content\/uploads\/2019\/06\/kuppelcup2017-151.jpg 1273w\" sizes=\"auto, (max-width: 1080px) 100vw, 1080px\" \/><figcaption>G\u00e4ste in unserer Halle<\/figcaption><\/figure><\/li><li class=\"blocks-gallery-item\"><figure><img loading=\"lazy\" decoding=\"async\" width=\"1080\" height=\"609\" src=\"https:\/\/www.ffw-berg.de\/wordpress\/wp-content\/uploads\/2019\/06\/kuppelcup2017-32-1080x609.jpg\" alt=\"kuppelcup2017-32\" data-id=\"214920\" data-link=\"https:\/\/www.ffw-berg.de\/wordpress\/kuppelcup2017-32\/\" class=\"wp-image-214920\" srcset=\"https:\/\/www.ffw-berg.de\/wordpress\/wp-content\/uploads\/2019\/06\/kuppelcup2017-32-1080x609.jpg 1080w, https:\/\/www.ffw-berg.de\/wordpress\/wp-content\/uploads\/2019\/06\/kuppelcup2017-32-120x68.jpg 120w, https:\/\/www.ffw-berg.de\/wordpress\/wp-content\/uploads\/2019\/06\/kuppelcup2017-32-300x169.jpg 300w, https:\/\/www.ffw-berg.de\/wordpress\/wp-content\/uploads\/2019\/06\/kuppelcup2017-32-768x433.jpg 768w, https:\/\/www.ffw-berg.de\/wordpress\/wp-content\/uploads\/2019\/06\/kuppelcup2017-32-678x381.jpg 678w, https:\/\/www.ffw-berg.de\/wordpress\/wp-content\/uploads\/2019\/06\/kuppelcup2017-32.jpg 1600w\" sizes=\"auto, (max-width: 1080px) 100vw, 1080px\" \/><figcaption>Profiteam in der Bratwurstbude<\/figcaption><\/figure><\/li><li class=\"blocks-gallery-item\"><figure><img loading=\"lazy\" decoding=\"async\" width=\"1080\" height=\"606\" src=\"https:\/\/www.ffw-berg.de\/wordpress\/wp-content\/uploads\/2019\/06\/kuppelcup2017-34-1080x606.jpg\" alt=\"kuppelcup2017-34\" data-id=\"214921\" data-link=\"https:\/\/www.ffw-berg.de\/wordpress\/kuppelcup2017-34\/\" class=\"wp-image-214921\" srcset=\"https:\/\/www.ffw-berg.de\/wordpress\/wp-content\/uploads\/2019\/06\/kuppelcup2017-34-1080x606.jpg 1080w, https:\/\/www.ffw-berg.de\/wordpress\/wp-content\/uploads\/2019\/06\/kuppelcup2017-34-120x67.jpg 120w, https:\/\/www.ffw-berg.de\/wordpress\/wp-content\/uploads\/2019\/06\/kuppelcup2017-34-300x168.jpg 300w, https:\/\/www.ffw-berg.de\/wordpress\/wp-content\/uploads\/2019\/06\/kuppelcup2017-34-768x431.jpg 768w, https:\/\/www.ffw-berg.de\/wordpress\/wp-content\/uploads\/2019\/06\/kuppelcup2017-34-678x381.jpg 678w, https:\/\/www.ffw-berg.de\/wordpress\/wp-content\/uploads\/2019\/06\/kuppelcup2017-34.jpg 1213w\" sizes=\"auto, (max-width: 1080px) 100vw, 1080px\" \/><figcaption>Neu &#8211; Unser Biergarten<\/figcaption><\/figure><\/li><\/ul>\n\n\n\n<p>Am Sonntag startete der zweite Festtag mit dem traditionellen Wei\u00dfwurstfr\u00fchschoppen sowie mit Qu\u00e4rkla und Kaffee und Kuchen und wurde am Nachmittag ab 14 Uhr fortgesetzt. Gegen 22 Uhr konnten wir wieder auf ein ereignisreiches und erfolgreiches Fest zur\u00fcckblicken.<\/p>\n\n\n\n<h4 class=\"wp-block-heading\" style=\"text-align:center\">Alle Bilder vom Hallenfest in unserem Album bei<\/h4>\n\n\n\n<figure class=\"wp-block-embed is-type-rich is-provider-google-photos\"><div class=\"wp-block-embed__wrapper\">\n<blockquote class=\"embedly-card\" data-card-controls=\"0\" data-card-align=\"center\" data-card-theme=\"light\"><h4><a href=\"https:\/\/goo.gl\/photos\/RD6Cm2id5LTBxue59\">No Title<\/a><\/h4><p>No Description<\/p><\/blockquote><script async src=\"\/\/cdn.embedly.com\/widgets\/platform.js\" charset=\"UTF-8\"><\/script>\n<\/div><\/figure>\n","protected":false},"excerpt":{"rendered":"<div class=\"mh-excerpt\">Sommerwetter beim Hallenfest mit Kuppel-Cup 2017 in Berg.<br \/>\nUnsere Schau\u00fcbung anl\u00e4sslich des Hallenfestes fand wegen der Ausrichtung des Wettkampfes nicht statt. Stattdessen zog es am Samstag ab 14 Uhr zahlreiche interessierte B\u00fcrger zum Wettkampfplatz hinter dem Ger\u00e4tehaus Berg.<\/div>\n<p> <a class=\"mh-excerpt-more\" href=\"https:\/\/www.ffw-berg.de\/wordpress\/unser-hallenfest-2017\/\" title=\"Unser Hallenfest 2017\">[  Mehr &gt;&gt; ]<\/a><\/p>\n","protected":false},"author":2,"featured_media":214921,"comment_status":"closed","ping_status":"open","sticky":false,"template":"","format":"standard","meta":{"footnotes":""},"categories":[20],"tags":[626,774,995],"class_list":{"0":"post-214916","1":"post","2":"type-post","3":"status-publish","4":"format-standard","5":"has-post-thumbnail","7":"category-hallenfest","8":"tag-kuppel-cup-2017","9":"tag-mtw-uebergabe","10":"tag-hallenfest-2017"},"_links":{"self":[{"href":"https:\/\/www.ffw-berg.de\/wordpress\/wp-json\/wp\/v2\/posts\/214916","targetHints":{"allow":["GET"]}}],"collection":[{"href":"https:\/\/www.ffw-berg.de\/wordpress\/wp-json\/wp\/v2\/posts"}],"about":[{"href":"https:\/\/www.ffw-berg.de\/wordpress\/wp-json\/wp\/v2\/types\/post"}],"author":[{"embeddable":true,"href":"https:\/\/www.ffw-berg.de\/wordpress\/wp-json\/wp\/v2\/users\/2"}],"replies":[{"embeddable":true,"href":"https:\/\/www.ffw-berg.de\/wordpress\/wp-json\/wp\/v2\/comments?post=214916"}],"version-history":[{"count":0,"href":"https:\/\/www.ffw-berg.de\/wordpress\/wp-json\/wp\/v2\/posts\/214916\/revisions"}],"wp:featuredmedia":[{"embeddable":true,"href":"https:\/\/www.ffw-berg.de\/wordpress\/wp-json\/wp\/v2\/media\/214921"}],"wp:attachment":[{"href":"https:\/\/www.ffw-berg.de\/wordpress\/wp-json\/wp\/v2\/media?parent=214916"}],"wp:term":[{"taxonomy":"category","embeddable":true,"href":"https:\/\/www.ffw-berg.de\/wordpress\/wp-json\/wp\/v2\/categories?post=214916"},{"taxonomy":"post_tag","embeddable":true,"href":"https:\/\/www.ffw-berg.de\/wordpress\/wp-json\/wp\/v2\/tags?post=214916"}],"curies":[{"name":"wp","href":"https:\/\/api.w.org\/{rel}","templated":true}]}}