{"id":215035,"date":"2019-06-15T16:15:07","date_gmt":"2019-06-15T14:15:07","guid":{"rendered":"https:\/\/www.ffw-berg.de\/wordpress\/?p=215035"},"modified":"2026-02-24T12:35:35","modified_gmt":"2026-02-24T11:35:35","slug":"schauuebung-2019","status":"publish","type":"post","link":"https:\/\/www.ffw-berg.de\/wordpress\/schauuebung-2019\/","title":{"rendered":"Schau\u00fcbung 2019"},"content":{"rendered":"\n<h2 class=\"wp-block-heading\">600 m F\u00f6rderstrecke | Vermisstensuche unter PA<\/h2>\n\n\n\n<p>Allj\u00e4hrlich zu unserem Hallenfest-Wochenende, fand unsere Schau\u00fcbung als Auftakt statt. Diesmal auf dem Gel\u00e4nde der alten Schreinerei Ebert im Schlegelweg in Berg.<\/p>\n\n\n\n<p>Die Alarmierung f\u00fcr die FF Berg sowie unsere Nachbarwehren im Berger Winkel erfolgte p\u00fcnktlich um 15.30 Uhr und am Objekt hatten sich bereits bei bestem Wetter zahlreiche, interessierte B\u00fcrger eingefunden.<\/p>\n\n\n\n<p>Lage:<br \/>In eine alten Schreinerei wurde ein Brand gemeldet mit 4 vermissten Personen<\/p>\n\n\n\n<figure class=\"wp-block-image\"><img loading=\"lazy\" decoding=\"async\" width=\"1080\" height=\"601\" src=\"https:\/\/www.ffw-berg.de\/wordpress\/wp-content\/uploads\/2019\/06\/schauuebung2019_12-1080x601.jpg\" alt=\"schauuebung2019_12\" class=\"wp-image-215038\" srcset=\"https:\/\/www.ffw-berg.de\/wordpress\/wp-content\/uploads\/2019\/06\/schauuebung2019_12-1080x601.jpg 1080w, https:\/\/www.ffw-berg.de\/wordpress\/wp-content\/uploads\/2019\/06\/schauuebung2019_12-120x67.jpg 120w, https:\/\/www.ffw-berg.de\/wordpress\/wp-content\/uploads\/2019\/06\/schauuebung2019_12-300x167.jpg 300w, https:\/\/www.ffw-berg.de\/wordpress\/wp-content\/uploads\/2019\/06\/schauuebung2019_12-768x428.jpg 768w, https:\/\/www.ffw-berg.de\/wordpress\/wp-content\/uploads\/2019\/06\/schauuebung2019_12.jpg 1940w\" sizes=\"auto, (max-width: 1080px) 100vw, 1080px\" \/><\/figure>\n\n\n\n<p>Nach Eintreffen am Objekt wurde die Situation durch Erkundungstrupps auch unter PA aufgekl\u00e4rt.<br \/>W\u00e4hrenddessen wurden zur Brandbek\u00e4mpfung erste Schlauchleitungen verlegt, die mit Wasser aus&nbsp;Fahrzeugl\u00f6schwasserbeh\u00e4ltern, einem Hydranten sowie zweier L\u00f6schwasserbeh\u00e4lter in der Ortsmitte Berg und dem Gewerbegebiet gespeist wurden.&nbsp;F\u00fcr letztere musste eine knapp 600m lange F\u00f6rderstrecke mit mehreren Verst\u00e4rkerpumpen verlegt werden.<\/p>\n\n\n\n<figure class=\"wp-block-image\"><img loading=\"lazy\" decoding=\"async\" width=\"1080\" height=\"601\" src=\"https:\/\/www.ffw-berg.de\/wordpress\/wp-content\/uploads\/2019\/06\/schauuebung2019_53-1080x601.jpg\" alt=\"schauuebung2019_53\" class=\"wp-image-215042\" srcset=\"https:\/\/www.ffw-berg.de\/wordpress\/wp-content\/uploads\/2019\/06\/schauuebung2019_53-1080x601.jpg 1080w, https:\/\/www.ffw-berg.de\/wordpress\/wp-content\/uploads\/2019\/06\/schauuebung2019_53-120x67.jpg 120w, https:\/\/www.ffw-berg.de\/wordpress\/wp-content\/uploads\/2019\/06\/schauuebung2019_53-300x167.jpg 300w, https:\/\/www.ffw-berg.de\/wordpress\/wp-content\/uploads\/2019\/06\/schauuebung2019_53-768x428.jpg 768w, https:\/\/www.ffw-berg.de\/wordpress\/wp-content\/uploads\/2019\/06\/schauuebung2019_53.jpg 1940w\" sizes=\"auto, (max-width: 1080px) 100vw, 1080px\" \/><\/figure>\n\n\n\n<p>Neben der Brandbek\u00e4mpfung mit&nbsp;mehreren C-Rohren sowie Wasserwerfern, wurden benachbarte Geb\u00e4ude zum Schutz gek\u00fchlt.<\/p>\n\n\n\n<ul class=\"wp-block-gallery columns-1 is-cropped wp-block-gallery-1 is-layout-flex wp-block-gallery-is-layout-flex\"><li class=\"blocks-gallery-item\"><figure><img loading=\"lazy\" decoding=\"async\" width=\"1080\" height=\"601\" src=\"https:\/\/www.ffw-berg.de\/wordpress\/wp-content\/uploads\/2019\/06\/schauuebung2019_79-1080x601.jpg\" alt=\"schauuebung2019_79\" data-id=\"215047\" data-link=\"https:\/\/www.ffw-berg.de\/wordpress\/schauuebung2019_79\/\" class=\"wp-image-215047\" srcset=\"https:\/\/www.ffw-berg.de\/wordpress\/wp-content\/uploads\/2019\/06\/schauuebung2019_79-1080x601.jpg 1080w, https:\/\/www.ffw-berg.de\/wordpress\/wp-content\/uploads\/2019\/06\/schauuebung2019_79-120x67.jpg 120w, https:\/\/www.ffw-berg.de\/wordpress\/wp-content\/uploads\/2019\/06\/schauuebung2019_79-300x167.jpg 300w, https:\/\/www.ffw-berg.de\/wordpress\/wp-content\/uploads\/2019\/06\/schauuebung2019_79-768x427.jpg 768w, https:\/\/www.ffw-berg.de\/wordpress\/wp-content\/uploads\/2019\/06\/schauuebung2019_79.jpg 1930w\" sizes=\"auto, (max-width: 1080px) 100vw, 1080px\" \/><\/figure><\/li><li class=\"blocks-gallery-item\"><figure><img loading=\"lazy\" decoding=\"async\" width=\"1080\" height=\"601\" src=\"https:\/\/www.ffw-berg.de\/wordpress\/wp-content\/uploads\/2019\/06\/schauuebung2019_73-1080x601.jpg\" alt=\"schauuebung2019_73\" data-id=\"215045\" data-link=\"https:\/\/www.ffw-berg.de\/wordpress\/schauuebung2019_73\/\" class=\"wp-image-215045\" srcset=\"https:\/\/www.ffw-berg.de\/wordpress\/wp-content\/uploads\/2019\/06\/schauuebung2019_73-1080x601.jpg 1080w, https:\/\/www.ffw-berg.de\/wordpress\/wp-content\/uploads\/2019\/06\/schauuebung2019_73-120x67.jpg 120w, https:\/\/www.ffw-berg.de\/wordpress\/wp-content\/uploads\/2019\/06\/schauuebung2019_73-300x167.jpg 300w, https:\/\/www.ffw-berg.de\/wordpress\/wp-content\/uploads\/2019\/06\/schauuebung2019_73-768x428.jpg 768w, https:\/\/www.ffw-berg.de\/wordpress\/wp-content\/uploads\/2019\/06\/schauuebung2019_73.jpg 1940w\" sizes=\"auto, (max-width: 1080px) 100vw, 1080px\" \/><\/figure><\/li><\/ul>\n\n\n\n<p>Zwischenzeitlich haben sich PA-Trupps ins Innere des Geb\u00e4udes vorgearbeitet, um nach den vermissten Personen zu suchen. Nachdem diese lokalisiert wurden, begannen die Trupps mit der Rettung der Personen. Au\u00dferhalb des Gefahrenbereichs wurden die Geretteten zur weiteren \u00e4rztlichen Versorgung der BRK Bereitschaft Berg \u00fcbergeben.<\/p>\n\n\n\n<ul class=\"wp-block-gallery columns-2 is-cropped wp-block-gallery-2 is-layout-flex wp-block-gallery-is-layout-flex\"><li class=\"blocks-gallery-item\"><figure><img loading=\"lazy\" decoding=\"async\" width=\"1080\" height=\"601\" src=\"https:\/\/www.ffw-berg.de\/wordpress\/wp-content\/uploads\/2019\/06\/schauuebung2019_21-1080x601.jpg\" alt=\"schauuebung2019_21\" data-id=\"215039\" data-link=\"https:\/\/www.ffw-berg.de\/wordpress\/schauuebung2019_21\/\" class=\"wp-image-215039\" srcset=\"https:\/\/www.ffw-berg.de\/wordpress\/wp-content\/uploads\/2019\/06\/schauuebung2019_21-1080x601.jpg 1080w, https:\/\/www.ffw-berg.de\/wordpress\/wp-content\/uploads\/2019\/06\/schauuebung2019_21-120x67.jpg 120w, https:\/\/www.ffw-berg.de\/wordpress\/wp-content\/uploads\/2019\/06\/schauuebung2019_21-300x167.jpg 300w, https:\/\/www.ffw-berg.de\/wordpress\/wp-content\/uploads\/2019\/06\/schauuebung2019_21-768x428.jpg 768w, https:\/\/www.ffw-berg.de\/wordpress\/wp-content\/uploads\/2019\/06\/schauuebung2019_21.jpg 1940w\" sizes=\"auto, (max-width: 1080px) 100vw, 1080px\" \/><\/figure><\/li><li class=\"blocks-gallery-item\"><figure><img loading=\"lazy\" decoding=\"async\" width=\"1080\" height=\"601\" src=\"https:\/\/www.ffw-berg.de\/wordpress\/wp-content\/uploads\/2019\/06\/schauuebung2019_57-1080x601.jpg\" alt=\"schauuebung2019_57\" data-id=\"215043\" data-link=\"https:\/\/www.ffw-berg.de\/wordpress\/schauuebung2019_57\/\" class=\"wp-image-215043\" srcset=\"https:\/\/www.ffw-berg.de\/wordpress\/wp-content\/uploads\/2019\/06\/schauuebung2019_57-1080x601.jpg 1080w, https:\/\/www.ffw-berg.de\/wordpress\/wp-content\/uploads\/2019\/06\/schauuebung2019_57-120x67.jpg 120w, https:\/\/www.ffw-berg.de\/wordpress\/wp-content\/uploads\/2019\/06\/schauuebung2019_57-300x167.jpg 300w, https:\/\/www.ffw-berg.de\/wordpress\/wp-content\/uploads\/2019\/06\/schauuebung2019_57-768x428.jpg 768w, https:\/\/www.ffw-berg.de\/wordpress\/wp-content\/uploads\/2019\/06\/schauuebung2019_57.jpg 1940w\" sizes=\"auto, (max-width: 1080px) 100vw, 1080px\" \/><\/figure><\/li><li class=\"blocks-gallery-item\"><figure><img loading=\"lazy\" decoding=\"async\" width=\"1080\" height=\"601\" src=\"https:\/\/www.ffw-berg.de\/wordpress\/wp-content\/uploads\/2019\/06\/schauuebung2019_38-1080x601.jpg\" alt=\"\" data-id=\"215041\" data-link=\"https:\/\/www.ffw-berg.de\/wordpress\/schauuebung2019_38\/\" class=\"wp-image-215041\" srcset=\"https:\/\/www.ffw-berg.de\/wordpress\/wp-content\/uploads\/2019\/06\/schauuebung2019_38-1080x601.jpg 1080w, https:\/\/www.ffw-berg.de\/wordpress\/wp-content\/uploads\/2019\/06\/schauuebung2019_38-120x67.jpg 120w, https:\/\/www.ffw-berg.de\/wordpress\/wp-content\/uploads\/2019\/06\/schauuebung2019_38-300x167.jpg 300w, https:\/\/www.ffw-berg.de\/wordpress\/wp-content\/uploads\/2019\/06\/schauuebung2019_38-768x428.jpg 768w, https:\/\/www.ffw-berg.de\/wordpress\/wp-content\/uploads\/2019\/06\/schauuebung2019_38.jpg 1940w\" sizes=\"auto, (max-width: 1080px) 100vw, 1080px\" \/><\/figure><\/li><li class=\"blocks-gallery-item\"><figure><img loading=\"lazy\" decoding=\"async\" width=\"1080\" height=\"601\" src=\"https:\/\/www.ffw-berg.de\/wordpress\/wp-content\/uploads\/2019\/06\/schauuebung2019_69-1080x601.jpg\" alt=\"schauuebung2019_69\" data-id=\"215044\" data-link=\"https:\/\/www.ffw-berg.de\/wordpress\/schauuebung2019_69\/\" class=\"wp-image-215044\" srcset=\"https:\/\/www.ffw-berg.de\/wordpress\/wp-content\/uploads\/2019\/06\/schauuebung2019_69-1080x601.jpg 1080w, https:\/\/www.ffw-berg.de\/wordpress\/wp-content\/uploads\/2019\/06\/schauuebung2019_69-120x67.jpg 120w, https:\/\/www.ffw-berg.de\/wordpress\/wp-content\/uploads\/2019\/06\/schauuebung2019_69-300x167.jpg 300w, https:\/\/www.ffw-berg.de\/wordpress\/wp-content\/uploads\/2019\/06\/schauuebung2019_69-768x428.jpg 768w, https:\/\/www.ffw-berg.de\/wordpress\/wp-content\/uploads\/2019\/06\/schauuebung2019_69.jpg 1940w\" sizes=\"auto, (max-width: 1080px) 100vw, 1080px\" \/><\/figure><\/li><li class=\"blocks-gallery-item\"><figure><img loading=\"lazy\" decoding=\"async\" width=\"1080\" height=\"601\" src=\"https:\/\/www.ffw-berg.de\/wordpress\/wp-content\/uploads\/2019\/06\/schauuebung2019_74-1080x601.jpg\" alt=\"schauuebung2019_74\" data-id=\"215046\" data-link=\"https:\/\/www.ffw-berg.de\/wordpress\/schauuebung2019_74\/\" class=\"wp-image-215046\" srcset=\"https:\/\/www.ffw-berg.de\/wordpress\/wp-content\/uploads\/2019\/06\/schauuebung2019_74-1080x601.jpg 1080w, https:\/\/www.ffw-berg.de\/wordpress\/wp-content\/uploads\/2019\/06\/schauuebung2019_74-120x67.jpg 120w, https:\/\/www.ffw-berg.de\/wordpress\/wp-content\/uploads\/2019\/06\/schauuebung2019_74-300x167.jpg 300w, https:\/\/www.ffw-berg.de\/wordpress\/wp-content\/uploads\/2019\/06\/schauuebung2019_74-768x428.jpg 768w, https:\/\/www.ffw-berg.de\/wordpress\/wp-content\/uploads\/2019\/06\/schauuebung2019_74.jpg 1940w\" sizes=\"auto, (max-width: 1080px) 100vw, 1080px\" \/><\/figure><\/li><li class=\"blocks-gallery-item\"><figure><img loading=\"lazy\" decoding=\"async\" width=\"1080\" height=\"601\" src=\"https:\/\/www.ffw-berg.de\/wordpress\/wp-content\/uploads\/2019\/06\/schauuebung2019_35-1080x601.jpg\" alt=\"schauuebung2019_35\" data-id=\"215040\" data-link=\"https:\/\/www.ffw-berg.de\/wordpress\/schauuebung2019_35\/\" class=\"wp-image-215040\" srcset=\"https:\/\/www.ffw-berg.de\/wordpress\/wp-content\/uploads\/2019\/06\/schauuebung2019_35-1080x601.jpg 1080w, https:\/\/www.ffw-berg.de\/wordpress\/wp-content\/uploads\/2019\/06\/schauuebung2019_35-120x67.jpg 120w, https:\/\/www.ffw-berg.de\/wordpress\/wp-content\/uploads\/2019\/06\/schauuebung2019_35-300x167.jpg 300w, https:\/\/www.ffw-berg.de\/wordpress\/wp-content\/uploads\/2019\/06\/schauuebung2019_35-768x428.jpg 768w, https:\/\/www.ffw-berg.de\/wordpress\/wp-content\/uploads\/2019\/06\/schauuebung2019_35.jpg 1940w\" sizes=\"auto, (max-width: 1080px) 100vw, 1080px\" \/><\/figure><\/li><li class=\"blocks-gallery-item\"><figure><img loading=\"lazy\" decoding=\"async\" width=\"1080\" height=\"601\" src=\"https:\/\/www.ffw-berg.de\/wordpress\/wp-content\/uploads\/2019\/06\/schauuebung2019_84-1080x601.jpg\" alt=\"schauuebung2019_84\" data-id=\"215048\" data-link=\"https:\/\/www.ffw-berg.de\/wordpress\/schauuebung2019_84\/\" class=\"wp-image-215048\" srcset=\"https:\/\/www.ffw-berg.de\/wordpress\/wp-content\/uploads\/2019\/06\/schauuebung2019_84-1080x601.jpg 1080w, https:\/\/www.ffw-berg.de\/wordpress\/wp-content\/uploads\/2019\/06\/schauuebung2019_84-120x67.jpg 120w, https:\/\/www.ffw-berg.de\/wordpress\/wp-content\/uploads\/2019\/06\/schauuebung2019_84-300x167.jpg 300w, https:\/\/www.ffw-berg.de\/wordpress\/wp-content\/uploads\/2019\/06\/schauuebung2019_84-768x427.jpg 768w, https:\/\/www.ffw-berg.de\/wordpress\/wp-content\/uploads\/2019\/06\/schauuebung2019_84.jpg 1930w\" sizes=\"auto, (max-width: 1080px) 100vw, 1080px\" \/><\/figure><\/li><\/ul>\n\n\n\n<p>Nach dem Retten der Personen sowie dem L\u00f6schen des Brandes war \u00dcbungsende um&nbsp;16.15 Uhr.<\/p>\n\n\n\n<p>Anschlie\u00dfend trafen sich alle teilnehmenden Wehren im Ger\u00e4tehaus Berg zur Man\u00f6verkritik, die durch Kommandant Martin Wurzbacher&nbsp;und Kreisbrandmeister Hans M\u00fcnzer vorgetragen wurde. Beide lobten die Einsatzkr\u00e4fte f\u00fcr ihr sicheres und routiniertes Handeln w\u00e4hrend der \u00dcbung. Besonders wurde die nahtlose Zusammenarbeit mit der BRK Bereitschaft hervorgehoben.<\/p>\n\n\n\n<p>Danach begr\u00fc\u00dfte B\u00fcrgermeisterin Patricia Rubner die Anwesenden, bedankte sich f\u00fcr das ehrenamtliche Engagement und den professionellen Verlauf der \u00dcbung und w\u00fcnschte unserem Hallenfest einen erfolgreichen Verlauf.<\/p>\n\n\n\n<p class=\"has-small-font-size\">An Sebastian Estorf besten Dank f\u00fcr die Fotos!<\/p>\n\n\n\n<p style=\"text-align:center\">Unser Bericht zum <strong><a href=\"https:\/\/www.ffw-berg.de\/wordpress\/unser-hallenfest-2019\/\">Hallenfest 2019 hier &gt;<\/a><\/strong><\/p>\n\n\n\n<h4 class=\"wp-block-heading\" style=\"text-align:center\">Alle Bilder in unserem Album bei<\/h4>\n\n\n\n<figure class=\"wp-block-embed is-type-rich is-provider-google-photos\"><div class=\"wp-block-embed__wrapper\">\n<blockquote class=\"embedly-card\" data-card-controls=\"0\" data-card-align=\"center\" data-card-theme=\"light\"><h4><a href=\"https:\/\/photos.app.goo.gl\/kqaFSpbs9pH9EuuT7\">No Title<\/a><\/h4><p>No Description<\/p><\/blockquote><script async src=\"\/\/cdn.embedly.com\/widgets\/platform.js\" charset=\"UTF-8\"><\/script>\n<\/div><\/figure>\n","protected":false},"excerpt":{"rendered":"<div class=\"mh-excerpt\">Lage: In eine alten Schreinerei wurde ein Brand gemeldet mit 4 vermissten Personen. Nach Eintreffen am Objekt wurde die Situation durch Erkundungstrupps auch unter PA aufgekl\u00e4rt. Zur Brandbek\u00e4mpfung wurden  600m F\u00f6rderleitungen verlegt.<\/div>\n<p> <a class=\"mh-excerpt-more\" href=\"https:\/\/www.ffw-berg.de\/wordpress\/schauuebung-2019\/\" title=\"Schau\u00fcbung 2019\">[  Mehr &gt;&gt; ]<\/a><\/p>\n","protected":false},"author":2,"featured_media":215042,"comment_status":"closed","ping_status":"open","sticky":false,"template":"","format":"standard","meta":{"footnotes":""},"categories":[748],"tags":[364,149,196,378,471,475,706,1003,1004,1005],"class_list":{"0":"post-215035","1":"post","2":"type-post","3":"status-publish","4":"format-standard","5":"has-post-thumbnail","7":"category-schauuebung","8":"tag-mtw","9":"tag-lf-86","10":"tag-c-rohre","11":"tag-brk","12":"tag-brk-bereitschaft-berg","13":"tag-pa-trupps","14":"tag-hlf-20","15":"tag-verstaerkerpumpe","16":"tag-vermisste-personen","17":"tag-schau2019"},"_links":{"self":[{"href":"https:\/\/www.ffw-berg.de\/wordpress\/wp-json\/wp\/v2\/posts\/215035","targetHints":{"allow":["GET"]}}],"collection":[{"href":"https:\/\/www.ffw-berg.de\/wordpress\/wp-json\/wp\/v2\/posts"}],"about":[{"href":"https:\/\/www.ffw-berg.de\/wordpress\/wp-json\/wp\/v2\/types\/post"}],"author":[{"embeddable":true,"href":"https:\/\/www.ffw-berg.de\/wordpress\/wp-json\/wp\/v2\/users\/2"}],"replies":[{"embeddable":true,"href":"https:\/\/www.ffw-berg.de\/wordpress\/wp-json\/wp\/v2\/comments?post=215035"}],"version-history":[{"count":0,"href":"https:\/\/www.ffw-berg.de\/wordpress\/wp-json\/wp\/v2\/posts\/215035\/revisions"}],"wp:featuredmedia":[{"embeddable":true,"href":"https:\/\/www.ffw-berg.de\/wordpress\/wp-json\/wp\/v2\/media\/215042"}],"wp:attachment":[{"href":"https:\/\/www.ffw-berg.de\/wordpress\/wp-json\/wp\/v2\/media?parent=215035"}],"wp:term":[{"taxonomy":"category","embeddable":true,"href":"https:\/\/www.ffw-berg.de\/wordpress\/wp-json\/wp\/v2\/categories?post=215035"},{"taxonomy":"post_tag","embeddable":true,"href":"https:\/\/www.ffw-berg.de\/wordpress\/wp-json\/wp\/v2\/tags?post=215035"}],"curies":[{"name":"wp","href":"https:\/\/api.w.org\/{rel}","templated":true}]}}